{"id":53132,"date":"2025-08-17T08:18:07","date_gmt":"2025-08-17T08:18:07","guid":{"rendered":"https:\/\/www.europesays.com\/es\/53132\/"},"modified":"2025-08-17T08:18:07","modified_gmt":"2025-08-17T08:18:07","slug":"despelote-la-animacion-de-netflix-mas-grosera-pero-desternillante-libertad-digital","status":"publish","type":"post","link":"https:\/\/www.europesays.com\/es\/53132\/","title":{"rendered":"&#8216;Despelote&#8217;, la animaci\u00f3n de Netflix m\u00e1s grosera pero desternillante &#8211; Libertad Digital"},"content":{"rendered":"<p><strong>Los Simpson<\/strong> era considerada una <strong>serie de animaci\u00f3n adulta<\/strong> en sus inicios. Una serie que ahora ven todos los ni\u00f1os sin problema porque numerosas series le adelantaron en chistes y tramas adultas. Ah\u00ed tenemos <strong>Padre de familia, Padre made in USA <\/strong>y por supuesto <strong>South Park<\/strong>.<\/p>\n<p>En el cine hemos tenido menos ejemplos de animaci\u00f3n adulta, aunque uno de los m\u00e1s claros recientemente es <strong>La fiesta de las salchichas<\/strong> en donde los alimentos de un supermercado terminaban en una gran org\u00eda. Si nos remontamos un poco m\u00e1s encontramos <strong>Fritz el gato<\/strong> que en 1972 recibi\u00f3 nada menos que clasificaci\u00f3n X en EEUU. Hoy d\u00eda seguramente estar\u00eda sin problema en una plataforma.<\/p>\n<p>Muestra de ello es el estreno en <strong>Netflix<\/strong> este fin de semana de\u200b\u200b\u200b\u200b\u200b\u200b la pel\u00edcula de animaci\u00f3n<strong> Despelote<\/strong>, el t\u00edtulo ya es una declaraci\u00f3n de intenciones. La trama es sencilla: Bull es un <strong>perro callejero<\/strong> que ha sido acogido en una casa y est\u00e1 dando problemas debido a <strong>excesiva lujuria<\/strong>. En una escena est\u00e1 encaramado en la pierna de la abuela mientras se oye c\u00f3mo le gritan \u00bfcu\u00e1ntas veces tengo que repetirte que no te f***** la pierna de la abuela?.<\/p>\n<p><a class=\"fancybox\" href=\"https:\/\/s.libertaddigital.com\/2025\/08\/11\/despelote-nana-final.jpg\" title=\"\" rel=\"nofollow noopener\" target=\"_blank\"><img class=\"l\" data-  style=\"aspect-ratio: 320 \/ 173\" alt=\"despelote-nana-final.jpg\"\/><\/a><\/p>\n<p>&#8216;Despelote&#8217;.<\/p>\n<p>Pero en el fondo Bull es un rom\u00e1ntico, muy en el fondo y a su manera. Est\u00e1 <strong>enamorado de Honey, la lebrel afgana y perra de exhibici\u00f3n<\/strong> que vive en la casa de al lado a la que no para de decirle obscenidades. En el parque, donde <strong>Bull exhibe con orgullo sus nueces ante el resto de perros castrados<\/strong>, conocer\u00e1 a Sterling, un perro de exhibici\u00f3n narcisista que es el elegido para montar a Honey.<\/p>\n<p>Este varapalo, junto a la noticia de que de forma inminente va a ser <strong>esterilizado<\/strong> <strong>y castrado,<\/strong> har\u00e1 que Bull decida vivir una <strong>\u00faltima gran noche al m\u00e1s puro estilo despedida de soltero<\/strong> junto a sus amigos. Una noche loca que les llevar\u00e1 incluso hasta un burdel. La pel\u00edcula es grosera e irreverente, pero tambi\u00e9n muy divertida en los ojos adecuados, los de un adulto. S\u00f3lo me queda darles un \u00faltimo consejo respecto a <strong>Despelote<\/strong>, <strong>revisen los controles parentales de Netflix<\/strong>.<\/p>\n<blockquote>\n<p>T\u00edtulo: Despelote<br \/>G\u00e9nero: Animaci\u00f3n<br \/>Pa\u00eds: Estados Unidos<br \/>A\u00f1o: 2025<br \/>Duraci\u00f3n: 86 minutos<br \/>Direcci\u00f3n: Genndy Tartakovsky<br \/>Reparto: Adam Devine, Kathryn Hahn, Idris Elba<br \/>Fecha de estreno en Espa\u00f1a: 13 de agosto de 2025<br \/>Plataforma: Netflix<\/p>\n<\/blockquote>\n<p>Despelote no es el \u00fanico estreno en streaming de esta semana, los repasamos todos.<\/p>\n<p>Centenario de Jos\u00e9 Sazatornil<\/p>\n<p><a href=\"https:\/\/flixole.com\/\" rel=\"nofollow noreferrer noopener\" target=\"_blank\"><strong>FlixOl\u00e9<\/strong><\/a> celebra este fin de semana el centenario de <strong>Jos\u00e9 Sazatornil<\/strong>. Secundario hist\u00f3rico del cine espa\u00f1ol, particip\u00f3 en m\u00e1s de un centenar de t\u00edtulos como <strong>Amanece que no es poco<\/strong>, El verdugo, Todos a la c\u00e1rcel o Esp\u00e9rame en el cielo. FlixOl\u00e9 ha preparado una colecci\u00f3n especial donde se pueden disfrutar de m\u00e1s de una treintena de t\u00edtulos protagonizados por Jos\u00e9 Sazatornil para homenajear a <strong>uno de los grandes c\u00f3micos de nuestra historia<\/strong>.<\/p>\n<p><a class=\"fancybox\" href=\"https:\/\/s.libertaddigital.com\/2025\/08\/05\/amanece-que-no-es-poco-15.jpg\" title=\"\" rel=\"nofollow noopener\" target=\"_blank\"><img class=\"l\" data-  style=\"aspect-ratio: 16 \/ 9\" alt=\"amanece-que-no-es-poco-15.jpg\"\/><\/a><\/p>\n<p>&#8216;Amanece que no es poco&#8217;.<\/p>\n<p>Protegiendo a la familia<\/p>\n<p><strong>Vanessa Kirby<\/strong>, muy de actualidad por el estreno de Los 4 fant\u00e1sticos, protagoniza <strong>La noche siempre llega <\/strong>que este fin de semana estrena <strong>Netflix<\/strong>. En la pel\u00edcula da vida a Lynette, una mujer que est\u00e1 dispuesta a arriesgarlo todo con tal de asegurar un futuro mejor para ella pero muy especialmente para su hermano. De esta forma, emprende una peligrosa odisea que la enfrenta a los fantasmas de su oscuro pasado.<\/p>\n<blockquote>\n<p>T\u00edtulo: La noche siempre llega<br \/>G\u00e9nero: Drama, Suspense<br \/>Pa\u00eds: Reino Unido<br \/>A\u00f1o: 2025<br \/>Duraci\u00f3n: 108 minutos<br \/>Direcci\u00f3n: Benjamin Caron<br \/>Reparto: Vanessa Kirby, Randall Park, Jennifer Jason Leigh<br \/>Fecha de estreno en Espa\u00f1a: 15 de agosto de 2025<br \/>Plataforma: Netflix<\/p>\n<\/blockquote>\n<p><a class=\"fancybox\" href=\"https:\/\/s.libertaddigital.com\/2025\/08\/09\/la-noche-siempre-llega-netflix.jpg\" title=\"\" rel=\"nofollow noopener\" target=\"_blank\"><img class=\"l\" data-  style=\"aspect-ratio: 2560 \/ 1707\" alt=\"la-noche-siempre-llega-netflix.jpg\"\/><\/a><\/p>\n<p>&#8216;La noche siempre llega&#8217;.<\/p>\n<p>Comedia indie y animaci\u00f3n musical<\/p>\n<p>Entre el resto de estrenos encontramos <strong>Please Don&#8217;t Destroy: The Treasure of Foggy Mountain <\/strong>en <strong>Movistar Plus+<\/strong>; loca comedia sobre tres amigos que buscan un tesoro; <strong>The People&#8217;s Joker <\/strong>en <strong>Filmin<\/strong>, comedia indie sobre una monologuista trans sumergida en el universo de Batman; y <strong>Snoopy presenta: Un musical veraniego <\/strong>en <strong>Apple TV+<\/strong>, mediometraje musical con Carlitos Brown y sus amigos.<\/p>\n<p><strong>Pincha en el audio<\/strong> para descubrir todos los detalles de las pel\u00edculas.<\/p>\n","protected":false},"excerpt":{"rendered":"Los Simpson era considerada una serie de animaci\u00f3n adulta en sus inicios. Una serie que ahora ven todos&hellip;\n","protected":false},"author":2,"featured_media":53133,"comment_status":"","ping_status":"","sticky":false,"template":"","format":"standard","meta":{"footnotes":""},"categories":[169],"tags":[23340,23341,177,20765,146,147,25,24,176,6827,13736,175,303,1878,152,3889,1601,23],"class_list":{"0":"post-53132","1":"post","2":"type-post","3":"status-publish","4":"format-standard","5":"has-post-thumbnail","7":"category-cine","8":"tag-animacion-adulta","9":"tag-animacion-sexual","10":"tag-cine","11":"tag-despelote","12":"tag-entertainment","13":"tag-entretenimiento","14":"tag-es","15":"tag-espana","16":"tag-film","17":"tag-filmin","18":"tag-flixole","19":"tag-movies","20":"tag-movistar","21":"tag-movistar-plus","22":"tag-netflix","23":"tag-sector-del-cine","24":"tag-sexo","25":"tag-spain"},"share_on_mastodon":{"url":"","error":""},"_links":{"self":[{"href":"https:\/\/www.europesays.com\/es\/wp-json\/wp\/v2\/posts\/53132","targetHints":{"allow":["GET"]}}],"collection":[{"href":"https:\/\/www.europesays.com\/es\/wp-json\/wp\/v2\/posts"}],"about":[{"href":"https:\/\/www.europesays.com\/es\/wp-json\/wp\/v2\/types\/post"}],"author":[{"embeddable":true,"href":"https:\/\/www.europesays.com\/es\/wp-json\/wp\/v2\/users\/2"}],"replies":[{"embeddable":true,"href":"https:\/\/www.europesays.com\/es\/wp-json\/wp\/v2\/comments?post=53132"}],"version-history":[{"count":0,"href":"https:\/\/www.europesays.com\/es\/wp-json\/wp\/v2\/posts\/53132\/revisions"}],"wp:featuredmedia":[{"embeddable":true,"href":"https:\/\/www.europesays.com\/es\/wp-json\/wp\/v2\/media\/53133"}],"wp:attachment":[{"href":"https:\/\/www.europesays.com\/es\/wp-json\/wp\/v2\/media?parent=53132"}],"wp:term":[{"taxonomy":"category","embeddable":true,"href":"https:\/\/www.europesays.com\/es\/wp-json\/wp\/v2\/categories?post=53132"},{"taxonomy":"post_tag","embeddable":true,"href":"https:\/\/www.europesays.com\/es\/wp-json\/wp\/v2\/tags?post=53132"}],"curies":[{"name":"wp","href":"https:\/\/api.w.org\/{rel}","templated":true}]}}