{"id":531559,"date":"2026-05-03T20:44:12","date_gmt":"2026-05-03T20:44:12","guid":{"rendered":"https:\/\/www.europesays.com\/es\/531559\/"},"modified":"2026-05-03T20:44:12","modified_gmt":"2026-05-03T20:44:12","slug":"un-historico-liderado-por-una-joven-joya-el-rival-del-casademont-zaragoza-en-las-semifinales-de-la-liga-femenina-endesa","status":"publish","type":"post","link":"https:\/\/www.europesays.com\/es\/531559\/","title":{"rendered":"Un hist\u00f3rico liderado por una joven joya, el rival del Casademont Zaragoza en las semifinales de la Liga Femenina Endesa"},"content":{"rendered":"<p class=\"ft-text ft-helper-closenews\">Al Casademont Zaragoza<strong> ya solo le separa de la gran final de la Liga Femenina Endesa el Perfumer\u00edas Avenida<\/strong>. El conjunto salmantino, el equipo con m\u00e1s historia del baloncesto espa\u00f1ol, retar\u00e1 a las aragonesas con la prometedora I<strong>yana Martin como l\u00edder de las de Anna Monta\u00f1ana, que pasaron por encima del Jairis (55-72<\/strong>) en el duelo de vuelta de los cuartos de final.<\/p>\n<p class=\"ft-text\">Ten\u00eda que defender el Perfumer\u00edas Avenida la renta de 9 puntos que obtuvo ante las murcianas como local. Se preve\u00eda un duelo en el que el Jairis pudiera so\u00f1ar con la remontada, pero el Avenida domin\u00f3 el choque de principio a fin. <strong>La ida ser\u00e1 el jueves en Salamanca y la vuelta el domingo en el Pr\u00edncipe Felipe. <\/strong><\/p>\n<p data-close=\"closedContent\" class=\"subscribeHideForDisplay\">Suscr\u00edbete para seguir leyendo<\/p>\n","protected":false},"excerpt":{"rendered":"Al Casademont Zaragoza ya solo le separa de la gran final de la Liga Femenina Endesa el Perfumer\u00edas&hellip;\n","protected":false},"author":2,"featured_media":531560,"comment_status":"","ping_status":"","sticky":false,"template":"","format":"standard","meta":{"footnotes":""},"categories":[269],"tags":[299,298,5369,168,25,24,1903,1928,4020,3268,40492,6260,3614,23,167],"class_list":["post-531559","post","type-post","status-publish","format-standard","has-post-thumbnail","category-baloncesto","tag-baloncesto","tag-basketball","tag-casademont-zaragoza","tag-deportes","tag-es","tag-espana","tag-historico","tag-joven","tag-joya","tag-liderado","tag-liga-femenina-endesa","tag-rival","tag-salamanca","tag-spain","tag-sports"],"share_on_mastodon":{"url":"https:\/\/pubeurope.com\/@es\/116512598716695332","error":""},"_links":{"self":[{"href":"https:\/\/www.europesays.com\/es\/wp-json\/wp\/v2\/posts\/531559","targetHints":{"allow":["GET"]}}],"collection":[{"href":"https:\/\/www.europesays.com\/es\/wp-json\/wp\/v2\/posts"}],"about":[{"href":"https:\/\/www.europesays.com\/es\/wp-json\/wp\/v2\/types\/post"}],"author":[{"embeddable":true,"href":"https:\/\/www.europesays.com\/es\/wp-json\/wp\/v2\/users\/2"}],"replies":[{"embeddable":true,"href":"https:\/\/www.europesays.com\/es\/wp-json\/wp\/v2\/comments?post=531559"}],"version-history":[{"count":0,"href":"https:\/\/www.europesays.com\/es\/wp-json\/wp\/v2\/posts\/531559\/revisions"}],"wp:featuredmedia":[{"embeddable":true,"href":"https:\/\/www.europesays.com\/es\/wp-json\/wp\/v2\/media\/531560"}],"wp:attachment":[{"href":"https:\/\/www.europesays.com\/es\/wp-json\/wp\/v2\/media?parent=531559"}],"wp:term":[{"taxonomy":"category","embeddable":true,"href":"https:\/\/www.europesays.com\/es\/wp-json\/wp\/v2\/categories?post=531559"},{"taxonomy":"post_tag","embeddable":true,"href":"https:\/\/www.europesays.com\/es\/wp-json\/wp\/v2\/tags?post=531559"}],"curies":[{"name":"wp","href":"https:\/\/api.w.org\/{rel}","templated":true}]}}