{"id":531584,"date":"2026-05-03T20:58:18","date_gmt":"2026-05-03T20:58:18","guid":{"rendered":"https:\/\/www.europesays.com\/es\/531584\/"},"modified":"2026-05-03T20:58:18","modified_gmt":"2026-05-03T20:58:18","slug":"cortada-la-a-67-entre-arenas-de-iguna-y-los-corrales-de-buelna-por-un-accidente-con-16-vehiculos-implicados","status":"publish","type":"post","link":"https:\/\/www.europesays.com\/es\/531584\/","title":{"rendered":"Cortada la A-67 entre Arenas de Igu\u00f1a y Los Corrales de Buelna por un accidente con 16 veh\u00edculos implicados"},"content":{"rendered":"<p>La autov\u00eda A-67 permanece cortada al tr\u00e1fico en el tramo comprendido entre Arenas de Igu\u00f1a y Los Corrales de Buelna tras registrarse un accidente m\u00faltiple en el que se han visto implicados un total de 16 veh\u00edculos.<\/p>\n<p>El siniestro ha tenido lugar a la altura de la salida sur de Los Corrales de Buelna, entre el t\u00fanel de Gedo y el enlace de salida del municipio, generando importantes retenciones en la zona.<\/p>\n<p>Hasta el lugar se han desplazado efectivos de la Guardia Civil de Tr\u00e1fico, as\u00ed como agentes de la Guardia Civil, personal de mantenimiento de carreteras, bomberos y sanitarios del 061, que est\u00e1n coordinando las labores de atenci\u00f3n y regulaci\u00f3n del tr\u00e1fico.<\/p>\n<p>Seg\u00fan las primeras informaciones, todos los impactos son de car\u00e1cter leve, principalmente da\u00f1os materiales, por lo que no se han registrado heridos de consideraci\u00f3n.<\/p>\n<p>Adem\u00e1s, el accidente est\u00e1 provocando retenciones en sentido Reinosa en la misma A-67 debido al conocido efecto mir\u00f3n, lo que est\u00e1 complicando a\u00fan m\u00e1s la circulaci\u00f3n en ambos sentidos.<\/p>\n<p>Como consecuencia del corte, el tr\u00e1fico est\u00e1 siendo desviado entre Arenas de Igu\u00f1a y Los Corrales de Buelna por la antigua carretera nacional, mientras los servicios de emergencia trabajan para restablecer la normalidad en la v\u00eda lo antes posible.<\/p>\n","protected":false},"excerpt":{"rendered":"La autov\u00eda A-67 permanece cortada al tr\u00e1fico en el tramo comprendido entre Arenas de Igu\u00f1a y Los Corrales&hellip;\n","protected":false},"author":2,"featured_media":531585,"comment_status":"","ping_status":"","sticky":false,"template":"","format":"standard","meta":{"footnotes":""},"categories":[8],"tags":[4205,37640,17,18,33983,9001,20500,25,24,13,14,11,104406,19,20,9,10,15,16,23,12,21,22,10152],"class_list":["post-531584","post","type-post","status-publish","format-standard","has-post-thumbnail","category-espana","tag-accidente","tag-arenas","tag-breaking-news","tag-breakingnews","tag-buelna","tag-corrales","tag-cortada","tag-es","tag-espana","tag-featured-news","tag-featurednews","tag-headlines","tag-iguna","tag-latest-news","tag-latestnews","tag-news","tag-noticias","tag-noticias-destacadas","tag-noticiasdestacadas","tag-spain","tag-titulares","tag-ultimas-noticias","tag-ultimasnoticias","tag-vehiculos"],"share_on_mastodon":{"url":"https:\/\/pubeurope.com\/@es\/116512653859571762","error":""},"_links":{"self":[{"href":"https:\/\/www.europesays.com\/es\/wp-json\/wp\/v2\/posts\/531584","targetHints":{"allow":["GET"]}}],"collection":[{"href":"https:\/\/www.europesays.com\/es\/wp-json\/wp\/v2\/posts"}],"about":[{"href":"https:\/\/www.europesays.com\/es\/wp-json\/wp\/v2\/types\/post"}],"author":[{"embeddable":true,"href":"https:\/\/www.europesays.com\/es\/wp-json\/wp\/v2\/users\/2"}],"replies":[{"embeddable":true,"href":"https:\/\/www.europesays.com\/es\/wp-json\/wp\/v2\/comments?post=531584"}],"version-history":[{"count":0,"href":"https:\/\/www.europesays.com\/es\/wp-json\/wp\/v2\/posts\/531584\/revisions"}],"wp:featuredmedia":[{"embeddable":true,"href":"https:\/\/www.europesays.com\/es\/wp-json\/wp\/v2\/media\/531585"}],"wp:attachment":[{"href":"https:\/\/www.europesays.com\/es\/wp-json\/wp\/v2\/media?parent=531584"}],"wp:term":[{"taxonomy":"category","embeddable":true,"href":"https:\/\/www.europesays.com\/es\/wp-json\/wp\/v2\/categories?post=531584"},{"taxonomy":"post_tag","embeddable":true,"href":"https:\/\/www.europesays.com\/es\/wp-json\/wp\/v2\/tags?post=531584"}],"curies":[{"name":"wp","href":"https:\/\/api.w.org\/{rel}","templated":true}]}}