{"id":53215,"date":"2025-08-17T09:14:12","date_gmt":"2025-08-17T09:14:12","guid":{"rendered":"https:\/\/www.europesays.com\/es\/53215\/"},"modified":"2025-08-17T09:14:12","modified_gmt":"2025-08-17T09:14:12","slug":"juan-ortega-hace-tambalear-el-bibio","status":"publish","type":"post","link":"https:\/\/www.europesays.com\/es\/53215\/","title":{"rendered":"Juan Ortega hace tambalear El Bibio"},"content":{"rendered":"<p><a class=\"v-mdl-ath__fig-a\" href=\"https:\/\/www.elcomercio.es\/autor\/jose-miguel-arruego-6330.html\" title=\"Jos\u00e9 Miguel Arruego\" rel=\"nofollow noopener\" target=\"_blank\"><br \/>\n<img decoding=\"async\" class=\"v-mdl-ath__img\" src=\"https:\/\/www.europesays.com\/es\/wp-content\/uploads\/2025\/08\/autor-6330-foto-1.jpeg\" alt=\"Jos\u00e9 Miguel Arruego\"\/><br \/>\n<\/a><\/p>\n<p class=\"v-mdl-ath__p v-mdl-ath__p--6\">\nS\u00e1bado, 16 de agosto 2025, 23:09<\/p>\n<p>| Actualizado 23:59h.<\/p>\n<p class=\"v-p\">Fue tarde grande, de las que fomentan la afici\u00f3n a este arte. Por el ambiente en los aleda\u00f1os, por los corrillos en torno a las puertas de entrada y por el murmullo una vez dentro del coso, cuyos esca\u00f1os de piedra se llenaron casi en su totalidad. Ven\u00eda la gente con ganas de ver un cap\u00edtulo mas de ese duelo, generado de modo un tanto artificial, entre Morante y Roca Rey, pero despu\u00e9s del desencanto por la forzada ausencia del cigarrero, y de la impotencia por la mala suerte en el sorteo del peruano, emergi\u00f3 la figura de Juan Ortega, que con su toreo l\u00e1nguido y a comp\u00e1s, se llev\u00f3 de calle la tarde, y seguramente, la feria.<\/p>\n<ul class=\"v-u\">\n<li class=\"v-u__l\">\n<p class=\"v-p\">\nLa corrida<br \/>\nCuarto festejo de la Feria de Bego\u00f1a. Lleno. Toros de N\u00fa\u00f1ez del Cuvillo, de preciosas hechuras, entipados, de variado pelaje y noble conducta. El rajado tercero y sobre todo el parado sexto dieron menos opciones.\n<\/p>\n<\/li>\n<li class=\"v-u__l\">\n<p class=\"v-p\">\n1.<br \/>\nFortes, pinchazo y estocada (ovaci\u00f3n tras leve petici\u00f3n); estocada (oreja).\n<\/p>\n<\/li>\n<li class=\"v-u__l\">\n<p class=\"v-p\">\n3.<br \/>\nJuan Ortega, estocada fulminante (dos orejas); dos pinchazos y estocada (ovaci\u00f3n).\n<\/p>\n<\/li>\n<li class=\"v-u__l\">\n<p class=\"v-p\">\n3.<br \/>\nRoca Rey, estocada tendida y dos descabellos (silencio tras aviso); estocada (ovaci\u00f3n).\n<\/p>\n<\/li>\n<\/ul>\n<p class=\"v-p\">Empez\u00f3 la sinfon\u00eda en el segundo, tocadito arriba de pitones, con cuello. Ortega ya se sinti\u00f3 en el saludo y le bord\u00f3 un quite por gaoneras de los antiguos, ech\u00e1ndose el capote a la espalda con medio farol y tray\u00e9ndose el toro toreado en lugar de esconder el trapo en el \u00faltimo momento a modo de recorte. Tuvo calidad el de Cuvillo, dur\u00f3 lo justo, pero lo administr\u00f3 a la perfecci\u00f3n el torero, en una faena descrita al ralent\u00ed, reduciendo la embestida del animal hasta casi detenerla de lo despacio que movi\u00f3 la tela. Suavidad y caricia tambi\u00e9n en los remates y en la \u00fanica serie con la zurda, pues por ah\u00ed el toro pareci\u00f3 desplazarse menos. Lo tir\u00f3 de una estocada sin puntilla y pase\u00f3 las dos orejas <\/p>\n<p class=\"v-p\">Con el casta\u00f1o quinto volvi\u00f3 Ortega a bordarlo. Ya el inicio, por alto, rodilla en tierra, al hilo de las tablas, con el toro repitiendo, fueron palabras mayores. Comenz\u00f3 a sonar &#8216;Caridad de Guadalquivir&#8217;, y bajo sus acordes el sevillano par\u00f3 de nuevo el tiempo en cada embroque. Deslizando el trapo con mimo, casi sin tocar. Ni un desarme inoportuno rompi\u00f3 el ritmo de una faena inmensa. Dos pinchazos antes de la estocada se llevaron las dos orejas pero la ovaci\u00f3n en los medios, por sentida y c\u00e1lida, no es de las que se recogen todos los d\u00edas. <\/p>\n<p class=\"v-p\">Vino Fortes a sustituir a Morante y se encontr\u00f3 por delante un buen toro de Cuvillo, de hechuras y comportamiento. El malague\u00f1o, que ya se luci\u00f3 en un quite por tafalleras, llevando muy toreado al animal, le dispuso luego una faena serena, de muletazos l\u00e1nguidos, muy vertical la figura. Todo descrito con parsimonia, incluso la parte final, por circulares invertidos, ya muy metido en los terrenos del toro. Pinch\u00f3 en una ocasi\u00f3n antes de agarrar una buena estocada, y por esta raz\u00f3n, seguramente, faltaron pa\u00f1uelos en la petici\u00f3n. <\/p>\n<p><a href=\"http:\/\/www.elcomercio.es\/culturas\/feria-begona-gijon-clausura-siempre-usia-20250816235827-nt.html#vtm_modulosEngag=mod-rel:culturas:noticia:1:cmp:1-not\" class=\"v-a-link\" aria-label=\"Imagen\" rel=\"nofollow noopener\" target=\"_blank\"><\/p>\n<p><img decoding=\"async\" loading=\"lazy\" src=\"https:\/\/www.europesays.com\/es\/wp-content\/uploads\/2025\/08\/Manzanares-U40807431812AyQ-366x256@El Comercio.jpg\" class=\"v-a-img\" width=\"258\" height=\"180\" alt=\"\" data-voc-vtm-id=\"in-text-traffic\"\/><\/p>\n<p><\/a><\/p>\n<p>Fortes recogi\u00f3 una oreja<\/p>\n<p class=\"v-p\">M\u00e1s basto el sardo cuarto, que tuvo buena condici\u00f3n aunque a veces le faltara terminar de rebosarse. Tuvo buen dibujo la faena de Fortes, pero faltaba intensidad, y el p\u00fablico no termin\u00f3 de meterse en la obra hasta que, casi en las postrimer\u00edas, el toro le tir\u00f3 un derrote cuando el torero cambiaba por delante el pit\u00f3n y el viaje del animal y del acos\u00f3n le sac\u00f3 el corbat\u00edn. Volvi\u00f3 a la cara del toro, y su obra, igual de recia, igual de apretada, igual de reunida, tuvo entonces m\u00e1s eco. Como adem\u00e1s lo tir\u00f3 sin puntilla acero en mano, recogi\u00f3 una oreja en recompensa <\/p>\n<p class=\"v-p\">Roca Rey estuvo mejor de lo que dice su ficha y de lo que sus &#8216;haters&#8217; nos quieren hacer ver. Porque, a\u00fan con el peor lote, si acierta con el descabello, seguramente hubiera acompa\u00f1ado a Ortega en hombros. Bajo el tercero, recortado, de excelentes hechuras, tuvo calidad, pero despu\u00e9s de un potente inicio de Roca Rey, con dos series muy rotundas sobre la mano derecha, decidi\u00f3 irse a chiqueros. Se fue a buscarlo el peruano, lo cambi\u00f3 de terreno, y dej\u00e1ndole la muleta en la cara lo sujet\u00f3 mientras el animal persegu\u00eda el trapo con ah\u00ednco en otras dos series tambi\u00e9n con la diestra, que por su intensidad y emoci\u00f3n levantaron al p\u00fablico de sus asientos. Tan a gusto estuvo el torero que son\u00f3 un aviso cuando estaba metido entre los pitones. Despu\u00e9s de una estocada que no tuvo el efecto deseado, el descabello acab\u00f3 por disipar el premio. <\/p>\n<p class=\"v-p\">El sexto fue el peor. Muy parado y agarrado al piso, no quiso embestir a pesar del empe\u00f1o de Roca Rey, que lo intent\u00f3 con dedicaci\u00f3n a sabiendas de que all\u00ed el \u00e9xito no era posible. En labor de nulas opciones, el peruano dej\u00f3 la estocada de la tarde, antes de que, con la anochecida, el p\u00fablico asturiano izara en hombros a su nuevo \u00eddolo, que es de Sevilla, y se llama Juan Ortega. <\/p>\n<p>Comenta<\/p>\n<p>Reporta un error<\/p>\n<p class=\"v-crt__t\"> L\u00edmite de sesiones alcanzadas<\/p>\n<p class=\"v-crt__p\">El acceso al contenido Premium est\u00e1 abierto por cortes\u00eda del establecimiento donde te encuentras, pero ahora mismo hay demasiados usuarios conectados a las vez.<\/p>\n<p class=\"v-crt__p\">Por favor, int\u00e9ntalo pasados unos minutos.<\/p>\n<p>\nVolver a intentar\n<\/p>\n<p class=\"v-crt__t\">Sesi\u00f3n cerrada<\/p>\n<p class=\"v-crt__p\">Al iniciar sesi\u00f3n desde un dispositivo distinto, por seguridad, se cerr\u00f3 la \u00faltima sesi\u00f3n en este.<\/p>\n<p class=\"v-crt__p\">Para continuar disfrutando de su suscripci\u00f3n digital, inicie sesi\u00f3n en este dispositivo.<\/p>\n<p>\nEste contenido es exclusivo para suscriptores\n<\/p>\n<p class=\"text\">\u00bfTienes una suscripci\u00f3n? <a href=\"https:\/\/secure.elcomercio.es\/login\/login.html#vca=suscribete&amp;vso=elcomercio&amp;vmc=on&amp;vli=cdn-ce-link-login\" class=\"login\" data-voc-vtm-id=\"comienzoSuscripcionON\" data-voc-vtm-info=\"cdn-ce-link-login\" rel=\"nofollow noopener\" target=\"_blank\">Inicia sesi\u00f3n<\/a><\/p>\n","protected":false},"excerpt":{"rendered":"S\u00e1bado, 16 de agosto 2025, 23:09 | Actualizado 23:59h. Fue tarde grande, de las que fomentan la afici\u00f3n&hellip;\n","protected":false},"author":2,"featured_media":53216,"comment_status":"","ping_status":"","sticky":false,"template":"","format":"standard","meta":{"footnotes":""},"categories":[277],"tags":[5092,373,168,25,24,409,4813,23,167,23371,374],"class_list":{"0":"post-53215","1":"post","2":"type-post","3":"status-publish","4":"format-standard","5":"has-post-thumbnail","7":"category-toreo","8":"tag-bibio","9":"tag-bullfighting","10":"tag-deportes","11":"tag-es","12":"tag-espana","13":"tag-juan","14":"tag-ortega","15":"tag-spain","16":"tag-sports","17":"tag-tambalear","18":"tag-toreo"},"share_on_mastodon":{"url":"","error":""},"_links":{"self":[{"href":"https:\/\/www.europesays.com\/es\/wp-json\/wp\/v2\/posts\/53215","targetHints":{"allow":["GET"]}}],"collection":[{"href":"https:\/\/www.europesays.com\/es\/wp-json\/wp\/v2\/posts"}],"about":[{"href":"https:\/\/www.europesays.com\/es\/wp-json\/wp\/v2\/types\/post"}],"author":[{"embeddable":true,"href":"https:\/\/www.europesays.com\/es\/wp-json\/wp\/v2\/users\/2"}],"replies":[{"embeddable":true,"href":"https:\/\/www.europesays.com\/es\/wp-json\/wp\/v2\/comments?post=53215"}],"version-history":[{"count":0,"href":"https:\/\/www.europesays.com\/es\/wp-json\/wp\/v2\/posts\/53215\/revisions"}],"wp:featuredmedia":[{"embeddable":true,"href":"https:\/\/www.europesays.com\/es\/wp-json\/wp\/v2\/media\/53216"}],"wp:attachment":[{"href":"https:\/\/www.europesays.com\/es\/wp-json\/wp\/v2\/media?parent=53215"}],"wp:term":[{"taxonomy":"category","embeddable":true,"href":"https:\/\/www.europesays.com\/es\/wp-json\/wp\/v2\/categories?post=53215"},{"taxonomy":"post_tag","embeddable":true,"href":"https:\/\/www.europesays.com\/es\/wp-json\/wp\/v2\/tags?post=53215"}],"curies":[{"name":"wp","href":"https:\/\/api.w.org\/{rel}","templated":true}]}}