{"id":532262,"date":"2026-05-04T06:54:13","date_gmt":"2026-05-04T06:54:13","guid":{"rendered":"https:\/\/www.europesays.com\/es\/532262\/"},"modified":"2026-05-04T06:54:13","modified_gmt":"2026-05-04T06:54:13","slug":"no-se-ha-visto-en-ninguna-edicion","status":"publish","type":"post","link":"https:\/\/www.europesays.com\/es\/532262\/","title":{"rendered":"No se ha visto en ninguna edici\u00f3n"},"content":{"rendered":"<p class=\"article-text\">\n        <strong>Supervivientes 2026<\/strong> cumpli\u00f3 sus 60 d\u00edas de aventura y lo celebr\u00f3 con una novena gala de <strong>Conexi\u00f3n Honduras <\/strong>en la que impusieron una <strong>sanci\u00f3n hist\u00f3rica a los concursantes <\/strong>por saltarse las normas de forma reiterada.\n    <\/p>\n<p>    <a href=\"https:\/\/www.eldiario.es\/vertele\/noticias\/supervivientes-2026-batio-record-expulso-concursante-parecia-invencible-nueva-lista-nominados_1_13187399.html\" data-mrf-recirculation=\"saber-mas\" data-dl-event=\"saber-mas\" rel=\"nofollow noopener\" target=\"_blank\"><\/p>\n<p class=\"know-more__title\">&#8216;Supervivientes 2026&#8217; bati\u00f3 un r\u00e9cord, expuls\u00f3 a un concursante que parec\u00eda invencible y vot\u00f3 su nueva lista de nominados<\/p>\n<p>            <img decoding=\"async\" class=\"lazy\" loading=\"lazy\" data-src=\"https:\/\/static.eldiario.es\/clip\/6a3df20d-6ed1-416c-8f3c-b462a0c42f20_16-9-aspect-ratio_default_0.jpg\" src=\"data:image\/svg+xml,%3Csvg xmlns=\" http:=\"\" viewbox=\"0 0 880 495\" alt=\"'Supervivientes 2026' bati\u00f3 un r\u00e9cord, expuls\u00f3 a un concursante que parec\u00eda invencible y vot\u00f3 su nueva lista de nominados\"\/><\/p>\n<p>                        <\/a><\/p>\n<p class=\"article-text\">\n        Todo surgi\u00f3 por una bronca que dej\u00f3 destrozada a Maica, que lloraba, gritaba y ped\u00eda marcharse del reality. Al escucharla desde la otra playa, Nagore y Marisa fueron a hablar con ella, para animarla, algo que est\u00e1 terminantemente prohibido.\n    <\/p>\n<p class=\"article-text\">\n        Como no fueron las \u00fanicas en saltarse esa norma, la direcci\u00f3n del programa tom\u00f3 una dr\u00e1stica decisi\u00f3n: \u201c<strong>Hab\u00e9is conseguido algo que no se ha hecho hasta ahora, vais a vivir separados en playas distintas y alejadas. <\/strong>Sin contacto visual, sin posibilidad de hablar. Solo podr\u00e9is comunicaros por se\u00f1ales de humo\u201d.\n    <\/p>\n<blockquote class=\"twitter-tweet\" data-lang=\"es\"><p><a href=\"https:\/\/twitter.com\/X\/status\/2051049039836115251?ref_src=twsrc%5Etfw\" rel=\"nofollow noopener\" target=\"_blank\"><\/p><\/blockquote>\n<p class=\"article-text\">\n        As\u00ed se lo comunic\u00f3 Sandra Barneda a los concursantes: \u201cEs una decisi\u00f3n de la direcci\u00f3n, que <strong>no se ha visto en ninguna edici\u00f3n anterior\u201d<\/strong>. Todos acataron la orden.\n    <\/p>\n<p class=\"article-text\">\n        Todo ello en una noche, en la que Aratz gan\u00f3 el juego de recompensa y decidi\u00f3 compartir la tarta con unos pocos. Entre ellos, <strong>Almudena que tambi\u00e9n escogi\u00f3 a Dar\u00edo <\/strong>para que comiera: \u201cSi me lo dicen al principio de la aventura no me lo creo, pero por todo el tiempo que hemos pasado juntos, el cari\u00f1o que te tengo y porque hemos sido familia\u201d, le dej\u00f3 el trozo m\u00e1s grande de tarta.\n    <\/p>\n<blockquote class=\"twitter-tweet\" data-lang=\"es\"><p><a href=\"https:\/\/twitter.com\/X\/status\/2051062934168592427?ref_src=twsrc%5Etfw\" rel=\"nofollow noopener\" target=\"_blank\"><\/p><\/blockquote>\n<p>    Alba Paul se derrumba en el D\u00eda de la Madre <\/p>\n<p class=\"article-text\">\n        El D\u00eda de la Madre, el programa tambi\u00e9n quiso tener un detalle con las madres de la edici\u00f3n. Para poder hablar o ver a sus reto\u00f1os en v\u00eddeo, tuvieron que beberse el \u201celixir del inframundo, el l\u00edquido m\u00e1s asqueroso de Supervivientes\u201d, les describi\u00f3 <strong>Mar\u00eda Lamela. <\/strong>\n    <\/p>\n<p class=\"article-text\">\n        <strong>Ivonne<\/strong> fue la primera en hacerlo y sin reparos, con tal de hablar con su hijo: \u201c<strong>Me ense\u00f1aste a caminar y ahora vuelo gracias a ti. <\/strong>Eres la mejor madre del mundo, eres una guerrera, un ejemplo para todas las madres solteras\u201d, le dec\u00eda el hijo emocionando a Ivonne.\n    <\/p>\n<p class=\"article-text\">\n        La siguiente fue<strong> Alba<\/strong> que tambi\u00e9n se trag\u00f3 el l\u00edquido y pudo ver un v\u00eddeo de su hija con Dulceida. Lejos de llenarla de energ\u00eda, Alba cay\u00f3 en el pensamiento de <strong>\u201c\u00bfqu\u00e9 hago aqu\u00ed? Me estoy perdiendo estos momentos. Casi no la reconozco, est\u00e1 mayor, ya no es una beb\u00e9.<\/strong> Estoy choqueada\u201d, repet\u00eda, mientras Barneda y Lamela intentaban animarle.\n    <\/p>\n<blockquote class=\"twitter-tweet\" data-lang=\"es\"><p><a href=\"https:\/\/twitter.com\/X\/status\/2051086588591947825?ref_src=twsrc%5Etfw\" rel=\"nofollow noopener\" target=\"_blank\"><\/p><\/blockquote>\n<p class=\"article-text\">\n        La \u00faltima en ver un<strong> v\u00eddeo de su hijo fue Marisa<\/strong> que tampoco pudo reprimir las l\u00e1grimas: \u201cQu\u00e9 bonito, qu\u00e9 ojazos, Dios m\u00edo, es el amor de mi vida. Gracias por darme esta vida tan bonita\u201d, dec\u00eda ella, mientras su pareja en plat\u00f3 tambi\u00e9n estaba totalmente emocionado.\n    <\/p>\n<p>    El emocionante reencuentro entre Alvar y su madre<\/p>\n<p class=\"article-text\">\n        Mar\u00eda Lamela propuso a <strong>Alvar el reto \u201cm\u00e1s dif\u00edcil\u201d de la aventura<\/strong>: nadar hasta una isla en mitad del oc\u00e9ano para abrir un cofre del tesoro. Lo hizo sin pens\u00e1rselo y, aunque empez\u00f3 con mucha fuerza, las olas y el viento fueron fren\u00e1ndole.\n    <\/p>\n<p class=\"article-text\">\n        Seis minutos despu\u00e9s toc\u00f3 tierra y subi\u00f3 a la isla, para gritar de la emoci\u00f3n. Sandra Barneda le propuso abrir el cofre, donde \u00e9l cre\u00eda que se iba a encontrar comida, y se top\u00f3 con su madre. <strong>\u201c\u00a1Te quiero Alvar!\u201d, le dijo ella<\/strong> y \u00e9l se echaba a llorar y a re\u00edr a la vez, totalmente asombrado por el encuentro.\n    <\/p>\n<p>    <a href=\"https:\/\/www.eldiario.es\/vertele\/noticias\/got-talent-11-ganador-final-am-dance-studio-grupo-baile_1_13190864.html\" data-mrf-recirculation=\"saber-mas-abajo\" data-dl-event=\"saber-mas-abajo\" rel=\"nofollow noopener\" target=\"_blank\"><\/p>\n<p class=\"know-more__title\">&#8216;Got Talent 11&#8217; proclama ganador al grupo de baile AM Dance Studio, &#8216;blindado&#8217; en oro desde su llegada al programa<\/p>\n<p>            <img decoding=\"async\" class=\"lazy\" loading=\"lazy\" data-src=\"https:\/\/static.eldiario.es\/clip\/b1e412bc-ae1f-417d-9a03-cc7aba8decf0_16-9-aspect-ratio_default_0.jpg\" src=\"data:image\/svg+xml,%3Csvg xmlns=\" http:=\"\" viewbox=\"0 0 880 495\" alt=\"'Got Talent 11' proclama ganador al grupo de baile AM Dance Studio, 'blindado' en oro desde su llegada al programa\"\/><\/p>\n<p>                        <\/a><\/p>\n<blockquote class=\"twitter-tweet\" data-lang=\"es\"><p><a href=\"https:\/\/twitter.com\/X\/status\/2051080224515707115?ref_src=twsrc%5Etfw\" rel=\"nofollow noopener\" target=\"_blank\"><\/p><\/blockquote>\n<p class=\"article-text\">\n        <strong>\u201cEs el sol para m\u00ed, la que me da la energ\u00eda, la que me ilumina todas las conchas\u201d <\/strong>describ\u00eda el concursante a su madre. Mientras ella le confesaba el \u201corgullo\u201d que sent\u00eda hacia \u00e9l.\n    <\/p>\n<p>                                        <script async src=\"https:\/\/platform.twitter.com\/widgets.js\" charset=\"utf-8\"><\/script><\/p>\n","protected":false},"excerpt":{"rendered":"Supervivientes 2026 cumpli\u00f3 sus 60 d\u00edas de aventura y lo celebr\u00f3 con una novena gala de Conexi\u00f3n Honduras&hellip;\n","protected":false},"author":2,"featured_media":532263,"comment_status":"","ping_status":"","sticky":false,"template":"","format":"standard","meta":{"footnotes":""},"categories":[174],"tags":[3076,65558,15099,255,18335,2197,146,147,25,24,256,5229,689,18800,23,3947,8922,19678],"class_list":["post-532262","post","type-post","status-publish","format-standard","has-post-thumbnail","category-famosos","tag-3076","tag-acercamiento","tag-almudena","tag-celebrities","tag-dario","tag-edicion","tag-entertainment","tag-entretenimiento","tag-es","tag-espana","tag-famosos","tag-historica","tag-no","tag-sancion","tag-spain","tag-supervivientes","tag-visto","tag-vivio"],"share_on_mastodon":{"url":"https:\/\/pubeurope.com\/@es\/116514997400596640","error":""},"_links":{"self":[{"href":"https:\/\/www.europesays.com\/es\/wp-json\/wp\/v2\/posts\/532262","targetHints":{"allow":["GET"]}}],"collection":[{"href":"https:\/\/www.europesays.com\/es\/wp-json\/wp\/v2\/posts"}],"about":[{"href":"https:\/\/www.europesays.com\/es\/wp-json\/wp\/v2\/types\/post"}],"author":[{"embeddable":true,"href":"https:\/\/www.europesays.com\/es\/wp-json\/wp\/v2\/users\/2"}],"replies":[{"embeddable":true,"href":"https:\/\/www.europesays.com\/es\/wp-json\/wp\/v2\/comments?post=532262"}],"version-history":[{"count":0,"href":"https:\/\/www.europesays.com\/es\/wp-json\/wp\/v2\/posts\/532262\/revisions"}],"wp:featuredmedia":[{"embeddable":true,"href":"https:\/\/www.europesays.com\/es\/wp-json\/wp\/v2\/media\/532263"}],"wp:attachment":[{"href":"https:\/\/www.europesays.com\/es\/wp-json\/wp\/v2\/media?parent=532262"}],"wp:term":[{"taxonomy":"category","embeddable":true,"href":"https:\/\/www.europesays.com\/es\/wp-json\/wp\/v2\/categories?post=532262"},{"taxonomy":"post_tag","embeddable":true,"href":"https:\/\/www.europesays.com\/es\/wp-json\/wp\/v2\/tags?post=532262"}],"curies":[{"name":"wp","href":"https:\/\/api.w.org\/{rel}","templated":true}]}}