{"id":5323,"date":"2025-07-26T19:15:07","date_gmt":"2025-07-26T19:15:07","guid":{"rendered":"https:\/\/www.europesays.com\/es\/5323\/"},"modified":"2025-07-26T19:15:07","modified_gmt":"2025-07-26T19:15:07","slug":"joaquin-niemann-propicia-un-golpe-definitivo-en-el-liv-de-gran-bretana","status":"publish","type":"post","link":"https:\/\/www.europesays.com\/es\/5323\/","title":{"rendered":"Joaqu\u00edn Niemann propicia un golpe definitivo en el LIV de Gran Breta\u00f1a"},"content":{"rendered":"<p data-mrf-recirculation=\"Links P\u00e1rrafos\" class=\"ue-c-article__paragraph paragraph ue-c-article--first-letter-highlighted\">J<strong>oaqu\u00edn Niemann es el golfista del a\u00f1o en el LIV Golf. <\/strong>Se podr\u00eda decir que de la historia del torneo que auspicia el PIF (Fondo P\u00fablico de Arab\u00eda Saudi). Es el golfista con m\u00e1s victorias en los tres a\u00f1os de existencia que ahora se cumplen y en el UK de Gran Breta\u00f1a, va camino de sumar la quinta victoria del a\u00f1o. Sobre once. <a href=\"https:\/\/www.livgolf.com\/leaderboard\" rel=\"nofollow noopener\" target=\"_blank\">(Resultados)<\/a><\/p>\n<p data-mrf-recirculation=\"Links P\u00e1rrafos\" class=\"ue-c-article__paragraph paragraph\"><strong>Niemann volvi\u00f3 a hacer gala de un juego exquisito. Firm\u00f3 ocho birdies en los trece primeros hoyos, <\/strong>en un d\u00eda veraniego en el JCB de Rocester, la patr\u00eda que rinde culto a Edge, el bater\u00eda de los Moody Blues y que esta vez cont\u00f3 con un gran bullicio de gente.\u00a0 El sudamerican\u00f3 anot\u00f3 tres en los tres primeros hoyos en un s\u00e1bado sublime que rematar\u00eda con otro m\u00e1s en el hoyo 18, que neutraliz\u00f3 el bogey en el 15. Total, un 63 que se tradujo en seis golpes de ventaja sobre Bubba Watson.<\/p>\n<p data-mrf-recirculation=\"Links P\u00e1rrafos\" class=\"ue-c-article__paragraph paragraph\"><strong>\u00abEs incre\u00edble como me he recuperado. La semana pasada no tuve un buen juego<\/strong> y especialmente me he recuperado en el juego en los greenes. Todo fue a base de hablar con mi equipo, que es un equipo maravilloso\u00bb, dijo Niemann.<\/p>\n<p data-mrf-recirculation=\"Links P\u00e1rrafos\" class=\"ue-c-article__paragraph paragraph\"><strong>Inspirado con el putt y haciendo gala de unos hierros firmes, Niemann tiene medio torneo en el bolsillo<\/strong>. Incluso podr\u00eda hacer doblete pues los Torque aventajan en dos golpes a la Legi\u00f3n XIII de Jon Rahm. El de Barrika fue el jugador que no fue el viernes. Tir\u00f3 67 golpes, con seis birdies y dos bogeys. Esta vez aprovech\u00f3 todos los pares 5 y escal\u00f3 hasta la decimocuarta posici\u00f3n. Seguramente s\u00f3lo le valga para una actuaci\u00f3n decorosa y no podr\u00e1 revalidar el t\u00edtulo -est\u00e1 a diez golpes del chileno-, pero esta vez todo el juego estuvo armado. Ninguno de los birdies fue m\u00e1s all\u00e1 de un putt de cuatro metros.<\/p>\n<p data-mrf-recirculation=\"Links P\u00e1rrafos\" class=\"ue-c-article__paragraph paragraph\"><strong>Entre los otros espa\u00f1oles, David Puig (70) se situ\u00f3 a la vera de Rahm, mientras que Josele Ballester y Sergio Garc\u00eda<\/strong>, ambos con 69, tambi\u00e9n escalaron posiciones. Aunque la und\u00e9cima etapa del LIV Golf s\u00f3lo tiene el nombre de Niemann.<\/p>\n","protected":false},"excerpt":{"rendered":"Joaqu\u00edn Niemann es el golfista del a\u00f1o en el LIV Golf. Se podr\u00eda decir que de la historia&hellip;\n","protected":false},"author":2,"featured_media":5324,"comment_status":"","ping_status":"","sticky":false,"template":"","format":"standard","meta":{"footnotes":""},"categories":[275],"tags":[168,25,24,329,23,167],"class_list":{"0":"post-5323","1":"post","2":"type-post","3":"status-publish","4":"format-standard","5":"has-post-thumbnail","7":"category-golf","8":"tag-deportes","9":"tag-es","10":"tag-espana","11":"tag-golf","12":"tag-spain","13":"tag-sports"},"share_on_mastodon":{"url":"","error":""},"_links":{"self":[{"href":"https:\/\/www.europesays.com\/es\/wp-json\/wp\/v2\/posts\/5323","targetHints":{"allow":["GET"]}}],"collection":[{"href":"https:\/\/www.europesays.com\/es\/wp-json\/wp\/v2\/posts"}],"about":[{"href":"https:\/\/www.europesays.com\/es\/wp-json\/wp\/v2\/types\/post"}],"author":[{"embeddable":true,"href":"https:\/\/www.europesays.com\/es\/wp-json\/wp\/v2\/users\/2"}],"replies":[{"embeddable":true,"href":"https:\/\/www.europesays.com\/es\/wp-json\/wp\/v2\/comments?post=5323"}],"version-history":[{"count":0,"href":"https:\/\/www.europesays.com\/es\/wp-json\/wp\/v2\/posts\/5323\/revisions"}],"wp:featuredmedia":[{"embeddable":true,"href":"https:\/\/www.europesays.com\/es\/wp-json\/wp\/v2\/media\/5324"}],"wp:attachment":[{"href":"https:\/\/www.europesays.com\/es\/wp-json\/wp\/v2\/media?parent=5323"}],"wp:term":[{"taxonomy":"category","embeddable":true,"href":"https:\/\/www.europesays.com\/es\/wp-json\/wp\/v2\/categories?post=5323"},{"taxonomy":"post_tag","embeddable":true,"href":"https:\/\/www.europesays.com\/es\/wp-json\/wp\/v2\/tags?post=5323"}],"curies":[{"name":"wp","href":"https:\/\/api.w.org\/{rel}","templated":true}]}}