{"id":532351,"date":"2026-05-04T08:01:14","date_gmt":"2026-05-04T08:01:14","guid":{"rendered":"https:\/\/www.europesays.com\/es\/532351\/"},"modified":"2026-05-04T08:01:14","modified_gmt":"2026-05-04T08:01:14","slug":"alimerka-oviedo-baloncesto-primera-feb-11","status":"publish","type":"post","link":"https:\/\/www.europesays.com\/es\/532351\/","title":{"rendered":"ALIMERKA OVIEDO BALONCESTO PRIMERA FEB"},"content":{"rendered":"<p class=\"ft-text ft-helper-closenews\"><strong>El <\/strong><a class=\"ft-link ft-link--decoration\" href=\"https:\/\/www.lne.es\/deportes\/deporte-astur\/2026\/05\/03\/analisis-alberto-menendez-victoria-alimerka-129783546.html\" rel=\"nofollow noopener\" target=\"_blank\"><strong>Alimerka Oviedo<\/strong><\/a><strong> <\/strong>ser\u00e1 quinto, sexto o s\u00e9ptimo, dependiendo de lo que suceda en la \u00faltima jornada, y sus posibles rivales en el play-off de ascenso son solo dos: <strong>Inveready Gipuzkoa<\/strong>, en el caso de que sea quinto o sexto, o <strong>Super Agropal Palencia<\/strong>, si acaba s\u00e9ptimo.<\/p>\n<p><img decoding=\"async\" src=\"https:\/\/www.europesays.com\/es\/wp-content\/uploads\/2026\/05\/ff5dcd1f-8964-4fb9-a99d-47ed8ad93ea7_alta-libre-aspect-ratio_default_0_x228y176.jpg\" width=\"1200\" height=\"1392\" alt=\"La pelea por el quinto puesto en Primera FEB\" class=\"ft-helper-img-rd\" loading=\"lazy\" fetchpriority=\"auto\"\/><\/p>\n<p class=\"ft-helper-fontColor-quaternary ft-helper-fontSize-body-S ft-helper-spacer-t-xxs\">La pelea por el quinto puesto en Primera FEB  \/ .<\/p>\n<p>Las cuentas del Alimerka Oviedo<\/p>\n<p class=\"ft-text\">Si el <strong>Alimerka Oviedo<\/strong> gana el viernes (21:00 horas) en la cancha del <strong>Ourense<\/strong> ser\u00e1, como m\u00ednimo, sexto, y por lo tanto evitar\u00e1 la s\u00e9ptima plaza, posici\u00f3n que le cruzar\u00eda en el play-off de ascenso a la <strong>ACB<\/strong> con el cuarto clasificado, el <strong>Palencia<\/strong>, con el factor cancha a favor del conjunto castellano, <a class=\"ft-link ft-link--decoration\" href=\"https:\/\/www.lne.es\/deportes\/deporte-astur\/2024\/12\/20\/alimerka-oviedo-baloncesto-vuelve-ver-112781696.html\" rel=\"nofollow noopener\" target=\"_blank\">el equipo al que m\u00e1s veces se ha enfrentado (4) el conjunto asturiano en sus siete participaciones anteriores en esa fase de ascenso, dos de ellas en semifinales.<\/a><\/p>\n<p class=\"ft-text\">Si logra esa victoria el viernes en <strong>Ourense<\/strong>, el <a class=\"ft-link ft-link--decoration\" href=\"https:\/\/www.lne.es\/deportes\/deporte-astur\/2026\/05\/02\/alimerka-oviedo-baloncesto-redondea-fiesta-129776461.html\" rel=\"nofollow noopener\" target=\"_blank\"><strong>Alimerka Oviedo<\/strong><\/a><strong> <\/strong>puede quedar quinto o sexto clasificado, dependiendo de lo que hagan <strong>Inveready Gipuzkoa<\/strong>, que tiene una victoria m\u00e1s que el conjunto azul, y <strong>Flexicar Fuenlabrada<\/strong>, con el que est\u00e1 igualado a 18 victorias. Las opciones de ser quinto para el <strong>OCB<\/strong> pasan, adem\u00e1s de por la victoria en <strong>Ourense<\/strong>, por las derrotas tanto del <strong>Fuenlabrada<\/strong> como del <strong>Gipuzkoa<\/strong>.<\/p>\n<p>El triple empate que condiciona al OCB<\/p>\n<p class=\"ft-text\">Para ser quinto, al <strong>OCB<\/strong> no le basta con la derrota del <strong>Gipuzkoa<\/strong> porque, si se produjera y ganara <strong>Fuenlabrada<\/strong>, se dar\u00eda un triple empate en el que <strong>Gipuzkoa<\/strong> ser\u00eda quinto, <strong>Oviedo<\/strong> sexto y <strong>Fuenlabrada<\/strong> s\u00e9ptimo. En cambio, si pierden los dos y el <strong>OCB<\/strong> gana, empatar\u00eda a victorias con <strong>Gipuzkoa<\/strong>, al que le tiene ganado el basket-average particular.<\/p>\n<p class=\"ft-text\">Los rivales a los que se enfrentan tanto <strong>Fuenlabrada<\/strong> como <strong>Gipuzkoa<\/strong> permiten cierto optimismo con respecto a conquistar esa quinta plaza<a class=\"ft-link ft-link--decoration\" href=\"https:\/\/www.lne.es\/deportes\/deporte-astur\/2026\/05\/02\/alimerka-oviedo-baloncesto-busca-acercarse-129763711.html\" rel=\"nofollow noopener\" target=\"_blank\"> que tiene como gran ventaja disponer del factor cancha a favor, es decir, asegurarse jugar los dos primeros partidos en casa y que en caso de empate a dos victorias en una eliminatoria al mejor de cinco partidos<\/a>, el quinto y definitivo lo juegue como local.<\/p>\n<p>Fuenlabrada y Gipuzkoa, claves para el quinto puesto<\/p>\n<p class=\"ft-text\">El <strong>Flexicar Fuenlabrada<\/strong> se mide al <strong>Movistar Estudiantes<\/strong>, un derbi con aroma de <strong>ACB<\/strong> que debe servir a los dos equipos de puesta a punto para el play-off. La plantilla del <strong>Estudiantes<\/strong>, m\u00e1s larga que la de su rival, puede darle algo de ventaja, pero lo cierto es que el partido se disputa en la cancha del <strong>Fuenlabrada<\/strong>, que adem\u00e1s se juega mucho m\u00e1s, puesto que <strong>Estudiantes<\/strong> ser\u00e1 segundo pase lo que pase por haber ganado la <strong>Copa Espa\u00f1a<\/strong>.<\/p>\n<p class=\"ft-text\">El que tiene un contendiente especialmente duro es el <strong>Inveready Gipuzkoa<\/strong>, que visita al <strong>Monbus Obradoiro<\/strong>. El equipo de <strong>Santiago de Compostela<\/strong> necesita ganar para acabar primero y, por lo tanto, ascender a la <strong>ACB<\/strong>. El <strong>Fontes do Sar<\/strong> estar\u00e1 hasta la bandera para empujar a su equipo de regreso a la \u00e9lite tras dos temporadas en <strong>Primera FEB<\/strong>. Los n\u00fameros de <strong>Obradoiro<\/strong> esta temporada, en la que ha perdido solo cuatro encuentros, y la plantilla de la que dispone son una bestialidad. <strong>Gipuzkoa<\/strong>, otro equipo que ha hecho una gran campa\u00f1a, tratar\u00e1 de entrometerse en esa fiesta para asegurarse el quinto puesto.<\/p>\n<p>El play-off, premio a una gran temporada<\/p>\n<p class=\"ft-text\">Pase lo que pase y sea el rival que sea, el <strong>Alimerka Oviedo<\/strong> vivir\u00e1 estos play-off de ascenso como un premio por el gran trabajo realizado durante toda la temporada, siendo uno de los equipos m\u00e1s humildes de la categor\u00eda y llegando a la \u00faltima jornada con opciones de ser quinto. Sea su bestia negra, el <strong>Palencia<\/strong>, o sea <strong>Gipuzkoa<\/strong>, los de <strong>Javi Rodr\u00edguez<\/strong>, sin ninguna presi\u00f3n pero plenos de motivaci\u00f3n, luchar\u00e1n hasta el final por alargar esta bonita temporada.<\/p>\n<p data-close=\"closedContent\" class=\"subscribeHideForDisplay\">Suscr\u00edbete para seguir leyendo<\/p>\n","protected":false},"excerpt":{"rendered":"El Alimerka Oviedo ser\u00e1 quinto, sexto o s\u00e9ptimo, dependiendo de lo que suceda en la \u00faltima jornada, y&hellip;\n","protected":false},"author":2,"featured_media":532352,"comment_status":"","ping_status":"","sticky":false,"template":"","format":"standard","meta":{"footnotes":""},"categories":[269],"tags":[1795,299,298,168,25,24,9486,39182,1796,6442,11394,6260,23,167],"class_list":["post-532351","post","type-post","status-publish","format-standard","has-post-thumbnail","category-baloncesto","tag-alimerka","tag-baloncesto","tag-basketball","tag-deportes","tag-es","tag-espana","tag-estudiantes","tag-fuenlabrada","tag-oviedo","tag-palencia","tag-play","tag-rival","tag-spain","tag-sports"],"share_on_mastodon":{"url":"https:\/\/pubeurope.com\/@es\/116515261365547200","error":""},"_links":{"self":[{"href":"https:\/\/www.europesays.com\/es\/wp-json\/wp\/v2\/posts\/532351","targetHints":{"allow":["GET"]}}],"collection":[{"href":"https:\/\/www.europesays.com\/es\/wp-json\/wp\/v2\/posts"}],"about":[{"href":"https:\/\/www.europesays.com\/es\/wp-json\/wp\/v2\/types\/post"}],"author":[{"embeddable":true,"href":"https:\/\/www.europesays.com\/es\/wp-json\/wp\/v2\/users\/2"}],"replies":[{"embeddable":true,"href":"https:\/\/www.europesays.com\/es\/wp-json\/wp\/v2\/comments?post=532351"}],"version-history":[{"count":0,"href":"https:\/\/www.europesays.com\/es\/wp-json\/wp\/v2\/posts\/532351\/revisions"}],"wp:featuredmedia":[{"embeddable":true,"href":"https:\/\/www.europesays.com\/es\/wp-json\/wp\/v2\/media\/532352"}],"wp:attachment":[{"href":"https:\/\/www.europesays.com\/es\/wp-json\/wp\/v2\/media?parent=532351"}],"wp:term":[{"taxonomy":"category","embeddable":true,"href":"https:\/\/www.europesays.com\/es\/wp-json\/wp\/v2\/categories?post=532351"},{"taxonomy":"post_tag","embeddable":true,"href":"https:\/\/www.europesays.com\/es\/wp-json\/wp\/v2\/tags?post=532351"}],"curies":[{"name":"wp","href":"https:\/\/api.w.org\/{rel}","templated":true}]}}