{"id":532637,"date":"2026-05-04T11:36:09","date_gmt":"2026-05-04T11:36:09","guid":{"rendered":"https:\/\/www.europesays.com\/es\/532637\/"},"modified":"2026-05-04T11:36:09","modified_gmt":"2026-05-04T11:36:09","slug":"la-real-sociedad-logro-el-billete-para-la-champions-tras-la-jornada-27","status":"publish","type":"post","link":"https:\/\/www.europesays.com\/es\/532637\/","title":{"rendered":"La Real Sociedad logr\u00f3 el billete para la Champions tras la Jornada 27"},"content":{"rendered":"<p>La jornada 27 de <a href=\"https:\/\/ligaf.es\/\" target=\"_blank\" rel=\"nofollow noopener\">Liga F Moeve<\/a> arranc\u00f3 el viernes 1 de mayo a las 12:00h con el Alhama CF ElPozo 3 &#8211; RCD Espanyol 1, que se disfrut\u00f3 en abierto por GolPlay, TEN, Esport3 y 3Cat. Por su parte, a las 17:00h fue el turno del Granada CF 1 &#8211; Costa Adeje Tenerife 1. El domingo 2 de mayo se jug\u00f3 a las 12:00h el FC Badalona Women 0 &#8211; Athletic Club 1, que se vio en abierto por Esport3 y 3Cat. A las 16:30h se disput\u00f3 el DUX Logro\u00f1o 3 &#8211; Madrid CFF 0, por RTVE Play, mientras que, la jornada sabatina concluy\u00f3 a las 18:30h con el Sevilla FC 0 &#8211; Real Madrid CF 2. Ya el domingo 3 de mayo se jugaron dos encuentros a las 12:00h, el Atl\u00e9tico de Madrid 4 &#8211; SD Eibar 0, y el Deportivo Abanca 1 &#8211; Real Sociedad 2, que se emiti\u00f3 en abierto por RTVE Play. La jornada concluir\u00e1 el mi\u00e9rcoles 6 de mayo a las 18:45h con el FC Barcelona &#8211; Levante UD, por Teledeporte, RTVE Play, TV3 y 3Cat. Adem\u00e1s, todos los encuentros se pudieron ver \u00edntegramente por DAZN, y dos de ellos tambi\u00e9n por Movistar+.<\/p>\n<p><b>Viernes 1 de mayo 12:00h Alhama CF ElPozo 3 &#8211; RCD Espanyol 1 por DAZN, GolPlay, TEN, Esport3 y 3Cat<\/b><\/p>\n<p>El conjunto murciano, que no gana en Liga F Moeve desde el 5 de octubre, se reencontr\u00f3 con el triunfo en la m\u00e1xima categor\u00eda, Las de Randri Garc\u00eda se adelantaron a los dos minutos de juego. Vega Berasategui, que fue la MVP del partido, recuper\u00f3 una pelota y filtr\u00f3 un bal\u00f3n para Bel\u00e9n Mart\u00ednez, que abri\u00f3 la lata en el Art\u00e9s Carrasco. La propia Vega logr\u00f3 anotar a los quince minutos tras aprovechar un grave error de Romane Salvador. El RCD Espanyol recort\u00f3 distancias por medio de Browne, que remat\u00f3 un env\u00edo de Daniela Caracas. Aun as\u00ed, las blanquiazules sufrieron la grave lesi\u00f3n de Anna Torrod\u00e0, que se rompi\u00f3 el ligamento cruzado. En el minuto 52, de nuevo, Vega toc\u00f3 un bal\u00f3n con la testa, y el esf\u00e9rico fue para Mari Jose, que filtr\u00f3 el cuero para que &#8216;Yiyi&#8217; anotara el tercero. El cuadro perico intent\u00f3 recortar distancias en el tramo final del choque, pero no logr\u00f3 inquietar a la guardameta del equipo local.<\/p>\n<p><b>Viernes 1 de mayo 17:00h Granada CF 1 &#8211; Costa Adeje Tenerife 1 por DAZN y Movistar+<\/b><\/p>\n<p>Reparto de puntos entre el conjunto nazar\u00ed y el tinerfe\u00f1o. La primera ocasi\u00f3n del choque fue un chut de Sonya Keefe que sac\u00f3 Nay C\u00e1ceres con una gran intervenci\u00f3n. La igualdad era m\u00e1xima, pero a la media hora de juego, Laura S\u00e1nchez mand\u00f3 un bal\u00f3n largo que pein\u00f3 Sonya Keefe, y Lauri Requena abri\u00f3 la lata tras un error de B\u00e1rbara Mart\u00ednez al no poder controlar el cuero. El Costa Adeje Tenerife empat\u00f3 el partido apenas tres minutos despu\u00e9s, con un centro de Sakina Ouzraoui que remat\u00f3 Paulina Gramaglia, que fue la MVP del duelo. En la segunda mitad, Sonya Keefe lo volvi\u00f3 a intentar, pero sin acierto sobre la porter\u00eda rival. Sakina tambi\u00e9n se anim\u00f3, pero la atacante visitante tampoco estuvo afortunada. En los \u00faltimos minutos de juego, las tinerfe\u00f1as pidieron un posible penalti por una ca\u00edda de Sandra Castell\u00f3 dentro del \u00e1rea, pero tras la revisi\u00f3n en el FVS, la colegiada no concedi\u00f3 la pena m\u00e1xima.<\/p>\n<p><b>S\u00e1bado 2 de mayo 12:00h FC Badalona Women 0 &#8211; Athletic Club 1 por DAZN, Esport3 y 3Cat<\/b><\/p>\n<p>El Athletic Club se llev\u00f3 los tres puntos para mantenerse en el TOP-8 de la clasificaci\u00f3n. La primera ocasi\u00f3n del encuentro fue para Ane Azkona, pero Carla Abd\u00f3n, que hab\u00eda cometido el error, reaccion\u00f3 a tiempo para quedarse con el cuero. La guardameta local fue la MVP del encuentro. Naia Landaluze estuvo cerca de anotar, mientras que, Paula S\u00e1nchez roz\u00f3 el tanto con un disparo desviado. Cristina Cubedo salv\u00f3 un disparo sobre la misma l\u00ednea de gol, y, pasada la media hora de juego, Maitane Vilari\u00f1o conect\u00f3 con Ane Azkona para que la navarra abriera la lata. Tras la segunda mitad, Ane Elexpuru tuvo el segundo en sus botas, pero su disparo se estrell\u00f3 directamente en el palo. Por su parte, Naia Landaluze fue decisiva y sac\u00f3 sobre la misma l\u00ednea de gol el tanto del empate de Banini. La canterana Martina Rojo jug\u00f3 sus primeros minutos este curso en la m\u00e1xima categor\u00eda con el equipo catal\u00e1n.<\/p>\n<p><b>S\u00e1bado 2 de mayo 16:30h DUX Logro\u00f1o 3 &#8211; Madrid CFF 0 por DAZN y RTVE Play<\/b><\/p>\n<p>Important\u00edsima victoria del DUX Logro\u00f1o en casa para acumular su cuarto encuentro seguido sin perder y mantener su colch\u00f3n de cinco puntos sobre el descenso. La primera ocasi\u00f3n del encuentro estuvo en las botas de Allegra Poljak, que mand\u00f3 un centro-chut al coraz\u00f3n del \u00e1rea que ninguna compa\u00f1era fue capaz de rematar en el segundo palo. A la media hora de juego, Annelie Leitner, que fue la MVP del duelo, se plant\u00f3 sola ante Bel\u00e9n de Gracia, a la que super\u00f3 con un disparo por debajo de las piernas para abrir la lata. S\u00e1nchez Vera meti\u00f3 a Freja Siri y a Marina Rivas para reforzar el centro del campo del equipo madrile\u00f1o. Aun as\u00ed, las locales, que segu\u00edan generando mucho peligro, encontraron el segundo con una gran cabalgada de Flavine Mawete que finaliz\u00f3 con una vaselina sobre la arquera visitante. El 3-0 definitivo lo anot\u00f3 Isina tras recibir un bal\u00f3n filtrado en la frontal del \u00e1rea.<\/p>\n<p><b>S\u00e1bado 2 de mayo 18:30h Sevilla FC 0 &#8211; Real Madrid CF 2 por DAZN<\/b><\/p>\n<p>La jornada sabatina se cerr\u00f3 con la victoria del Real Madrid CF, que logr\u00f3 su clasificaci\u00f3n para la pr\u00f3xima edici\u00f3n de la Champions. Eva Navarro mand\u00f3 el primer aviso con un centro-chut que se perdi\u00f3 fuera. Weir tambi\u00e9n lo intent\u00f3 con un lanzamiento de falta directa que se march\u00f3 por encima del larguero. A la media hora de juego, Alba Redondo lo intent\u00f3 de cabeza, pero Sullastres atrap\u00f3 el testarazo de la delantera manchega. La ariete abri\u00f3 la lata nada m\u00e1s arrancar la segunda mitad tras cabecear un env\u00edo medido de Eva Navarro, que fue la MVP del choque. Gemma Gili entr\u00f3 por parte de las locales, que probaron fortuna por medio de Fatou Kanteh, pero sin acierto. Yasmim tuvo la mala suerte de romperse el ligamento cruzado, y en el tiempo a\u00f1adido, Sara D\u00e4britz mand\u00f3 un bal\u00f3n largo a la espalda de la defensa para la carrera de Feller. La francesa no perdon\u00f3 y anot\u00f3 el 2-0 definitivo en el marcador.<\/p>\n<p><b>Domingo 3 de mayo 12:00h Atl\u00e9tico de Madrid 4 &#8211; SD Eibar 0 por DAZN y Movistar+<\/b><\/p>\n<p>Antes del inicio del encuentro, Amaiur Sarriegi recogi\u00f3 el Player of the month de marzo en Liga F Moeve. La primera ocasi\u00f3n del choque fue para Carmen \u00c1lvarez, pero la delantera visitante mand\u00f3 la pelota por encima del larguero. Andrea Medina tambi\u00e9n lo intent\u00f3 con un centro-chut alto. Cerca de la media hora de juego, Eunate Astralaga impidi\u00f3 el tanto de Fiamma con un parad\u00f3n. En la segunda mitad, las locales lo siguieron intentando, y Gio Garbelini, que acababa de entrar al terreno de juego, abri\u00f3 la lata. Unos minutos despu\u00e9s, Laura Camino cometi\u00f3 un penalti sobre Luany, que Boe Risa se encarg\u00f3 de convertir desde los once metros para poner tierra de por medio en el marcador. Ya en los minutos finales, J\u00falia Bartel caz\u00f3 un bal\u00f3n en la frontal para hacer el tercero, y, Gio Garbelini, que fue la MVP del encuentro, complet\u00f3 su doblete tras aprovechar un mal pase de Carla Andr\u00e9s en defensa.<\/p>\n<p><b>Domingo 3 de mayo 12:00h Deportivo Abanca 1 &#8211; Real Sociedad 2 por DAZN y RTVE Play<\/b><\/p>\n<p>Con los aficionados todav\u00eda sent\u00e1ndose en sus asientos, B\u00e1rbara Latorre se sac\u00f3 un latigazo lejano para marcar a los cuarenta y un segundos de juego el gol m\u00e1s r\u00e1pido de la temporada en Liga F Moeve. Por su parte, Olaya roz\u00f3 el segundo, pero, esta vez, Julia Arrula logr\u00f3 reaccionar a tiempo. El empate estuvo en las botas de Kl\u00e1ra Cahynov\u00e1, pero su chut se lo qued\u00f3 la guardameta local. Antes del descanso, Ainhoa Mar\u00edn intent\u00f3 sorprender con un chut alto, y nada m\u00e1s arrancar la segunda mitad, Emma Ram\u00edrez meti\u00f3 un env\u00edo raso, Nerea Eizagirre dej\u00f3 pasar la pelota, y Paula Fern\u00e1ndez, que fue la MVP del choque, mand\u00f3 la pelota al fondo de la red. De nuevo, Emma Ram\u00edrez volvi\u00f3 a ser decisiva para asistir a Cecilia Marcos, que hizo el segundo para completar la remontada realista. Iraia Soroa sac\u00f3 el posible tanto del equipo gallego en la l\u00ednea de gol para certificar la clasificaci\u00f3n donostiarra para la Champions.<\/p>\n<p><b>Mi\u00e9rcoles 6 de mayo 18:45h FC Barcelona &#8211; Levante UD por DAZN, Teledeporte, RTVE Play, TV3 y 3Cat<\/b><\/p>\n<p>La jornada concluir\u00e1 el mi\u00e9rcoles. El FC Barcelona llega a la cita como campe\u00f3n de Liga F Moeve y tras clasificarse para disputar su s\u00e9ptima final de la Champions. Las azulgranas solo han perdido un partido este curso en la competici\u00f3n liguera. Pere Romeu tiene la baja de larga duraci\u00f3n de Laia Aleixandri, que se rompi\u00f3 el ligamento cruzado. Por su parte, el Levante UD es colista con 8 puntos, a diez de la permanencia, y perder\u00eda la categor\u00eda en caso de derrota, por lo que solo le vale puntuar en el Johan Cruyff. Las levantinistas acumulan ocho derrotas de manera consecutiva. Paulina Ali, N\u00faria Escoms y Zipporah Agama no estar\u00e1n disponibles para el choque, al igual que la lesionada de larga duraci\u00f3n \u00c9rika Gonz\u00e1lez, y las sancionadas por acumulaci\u00f3n de tarjetas amarillas Ainhoa Bascu\u00f1\u00e1n &#8216;Bascu&#8217; y Ana Franco. Las granotas ya lograron una hist\u00f3rica victoria por 1-2 ante el cuadro cul\u00e9 la temporada pasada.<\/p>\n","protected":false},"excerpt":{"rendered":"La jornada 27 de Liga F Moeve arranc\u00f3 el viernes 1 de mayo a las 12:00h con el&hellip;\n","protected":false},"author":2,"featured_media":532638,"comment_status":"","ping_status":"","sticky":false,"template":"","format":"standard","meta":{"footnotes":""},"categories":[93],"tags":[102922,2203,3409,83576,168,61101,102923,25,24,83575,881,18015,11415,34963,83267,11783,7792,7209,8678,12764,23,167],"class_list":["post-532637","post","type-post","status-publish","format-standard","has-post-thumbnail","category-deportes","tag-alhama-cf-elpozo","tag-athletic-club","tag-atletico-de-madrid","tag-costa-adeje-tenerife","tag-deportes","tag-deportivo-abanca","tag-dux-logrono","tag-es","tag-espana","tag-fc-badalona-women","tag-fc-barcelona","tag-granada-cf","tag-levante-ud","tag-liga-f","tag-madrid-cff","tag-rcd-espanyol","tag-real-madrid-cf","tag-real-sociedad","tag-sd-eibar","tag-sevilla-fc","tag-spain","tag-sports"],"share_on_mastodon":{"url":"https:\/\/pubeurope.com\/@es\/116516106292278654","error":""},"_links":{"self":[{"href":"https:\/\/www.europesays.com\/es\/wp-json\/wp\/v2\/posts\/532637","targetHints":{"allow":["GET"]}}],"collection":[{"href":"https:\/\/www.europesays.com\/es\/wp-json\/wp\/v2\/posts"}],"about":[{"href":"https:\/\/www.europesays.com\/es\/wp-json\/wp\/v2\/types\/post"}],"author":[{"embeddable":true,"href":"https:\/\/www.europesays.com\/es\/wp-json\/wp\/v2\/users\/2"}],"replies":[{"embeddable":true,"href":"https:\/\/www.europesays.com\/es\/wp-json\/wp\/v2\/comments?post=532637"}],"version-history":[{"count":0,"href":"https:\/\/www.europesays.com\/es\/wp-json\/wp\/v2\/posts\/532637\/revisions"}],"wp:featuredmedia":[{"embeddable":true,"href":"https:\/\/www.europesays.com\/es\/wp-json\/wp\/v2\/media\/532638"}],"wp:attachment":[{"href":"https:\/\/www.europesays.com\/es\/wp-json\/wp\/v2\/media?parent=532637"}],"wp:term":[{"taxonomy":"category","embeddable":true,"href":"https:\/\/www.europesays.com\/es\/wp-json\/wp\/v2\/categories?post=532637"},{"taxonomy":"post_tag","embeddable":true,"href":"https:\/\/www.europesays.com\/es\/wp-json\/wp\/v2\/tags?post=532637"}],"curies":[{"name":"wp","href":"https:\/\/api.w.org\/{rel}","templated":true}]}}