{"id":532885,"date":"2026-05-04T14:43:19","date_gmt":"2026-05-04T14:43:19","guid":{"rendered":"https:\/\/www.europesays.com\/es\/532885\/"},"modified":"2026-05-04T14:43:19","modified_gmt":"2026-05-04T14:43:19","slug":"eugenia-de-york-embarazada-de-su-tercer-hijo-en-medio-de-los-escandalos-que-rodean-a-sus-padres","status":"publish","type":"post","link":"https:\/\/www.europesays.com\/es\/532885\/","title":{"rendered":"Eugenia de York, embarazada de su tercer hijo en medio de los esc\u00e1ndalos que rodean a sus padres"},"content":{"rendered":"<p style=\"\">\u00a1Buenas noticias para la Familia Real brit\u00e1nica! La <a href=\"https:\/\/www.abc.es\/gente\/beatriz-eugenia-marcan-distancia-familia-real-acudiran-20260331105050-nt.html\" target=\"_self\" data-voc-vtm-id=\"in-text-traffic\" title=\"Princesa Eugenia\" data-mrf-link=\"www.abc.es\" rel=\"nofollow noopener\">Princesa Eugenia<\/a>, hija del <a href=\"https:\/\/www.abc.es\/gente\/exprincipe-andres-resiste-terminar-solo-llamar-alteza-20260322190000-nt.html\" target=\"_self\" data-voc-vtm-id=\"in-text-traffic\" title=\"expr\u00edncipe Andr\u00e9s\" data-mrf-link=\"www.abc.es\" rel=\"nofollow noopener\">expr\u00edncipe Andr\u00e9s<\/a> y Sarah Ferguson, espera a su tercer hijo. As\u00ed lo ha confirmado el Palacio de Buckingham a trav\u00e9s de sus redes sociales. <\/p>\n<p style=\"\">\u00abSu Alteza Real la Princesa  &#8230; Eugenia y el Sr. Jack Brooksbank se complacen en anunciar que esperan su tercer hijo, cuyo nacimiento est\u00e1 previsto para este verano\u00bb, comienza la publicaci\u00f3n, acompa\u00f1ada de una tierna foto de los hijos de Eugenia sosteniendo una ecograf\u00eda.<\/p>\n<p class=\"v-d-p\" style=\"\">\u00abAugust (de 5 a\u00f1os) y Ernest (de 2 a\u00f1os) tambi\u00e9n est\u00e1n muy emocionados con la llegada de un nuevo hermanito o hermanita a la familia. Su Majestad el Rey ha sido informado y est\u00e1 encantado con la noticia\u00bb, se puede leer en el comunicado. <\/p>\n<ul class=\"v-cmp-rld__u\">\n<li class=\"v-cmp-rld__l\">\n<p><a class=\"v-a-lnk\" href=\"http:\/\/www.abc.es\/gente\/sarah-ferguson-localizada-alpes-suizos-tras-pasar-20260418180000-nt.html#vtm_modulosEngag=noticiasrelacionadas-cmp-uno:gente:noticia:1\" title=\"Sarah Ferguson, localizada: en los Alpes suizos tras pasar varias semanas en un centro de salud mental\" data-voc-vtm-id=\"in-text-traffic\" rel=\"nofollow noopener\" target=\"_blank\"><br \/>\n<img decoding=\"async\" loading=\"lazy\" src=\"https:\/\/www.europesays.com\/es\/wp-content\/uploads\/2026\/05\/ferguson-localizada-U85624285073NYO-366x256@diario_abc.jpg\" class=\"v-a-img\" width=\"258\" height=\"180\" alt=\"Sarah Ferguson, localizada: en los Alpes suizos tras pasar varias semanas en un centro de salud mental\"\/><br \/>\n<\/a><\/p>\n<\/li>\n<\/ul>\n<p>\nUn anuncio que llega en el momento m\u00e1s delicado de los York\n<\/p>\n<p class=\"v-d-p\" style=\"\">La noticia llega en un contexto especialmente sensible para la familia. La figura del expr\u00edncipe Andr\u00e9s sigue marcada por su vinculaci\u00f3n con Jeffrey Epstein, un esc\u00e1ndalo que termin\u00f3 apart\u00e1ndolo de la vida p\u00fablica y que tambi\u00e9n salpic\u00f3 indirectamente a su entorno m\u00e1s cercano.<\/p>\n<p class=\"v-d-p\" style=\"\">Desde entonces, tanto Eugenia como su hermana Beatriz han optado por mantener un perfil bajo, alejadas del foco medi\u00e1tico y de los actos oficiales m\u00e1s expuestos. Una discreci\u00f3n que contrasta con este anuncio, que devuelve a la princesa al centro de la actualidad.<\/p>\n<p class=\"v-d-p\" style=\"\">Aun as\u00ed, el comunicado oficial deja claro que Eugenia sigue formando parte del c\u00edrculo familiar. El hecho de que el Rey Carlos III haya sido informado y se haya mostrado \u00abencantado con la noticia\u00bb refuerza esa posici\u00f3n dentro de la familia, pese a las tensiones que han marcado los \u00faltimos a\u00f1os.<\/p>\n<p>\nUna familia que crece: su tercer hijo con Jack Brooksbank\n<\/p>\n<p class=\"v-d-p\" style=\"\">El nuevo beb\u00e9 ser\u00e1 el tercer hijo de Eugenia de York y Jack Brooksbank, que ya son padres de August, nacido en febrero de 2021, y de Ernest, que lleg\u00f3 al mundo en mayo de 2023.<\/p>\n<p class=\"v-d-p\" style=\"\">El peque\u00f1o o peque\u00f1a, ocupar\u00e1 el puesto n\u00famero 15 en la l\u00ednea de sucesi\u00f3n al trono brit\u00e1nico, situ\u00e1ndose por detr\u00e1s de su madre y sus hermanos mayores. Como ocurre con sus hijos, no ostentar\u00e1 el tratamiento de Alteza Real.<\/p>\n<p class=\"v-d-p\" style=\"\">La pareja ha construido una vida familiar alejada del ruido, apostando por la privacidad. De hecho, Eugenia solo comparte im\u00e1genes puntuales de sus hijos, generalmente en fechas se\u00f1aladas o momentos muy concretos, manteniendo esa l\u00ednea discreta que ha marcado su vida en los \u00faltimos a\u00f1os.<\/p>\n<p>\nUna vida discreta tras el esc\u00e1ndalo\n<\/p>\n<p class=\"v-d-p\" style=\"\">La situaci\u00f3n de los York ha cambiado radicalmente en los \u00faltimos a\u00f1os. Si antes Eugenia y Beatriz ten\u00edan presencia habitual en actos familiares de la Casa Real, ahora su papel es mucho m\u00e1s limitado.<\/p>\n<p class=\"v-d-p\" style=\"\">El esc\u00e1ndalo que rode\u00f3 al exduque de York no solo afect\u00f3 a su imagen p\u00fablica, sino que redefini\u00f3 el lugar de toda la familia dentro del engranaje institucional. Desde entonces, ambas hermanas han tratado de mantener un equilibrio complejo entre el apoyo a sus padres y su v\u00ednculo con la Corona.<\/p>\n<p>\nUn embarazo que devuelve la alegr\u00eda\n<\/p>\n<p class=\"v-d-p\" style=\"\">En medio de ese contexto, la llegada de un nuevo hijo supone un soplo de aire fresco para la familia York. <\/p>\n<p class=\"v-d-p\" style=\"\">Despu\u00e9s de meses marcados por titulares inc\u00f3modos y silencios estrat\u00e9gicos, esta noticia cambia el tono. Vuelve a poner el foco en lo familiar, en lo cotidiano, en lo que ocurre lejos de los esc\u00e1ndalos.<\/p>\n<p class=\"v-d-p\" style=\"\">Y lo hace, adem\u00e1s, desde la naturalidad con la que Eugenia ha gestionado siempre su vida: sin grandes exposiciones, pero sin esconder tampoco los momentos importantes.<\/p>\n","protected":false},"excerpt":{"rendered":"\u00a1Buenas noticias para la Familia Real brit\u00e1nica! La Princesa Eugenia, hija del expr\u00edncipe Andr\u00e9s y Sarah Ferguson, espera&hellip;\n","protected":false},"author":2,"featured_media":532886,"comment_status":"","ping_status":"","sticky":false,"template":"","format":"standard","meta":{"footnotes":""},"categories":[91],"tags":[36242,146,147,25,44945,24,29412,30,697,3621,39275,23,619,5867],"class_list":["post-532885","post","type-post","status-publish","format-standard","has-post-thumbnail","category-entretenimiento","tag-embarazada","tag-entertainment","tag-entretenimiento","tag-es","tag-escandalos","tag-espana","tag-eugenia","tag-hijo","tag-medio","tag-padres","tag-rodean","tag-spain","tag-tercer","tag-york"],"share_on_mastodon":{"url":"https:\/\/pubeurope.com\/@es\/116516841736544487","error":""},"_links":{"self":[{"href":"https:\/\/www.europesays.com\/es\/wp-json\/wp\/v2\/posts\/532885","targetHints":{"allow":["GET"]}}],"collection":[{"href":"https:\/\/www.europesays.com\/es\/wp-json\/wp\/v2\/posts"}],"about":[{"href":"https:\/\/www.europesays.com\/es\/wp-json\/wp\/v2\/types\/post"}],"author":[{"embeddable":true,"href":"https:\/\/www.europesays.com\/es\/wp-json\/wp\/v2\/users\/2"}],"replies":[{"embeddable":true,"href":"https:\/\/www.europesays.com\/es\/wp-json\/wp\/v2\/comments?post=532885"}],"version-history":[{"count":0,"href":"https:\/\/www.europesays.com\/es\/wp-json\/wp\/v2\/posts\/532885\/revisions"}],"wp:featuredmedia":[{"embeddable":true,"href":"https:\/\/www.europesays.com\/es\/wp-json\/wp\/v2\/media\/532886"}],"wp:attachment":[{"href":"https:\/\/www.europesays.com\/es\/wp-json\/wp\/v2\/media?parent=532885"}],"wp:term":[{"taxonomy":"category","embeddable":true,"href":"https:\/\/www.europesays.com\/es\/wp-json\/wp\/v2\/categories?post=532885"},{"taxonomy":"post_tag","embeddable":true,"href":"https:\/\/www.europesays.com\/es\/wp-json\/wp\/v2\/tags?post=532885"}],"curies":[{"name":"wp","href":"https:\/\/api.w.org\/{rel}","templated":true}]}}