{"id":532962,"date":"2026-05-04T15:45:14","date_gmt":"2026-05-04T15:45:14","guid":{"rendered":"https:\/\/www.europesays.com\/es\/532962\/"},"modified":"2026-05-04T15:45:14","modified_gmt":"2026-05-04T15:45:14","slug":"luz-verde-para-que-las-caballerizas-reales-alberguen-la-sede-del-museo-europeo-de-arte-moderno-de-barcelona","status":"publish","type":"post","link":"https:\/\/www.europesays.com\/es\/532962\/","title":{"rendered":"Luz verde para que las Caballerizas Reales alberguen la sede del Museo Europeo de Arte Moderno de Barcelona"},"content":{"rendered":"<p style=\"\">El Ayuntamiento de C\u00f3rdoba da luz verde al proyecto para que las Caballerizas Reales alberguen una sede permanente del Museo Europeo de Arte Moderno de Barcelona. La Junta de Gobierno Local ha aprobado el protocolo general de intenciones entre el Consistorio y la <strong>Fundaci\u00f3n del <\/strong> &#8230; <strong>Arte y los Artistas de Barcelona.<\/strong><\/p>\n<p class=\"v-d-p\" style=\"\">Queda de manifiesto la intenci\u00f3n de colaborar en la creaci\u00f3n de una subsede permanente del Museo Europeo de Arte Moderno de Barcelona (MEAM) en Caballerizas Reales. Desde el Gobierno Local se explica que \u00abes uno de los museos privados m\u00e1s visitados de Catalu\u00f1a y que adem\u00e1s centra a la ciudad como referente mundial del arte figurativo\u00bb. <\/p>\n<p class=\"v-d-p\" style=\"\">El Ayuntamiento de C\u00f3rdoba cedi\u00f3 por 75 a\u00f1os la parte de uso ecuestre de Caballerizas Reales a C\u00f3rdoba Ecuestre, pero se reserv\u00f3 otras partes del edificio destinadas a salas de uso muse\u00edstico. Una de ellas, en relaci\u00f3n con el mundo del caballo tambi\u00e9n. Sin embargo, en otra, el Ayuntamiento plantea ya <strong>una sala expositiva de arte moderno<\/strong> para la que tendr\u00e1 que hacer una peque\u00f1a rehabilitaci\u00f3n antes de abrir.<\/p>\n<p class=\"v-d-p\" style=\"\">No hay una fecha de apertura, ni tan siquiera un plazo. El Ayuntamiento de C\u00f3rdoba solo ha firmado el protocolo de intenci\u00f3n para que los tr\u00e1mites sigan su curso ya con el proyecto desarrollado. La delegada de Contrataci\u00f3n del Consistorio, Cintia Bustos, ha explicado que \u00ablos espacios objeto de la cesi\u00f3n ser\u00e1n <strong>el nivel 0 y el nivel 1 del ala este<\/strong>\u00bb.<\/p>\n<p class=\"v-d-p\" style=\"\">En el nivel 0 se ubicar\u00e1 la sala de exposiciones complementaria y la principal estar\u00e1 en el nivel 1. En el nivel 0 estar\u00e1n ubicados los aseos, las escaleras, el ascensor, un almac\u00e9n y la sala complementaria. Luego en el nivel 1 habr\u00e1 un \u00e1rea de recepci\u00f3n, otro almac\u00e9n, escalera, ascensores y los accesos. Aqu\u00ed estar\u00e1 la<a href=\"https:\/\/www.abc.es\/espana\/andalucia\/cordoba\/quesarte-cordoba-celebra-segunda-edicion-quesos-espana-20260420132313-nts.html\" target=\"_self\" data-voc-vtm-id=\"in-text-traffic\" title=\" sala de exposiciones principal\" rel=\"nofollow noopener\"> sala de exposiciones principal<\/a>, divida en dos alturas. \ufeff<\/p>\n<p class=\"v-d-p\" style=\"\">Bustos ha asegurado que \u00abC\u00f3rdoba ha sido elegida para albergar esta sala muse\u00edstica tras el reiterado \u00e9xito que hemos tenido en colaboraciones anteriores con el MEAM de Barcelona. C\u00f3rdoba es <strong>uno de los centros del arte figurativo espa\u00f1ol contempor\u00e1neo<\/strong>, y esto justifica esta colaboraci\u00f3n para que Caballerizas Reales sea el epicentro.<\/p>\n<p class=\"v-d-p\" style=\"\">La cesi\u00f3n conllevar\u00e1 el pago de un canon que no est\u00e1 estipulado, pero Bustos ha adelantado que \u00abtras esta declaraci\u00f3n de intenciones, el proyecto muse\u00edstico ser\u00e1 realidad en los pr\u00f3ximos a\u00f1os\u00bb. <\/p>\n","protected":false},"excerpt":{"rendered":"El Ayuntamiento de C\u00f3rdoba da luz verde al proyecto para que las Caballerizas Reales alberguen una sede permanente&hellip;\n","protected":false},"author":2,"featured_media":532963,"comment_status":"","ping_status":"","sticky":false,"template":"","format":"standard","meta":{"footnotes":""},"categories":[173],"tags":[104630,229,233,231,230,210,104618,232,234,146,147,25,24,5824,1875,34493,470,28766,4569,23,1049],"class_list":["post-532962","post","type-post","status-publish","format-standard","has-post-thumbnail","category-arte-y-diseno","tag-alberguen","tag-arte","tag-arte-y-diseno","tag-arts","tag-arts-and-design","tag-barcelona","tag-caballerizas","tag-design","tag-diseno","tag-entertainment","tag-entretenimiento","tag-es","tag-espana","tag-europeo","tag-luz","tag-moderno","tag-museo","tag-reales","tag-sede","tag-spain","tag-verde"],"share_on_mastodon":{"url":"https:\/\/pubeurope.com\/@es\/116517085284277031","error":""},"_links":{"self":[{"href":"https:\/\/www.europesays.com\/es\/wp-json\/wp\/v2\/posts\/532962","targetHints":{"allow":["GET"]}}],"collection":[{"href":"https:\/\/www.europesays.com\/es\/wp-json\/wp\/v2\/posts"}],"about":[{"href":"https:\/\/www.europesays.com\/es\/wp-json\/wp\/v2\/types\/post"}],"author":[{"embeddable":true,"href":"https:\/\/www.europesays.com\/es\/wp-json\/wp\/v2\/users\/2"}],"replies":[{"embeddable":true,"href":"https:\/\/www.europesays.com\/es\/wp-json\/wp\/v2\/comments?post=532962"}],"version-history":[{"count":0,"href":"https:\/\/www.europesays.com\/es\/wp-json\/wp\/v2\/posts\/532962\/revisions"}],"wp:featuredmedia":[{"embeddable":true,"href":"https:\/\/www.europesays.com\/es\/wp-json\/wp\/v2\/media\/532963"}],"wp:attachment":[{"href":"https:\/\/www.europesays.com\/es\/wp-json\/wp\/v2\/media?parent=532962"}],"wp:term":[{"taxonomy":"category","embeddable":true,"href":"https:\/\/www.europesays.com\/es\/wp-json\/wp\/v2\/categories?post=532962"},{"taxonomy":"post_tag","embeddable":true,"href":"https:\/\/www.europesays.com\/es\/wp-json\/wp\/v2\/tags?post=532962"}],"curies":[{"name":"wp","href":"https:\/\/api.w.org\/{rel}","templated":true}]}}