{"id":533199,"date":"2026-05-04T18:37:12","date_gmt":"2026-05-04T18:37:12","guid":{"rendered":"https:\/\/www.europesays.com\/es\/533199\/"},"modified":"2026-05-04T18:37:12","modified_gmt":"2026-05-04T18:37:12","slug":"un-nino-de-8-anos-en-estado-critico-tras-caer-desde-unos-quince-metros-en-un-colegio-de-fisterra-la-voz-de-galicia","status":"publish","type":"post","link":"https:\/\/www.europesays.com\/es\/533199\/","title":{"rendered":"Un ni\u00f1o de 8 a\u00f1os, en estado cr\u00edtico tras caer desde unos quince metros en un colegio de Fisterra &#8211; La Voz de Galicia"},"content":{"rendered":"<ol>\n<li><a href=\"https:\/\/news.google.com\/rss\/articles\/CBMi8wFBVV95cUxQQnctamh6c3FEVElqUEhIekptY3FaTkRnczgySFY2M1k0al9NZmtnOVQ2NDR4WHM2MVItQ1Q0N3otQlRSZHhOd2VBdVdaUjNmU1J2ZjhfVl91MkpWQXk0Q2VHdzJXcGJ6eW5jY25EWmI1TGx4UWwxUzVUQXJIQjMySGRwa3pmNTlKcDhWOTFnQVc2b1FnbzVsczBiT3hIdFFRTGx0SlZjMHMtSDNfeVBwUnZPRXNKeXNKQndLM1I0QlZieHR0d3lCeFcybnlvYXVlQ2RvcXJVQVVCcnowS3dmN08xeTZIWldWcjNwZl9pOVdwNnfSAY8CQVVfeXFMUFFvd2x0blpYdjZUMnFuT2xPU0JYNFUzUVJnVWt6bENJLUtjdE9GNWw2S3U1TVMtYVJQQU5vV1Y3VVRCdTdIMEtJUFVqZFZ5dl9hU09RRFZKUmF6dlRfc28wLVRUUEFjdmhwd1NsNW1JdE54XzlaaEVmXzdOM0VzbDFEbC1kbS0xcUU5SlBab0RLdWxWUVJYYWM1WGx3OGlPUXFKX2gtd044dUoxSTdCLTJNc2Y5bmRXV1dnQlhSN3BIZTVSUXp2Ynpid1Q2N0xkbDdGUjNoSjMwQ1ZiNDdNVDBSc3U2REluQ0hldXg5ZzYyTGNGOGFTcGV1LTNxckNQWG16MVNrck1NNlFuU1kxaw?oc=5\" target=\"_blank\" rel=\"nofollow noopener\">Un ni\u00f1o de 8 a\u00f1os, en estado cr\u00edtico tras caer desde unos quince metros en un colegio de Fisterra<\/a>&nbsp;&nbsp;La Voz de Galicia<\/li>\n<li><a href=\"https:\/\/news.google.com\/rss\/articles\/CBMi5gFBVV95cUxOYUNLSnYtd2xLNHlrNXVWOEczVkRqaDA2ZTViSGlRR1BxM0tXUnphdlh0dGRvdURnS1RsYlBzV2tNTWR6anV4aHdabzVEcVJYb29yd1gycHQyN0R0NDg1a091TjBkUUNIT3liQzVXVGRwRUIwUkVaMzJSME1jUGs0d0lrbHEwcV9nd0NTbzhTYkdaNkN0MjdkWWtXdjZHc3piZWZtYW03WE9Ucm1xcFVVRno4bjRfS2NYOGVOcXV0QXJmODRPazZ5OEZNV0NYWW1NWVV4cWV6a1dlV1NzbkNISjFyZGxDUdIBggJBVV95cUxNYTJQSjVvdUV4dmtZVkkwaXRDVFVzdEhsNjAxUWFna3ZzR1ZqeVljRXRaZ2I2d2VpVkhnR0djdE8xQ2FCQUJ6V1VCRlN5dkNIR2hzVkhBeWhkeVZmWkR2Tm5aUGpjci1qR2RVZXNMblUyOWdKSmRiVDktX05BSmYxRFpRR0dvc0U4ZUl1NGN2LW9DNlZld1ZyZWpEWUw5MkRKT1YyUnRYTFhmNHVZVm01UzA4NzN3ejR2QTZGRUxaZnhPVjQtU1A2Z3dZSDVfaDU4Zl9nRm8ySlRLYW1yY3A4MmtyUG13V3hYN3R3d2lLclVrNjdncjJmOUY4d19lOEVQQmc?oc=5\" target=\"_blank\" rel=\"nofollow noopener\">Muere un ni\u00f1o de 8 a\u00f1os tras caer desde unos diez metros en un colegio de Fisterra<\/a>&nbsp;&nbsp;La Voz de Galicia<\/li>\n<li><a href=\"https:\/\/news.google.com\/rss\/articles\/CBMipAFBVV95cUxORzFMaDNNVWQ0MHB1T3Z0R3d2TC1jWW52U0lMbll0dkl2MHpJRmpwcS1GN0VSd2FjOE4tN1M4LWtkMkk3VXNCOTd1TU9xQURWS19Jb3lrcmZfcEFXY1hCWkhoR1pqdGJRUjlpeEZEc3VSYk9oTGFOeVhuRU9RZTBkNTBDVmgyNmE4RFN1SVo4STg4OXJiWHZXMlFJY29LcC00S1FGatIBpAFBVV95cUxObHZJN0xiR2NMd1lfYmJfNW9fNE5FYy1Lc0tzZkNJU2huNTJrbFZjQlVQUER3UDV6NWR0dWxZLTVBdmVldS1wczhkOGRUM29rY1Q1cURiSUNkeGR6VURJWDYtM1hlNU5Ya0F3NWtfc010aDYwLUZFb3ZFNU5iU1hXNFVsa3V6WmRBWTZpeDN1VndGOFU1M2pjMDdCVFRzMXV3OHZ1Yw?oc=5\" target=\"_blank\" rel=\"nofollow noopener\">Investigan la muerte de un ni\u00f1o en un centro de menores en Fisterra (A Coru\u00f1a)<\/a>&nbsp;&nbsp;El Peri\u00f3dico<\/li>\n<li><a href=\"https:\/\/news.google.com\/rss\/articles\/CBMi2AFBVV95cUxNSTFhTERBYmdiXzBhOXhudGJoQlZMR0hNdFNLT2piV3g3NTloYVBRblVibG1NU2FoS21majlsWEFOX1VQZDl0LTRrdFRnTTdsX0F0Q25DSmJ4a1YySkFJMXVNVlBEOXdma3FPRVk5NzNkeGs5d2FvNDhKOTIweUROaG9iWnVZbnc4SXBmYm5ZbkJHOFhFYzdTQ25KOHR3LVZNSnR6am1WQmtfMk5HZ2Z0bXR0RGZGNGxtTTBuLXRaaXdCbFpfcHM5WjUtdVluTmhHS3BwazVaZGzSAewBQVVfeXFMT1JvNlAxZllaOVFuc0JJMjRuUGIwT3d0aEdaZWZBSHBrTktqR3pzaUE5ZW5VaGUwaFQyVjBsR2J5M1pQN25EV0JUdkt1SEVYSUxkdjY0RHp1OVFVSGRpbzFwcHpUSEx3TmttYUgzR2F5MENmWWFlYnNqMUt6cmQ4cEhFWU1sNFpDQlhlVlVtNFpjYjhQby10ZzZWbUhmM2ZJb2xpZi1SREhKejlKRFZoYnRLZGp4MnQ4NDZELVNPOVZoNEFLR0NHNXVaRndYRnFrei1uLUdfT3ZTaFV0UWNYMmhJbXI5OHFsTUl4Y1g?oc=5\" target=\"_blank\" rel=\"nofollow noopener\">Morre un cativo de 8 anos en Fisterra tras caer dende unha altura de m\u00e1is de 10 metros<\/a>&nbsp;&nbsp;Cadena SER<\/li>\n<li><a href=\"https:\/\/news.google.com\/rss\/articles\/CBMipwFBVV95cUxOeVdQbjU4Y1gwejV6Zy1PMkFmNVhHNlltQlpYanNzOS14RTFmV2lER2RTSGpSb2M0cU93M252NXM2N241clRsSFZ1VGhQUzljV3EzbjdpRHl4aklnc0R2UGhmaWRnUnZtS0tqZFFWR2s1LWhJbEhUdjIxRTQ1SE1WcndKaVJPVHEtWUUtTlhUQmVwZTZlTl90LTVlUjhNSm9BYUlyTTJRUQ?oc=5\" target=\"_blank\" rel=\"nofollow noopener\">Muere un ni\u00f1o de 8 a\u00f1os tras precipitarse desde unos 15 metros de altura en Fisterra<\/a>&nbsp;&nbsp;ABC<\/li>\n<\/ol>\n","protected":false},"excerpt":{"rendered":"Un ni\u00f1o de 8 a\u00f1os, en estado cr\u00edtico tras caer desde unos quince metros en un colegio de&hellip;\n","protected":false},"author":2,"featured_media":533200,"comment_status":"","ping_status":"","sticky":false,"template":"","format":"standard","meta":{"footnotes":""},"categories":[8],"tags":[17,18,25,24,13,14,23628,11,19,20,9,10,15,16,23,12,21,22],"class_list":["post-533199","post","type-post","status-publish","format-standard","has-post-thumbnail","category-espana","tag-breaking-news","tag-breakingnews","tag-es","tag-espana","tag-featured-news","tag-featurednews","tag-fisterra","tag-headlines","tag-latest-news","tag-latestnews","tag-news","tag-noticias","tag-noticias-destacadas","tag-noticiasdestacadas","tag-spain","tag-titulares","tag-ultimas-noticias","tag-ultimasnoticias"],"share_on_mastodon":{"url":"https:\/\/pubeurope.com\/@es\/116517761755836155","error":""},"_links":{"self":[{"href":"https:\/\/www.europesays.com\/es\/wp-json\/wp\/v2\/posts\/533199","targetHints":{"allow":["GET"]}}],"collection":[{"href":"https:\/\/www.europesays.com\/es\/wp-json\/wp\/v2\/posts"}],"about":[{"href":"https:\/\/www.europesays.com\/es\/wp-json\/wp\/v2\/types\/post"}],"author":[{"embeddable":true,"href":"https:\/\/www.europesays.com\/es\/wp-json\/wp\/v2\/users\/2"}],"replies":[{"embeddable":true,"href":"https:\/\/www.europesays.com\/es\/wp-json\/wp\/v2\/comments?post=533199"}],"version-history":[{"count":0,"href":"https:\/\/www.europesays.com\/es\/wp-json\/wp\/v2\/posts\/533199\/revisions"}],"wp:featuredmedia":[{"embeddable":true,"href":"https:\/\/www.europesays.com\/es\/wp-json\/wp\/v2\/media\/533200"}],"wp:attachment":[{"href":"https:\/\/www.europesays.com\/es\/wp-json\/wp\/v2\/media?parent=533199"}],"wp:term":[{"taxonomy":"category","embeddable":true,"href":"https:\/\/www.europesays.com\/es\/wp-json\/wp\/v2\/categories?post=533199"},{"taxonomy":"post_tag","embeddable":true,"href":"https:\/\/www.europesays.com\/es\/wp-json\/wp\/v2\/tags?post=533199"}],"curies":[{"name":"wp","href":"https:\/\/api.w.org\/{rel}","templated":true}]}}