{"id":533410,"date":"2026-05-04T21:23:12","date_gmt":"2026-05-04T21:23:12","guid":{"rendered":"https:\/\/www.europesays.com\/es\/533410\/"},"modified":"2026-05-04T21:23:12","modified_gmt":"2026-05-04T21:23:12","slug":"muere-un-nino-de-8-anos-tras-caer-desde-unos-diez-metros-en-un-colegio-de-fisterra-la-voz-de-galicia","status":"publish","type":"post","link":"https:\/\/www.europesays.com\/es\/533410\/","title":{"rendered":"Muere un ni\u00f1o de 8 a\u00f1os tras caer desde unos diez metros en un colegio de Fisterra &#8211; La Voz de Galicia"},"content":{"rendered":"<ol>\n<li><a href=\"https:\/\/news.google.com\/rss\/articles\/CBMi5gFBVV95cUxOYUNLSnYtd2xLNHlrNXVWOEczVkRqaDA2ZTViSGlRR1BxM0tXUnphdlh0dGRvdURnS1RsYlBzV2tNTWR6anV4aHdabzVEcVJYb29yd1gycHQyN0R0NDg1a091TjBkUUNIT3liQzVXVGRwRUIwUkVaMzJSME1jUGs0d0lrbHEwcV9nd0NTbzhTYkdaNkN0MjdkWWtXdjZHc3piZWZtYW03WE9Ucm1xcFVVRno4bjRfS2NYOGVOcXV0QXJmODRPazZ5OEZNV0NYWW1NWVV4cWV6a1dlV1NzbkNISjFyZGxDUdIBggJBVV95cUxNYTJQSjVvdUV4dmtZVkkwaXRDVFVzdEhsNjAxUWFna3ZzR1ZqeVljRXRaZ2I2d2VpVkhnR0djdE8xQ2FCQUJ6V1VCRlN5dkNIR2hzVkhBeWhkeVZmWkR2Tm5aUGpjci1qR2RVZXNMblUyOWdKSmRiVDktX05BSmYxRFpRR0dvc0U4ZUl1NGN2LW9DNlZld1ZyZWpEWUw5MkRKT1YyUnRYTFhmNHVZVm01UzA4NzN3ejR2QTZGRUxaZnhPVjQtU1A2Z3dZSDVfaDU4Zl9nRm8ySlRLYW1yY3A4MmtyUG13V3hYN3R3d2lLclVrNjdncjJmOUY4d19lOEVQQmc?oc=5\" target=\"_blank\" rel=\"nofollow noopener\">Muere un ni\u00f1o de 8 a\u00f1os tras caer desde unos diez metros en un colegio de Fisterra<\/a>&nbsp;&nbsp;La Voz de Galicia<\/li>\n<li><a href=\"https:\/\/news.google.com\/rss\/articles\/CBMipAFBVV95cUxORzFMaDNNVWQ0MHB1T3Z0R3d2TC1jWW52U0lMbll0dkl2MHpJRmpwcS1GN0VSd2FjOE4tN1M4LWtkMkk3VXNCOTd1TU9xQURWS19Jb3lrcmZfcEFXY1hCWkhoR1pqdGJRUjlpeEZEc3VSYk9oTGFOeVhuRU9RZTBkNTBDVmgyNmE4RFN1SVo4STg4OXJiWHZXMlFJY29LcC00S1FGatIBpAFBVV95cUxObHZJN0xiR2NMd1lfYmJfNW9fNE5FYy1Lc0tzZkNJU2huNTJrbFZjQlVQUER3UDV6NWR0dWxZLTVBdmVldS1wczhkOGRUM29rY1Q1cURiSUNkeGR6VURJWDYtM1hlNU5Ya0F3NWtfc010aDYwLUZFb3ZFNU5iU1hXNFVsa3V6WmRBWTZpeDN1VndGOFU1M2pjMDdCVFRzMXV3OHZ1Yw?oc=5\" target=\"_blank\" rel=\"nofollow noopener\">Investigan la muerte de un ni\u00f1o en un centro de menores en Fisterra (A Coru\u00f1a)<\/a>&nbsp;&nbsp;El Peri\u00f3dico<\/li>\n<li><a href=\"https:\/\/news.google.com\/rss\/articles\/CBMitgFBVV95cUxQajNHLXFQdThfdUNreWVaNFhlWE9zdm1GZndtME12TmhtN0xtQ0JSSmhRT0ZVVHlKb1RKMHJkN0dEY2VVQk5BVFhiT20xZUZOSTVMOG4tdHZoWGtCTFktV09GRkxRTlhEUVlWWDgwT0JsR3k0bjVXdnpZVHZ3aGk0dVZscXhKMlZqVTBiNTFXb3E2NTByb01FSEVGM3NiY3Z2X0tqdTJmeElIR3V6Um53emYxV2RzZ9IBuwFBVV95cUxPb192UFJVQlF5V0FsRFdRRFVJWUcwREx1VVdUYjhqT0ZsSHdGYWpTZzBsNTIzRzd3U244czM3cGZYdzZlMGZTWVd6dXNjbjFOWGRHbXFoczFpbk4ySnlUbmI1Mnl2TjFVTXJzRFA4aUV2ZE1BMi00aFdSNXNUc0o0WmJMQzRsUGMxY1NsTGFtYjFVdXNjWW0xR0NrUTQteDNfZmlacWUzeTRVRUwzamZlYWlueXhESDloT3pB?oc=5\" target=\"_blank\" rel=\"nofollow noopener\">Fallece un ni\u00f1o de 8 a\u00f1os tras precipitarse desde unos 15 metros en un colegio de Galicia<\/a>&nbsp;&nbsp;Noticias de Navarra<\/li>\n<li><a href=\"https:\/\/news.google.com\/rss\/articles\/CBMiwAFBVV95cUxQWXdVWm1rS1V6S0pGemF4d0dZRThEZVJ2bkRyd0c2V1E5UGVyUHhqRDEwM2ExZVlyT0lyUlhnWXFGSDNZS2RBTk1weHpmdkF5YkdlZ0VqZjYyWUstN2pRTUNCZV9nU0NsRVpETjhHOEMtNTJIX3k3UXhQVi0zdW9OMWNyYk81QTRPX1VZOHJwMkhlWUdCUzRRX2xlOXV3bVpXbzdFVmdkR2ZBMjZHWmk2ZllfU19XYVAtUEFENDJ4cnQ?oc=5\" target=\"_blank\" rel=\"nofollow noopener\">Muere un ni\u00f1o de ocho a\u00f1os tras caer desde una ventana a m\u00e1s de 10 metros en Fisterra, A Coru\u00f1a<\/a>&nbsp;&nbsp;Telecinco<\/li>\n<li><a href=\"https:\/\/news.google.com\/rss\/articles\/CBMivwFBVV95cUxPY244TE9HWjRVdUkyNmpQVGN1RmxIZHdTQlFLc256WGFzSC15c2lzNGdzUnkxbXA5VGk0c1AtT0ZDQTRqQ19VVkl2ZWpjY2NSOGZqcURnd0hhdFFmRU1MMEtrNHZteHdUSUdmQmpROHBIejFKNl95cGplX0otbzE5Ujljd0p4MnBTVzBTSTZtaUZWVDQwVzBzek9CMFMzMHpXbl9NWmZzajVCVEdNNHItVTlDaTBmZFpySlduUmRvY9IB0wFBVV95cUxOamRGb3JKVmVxdW1fTHpjTkNmcTRac1lBQ1F3dW82ak9ieWRIay1SQjJLYTFQUkJKYk5mSkEwYU1icVIxOG9mLWxBY1ZkUzBxU0VEODB6dzVib1FHd2VNS0s3aWtQSzJMdV9BZDExLVBCaXphSzkyYkN2U3Q2RmVqcDBwNXlSazNSdHUwbUxhTkZvN0RuN0MydzQtOVQ3a1hjYzh6S2ZpUXdoREM3S3RjUDdrMkpES2pNOXdvZFBoMHhHY3BQQ3VsOGctX2RFMThYeE9v?oc=5\" target=\"_blank\" rel=\"nofollow noopener\">Muere un ni\u00f1o de 8 a\u00f1os al caer desde m\u00e1s de 10 metros en Fisterra<\/a>&nbsp;&nbsp;Cadena SER<\/li>\n<\/ol>\n","protected":false},"excerpt":{"rendered":"Muere un ni\u00f1o de 8 a\u00f1os tras caer desde unos diez metros en un colegio de Fisterra&nbsp;&nbsp;La Voz&hellip;\n","protected":false},"author":2,"featured_media":533411,"comment_status":"","ping_status":"","sticky":false,"template":"","format":"standard","meta":{"footnotes":""},"categories":[5],"tags":[17,18,25,24,13,14,23628,11,19,20,9,10,15,16,23,12,21,22],"class_list":["post-533410","post","type-post","status-publish","format-standard","has-post-thumbnail","category-titulares","tag-breaking-news","tag-breakingnews","tag-es","tag-espana","tag-featured-news","tag-featurednews","tag-fisterra","tag-headlines","tag-latest-news","tag-latestnews","tag-news","tag-noticias","tag-noticias-destacadas","tag-noticiasdestacadas","tag-spain","tag-titulares","tag-ultimas-noticias","tag-ultimasnoticias"],"share_on_mastodon":{"url":"https:\/\/pubeurope.com\/@es\/116518414354011742","error":""},"_links":{"self":[{"href":"https:\/\/www.europesays.com\/es\/wp-json\/wp\/v2\/posts\/533410","targetHints":{"allow":["GET"]}}],"collection":[{"href":"https:\/\/www.europesays.com\/es\/wp-json\/wp\/v2\/posts"}],"about":[{"href":"https:\/\/www.europesays.com\/es\/wp-json\/wp\/v2\/types\/post"}],"author":[{"embeddable":true,"href":"https:\/\/www.europesays.com\/es\/wp-json\/wp\/v2\/users\/2"}],"replies":[{"embeddable":true,"href":"https:\/\/www.europesays.com\/es\/wp-json\/wp\/v2\/comments?post=533410"}],"version-history":[{"count":0,"href":"https:\/\/www.europesays.com\/es\/wp-json\/wp\/v2\/posts\/533410\/revisions"}],"wp:featuredmedia":[{"embeddable":true,"href":"https:\/\/www.europesays.com\/es\/wp-json\/wp\/v2\/media\/533411"}],"wp:attachment":[{"href":"https:\/\/www.europesays.com\/es\/wp-json\/wp\/v2\/media?parent=533410"}],"wp:term":[{"taxonomy":"category","embeddable":true,"href":"https:\/\/www.europesays.com\/es\/wp-json\/wp\/v2\/categories?post=533410"},{"taxonomy":"post_tag","embeddable":true,"href":"https:\/\/www.europesays.com\/es\/wp-json\/wp\/v2\/tags?post=533410"}],"curies":[{"name":"wp","href":"https:\/\/api.w.org\/{rel}","templated":true}]}}