{"id":534617,"date":"2026-05-05T14:06:27","date_gmt":"2026-05-05T14:06:27","guid":{"rendered":"https:\/\/www.europesays.com\/es\/534617\/"},"modified":"2026-05-05T14:06:27","modified_gmt":"2026-05-05T14:06:27","slug":"hallan-muerta-a-la-cantante-viguesa-seila-esencia-tras-dos-semanas-de-desaparicion","status":"publish","type":"post","link":"https:\/\/www.europesays.com\/es\/534617\/","title":{"rendered":"Hallan muerta a la cantante viguesa Seila Esencia tras dos semanas de desaparici\u00f3n"},"content":{"rendered":"<p class=\"article-text\">\n        La Polic\u00eda Nacional ha informado de la aparici\u00f3n del cuerpo sin vida de la cantante viguesa Seila \u00c1lvarez, conocida como Seila Esencia, desaparecida desde el pasado 20 de abril.\n    <\/p>\n<p>    <a href=\"https:\/\/www.eldiario.es\/galicia\/muere-actor-gallego-xabier-deive-conocida-trabajo-series-ministerio-tiempo-faro_1_11534268.html\" data-mrf-recirculation=\"saber-mas\" data-dl-event=\"saber-mas\" rel=\"nofollow noopener\" target=\"_blank\"><\/p>\n<p class=\"know-more__title\">Muere el actor gallego Xabier Deive, conocido por su trabajo en series como &#8216;El ministerio del tiempo&#8217; o &#8216;O Faro&#8217;<\/p>\n<p>            <img decoding=\"async\" class=\"lazy\" loading=\"lazy\" data-src=\"https:\/\/static.eldiario.es\/clip\/c1294392-fcfa-4e42-8cd7-414e9d287fc5_16-9-aspect-ratio_default_0.jpg\" src=\"data:image\/svg+xml,%3Csvg xmlns=\" http:=\"\" viewbox=\"0 0 880 495\" alt=\"Muere el actor gallego Xabier Deive, conocido por su trabajo en series como 'El ministerio del tiempo' o 'O Faro'\"\/><\/p>\n<p>                        <\/a><\/p>\n<p class=\"article-text\">\n        Seg\u00fan fuentes policiales citadas por Europa Press, el cad\u00e1ver fue hallado en la madrugada de este martes en la zona de la v\u00eda verde de la ciudad ol\u00edvica. Su ausencia, tras m\u00e1s de dos semanas, hab\u00eda trascendido apenas unas horas antes, a traves de una alerta enviada por SOS Desaparecidos.\n    <\/p>\n<p class=\"article-text\">\n        Adem\u00e1s, a\u00f1aden que \u201caparentemente\u201d no hay se\u00f1ales de criminalidad en su muerte, aunque cabe esperar a la autopsia para conocer las causas de su fallecimiento.\n    <\/p>\n<p>    <a href=\"https:\/\/www.eldiario.es\/galicia\/fallece-24-anos-cantante-actor-gallego-siro-ouro-interpreto-alex-mesias_1_12892896.html\" data-mrf-recirculation=\"saber-mas-abajo\" data-dl-event=\"saber-mas-abajo\" rel=\"nofollow noopener\" target=\"_blank\"><\/p>\n<p class=\"know-more__title\">Muere a los 24 a\u00f1os el cantante y actor gallego Siro Ouro, que interpret\u00f3 a \u00c1lex en &#8216;La mes\u00edas&#8217;<\/p>\n<p>            <img decoding=\"async\" class=\"lazy\" loading=\"lazy\" data-src=\"https:\/\/static.eldiario.es\/clip\/b3fdab76-d805-4359-b408-5c53edb8d220_16-9-aspect-ratio_default_0_x381y119.jpg\" src=\"data:image\/svg+xml,%3Csvg xmlns=\" http:=\"\" viewbox=\"0 0 880 495\" alt=\"Muere a los 24 a\u00f1os el cantante y actor gallego Siro Ouro, que interpret\u00f3 a \u00c1lex en 'La mes\u00edas'\"\/><\/p>\n<p>                        <\/a><\/p>\n<p class=\"article-text\">\n        La mujer ten\u00eda 39 a\u00f1os de edad y era muy activa en el ambiente musical y art\u00edstico de Vigo, tras participar en 2015 en el &#8216;talent show&#8217; de TVE, &#8216;Hit La Canci\u00f3n&#8217;.\n    <\/p>\n","protected":false},"excerpt":{"rendered":"La Polic\u00eda Nacional ha informado de la aparici\u00f3n del cuerpo sin vida de la cantante viguesa Seila \u00c1lvarez,&hellip;\n","protected":false},"author":2,"featured_media":534618,"comment_status":"","ping_status":"","sticky":false,"template":"","format":"standard","meta":{"footnotes":""},"categories":[8],"tags":[517,1705,17,18,25,24,13,14,816,11,7386,19,20,7318,9,10,15,16,1925,7387,1146,23,12,21,22],"class_list":["post-534617","post","type-post","status-publish","format-standard","has-post-thumbnail","category-espana","tag-actualidad","tag-analisis","tag-breaking-news","tag-breakingnews","tag-es","tag-espana","tag-featured-news","tag-featurednews","tag-galicia","tag-headlines","tag-la-coruna","tag-latest-news","tag-latestnews","tag-lugo","tag-news","tag-noticias","tag-noticias-destacadas","tag-noticiasdestacadas","tag-opinion","tag-orense","tag-pontevedra","tag-spain","tag-titulares","tag-ultimas-noticias","tag-ultimasnoticias"],"share_on_mastodon":{"url":"https:\/\/pubeurope.com\/@es\/116522358408365569","error":""},"_links":{"self":[{"href":"https:\/\/www.europesays.com\/es\/wp-json\/wp\/v2\/posts\/534617","targetHints":{"allow":["GET"]}}],"collection":[{"href":"https:\/\/www.europesays.com\/es\/wp-json\/wp\/v2\/posts"}],"about":[{"href":"https:\/\/www.europesays.com\/es\/wp-json\/wp\/v2\/types\/post"}],"author":[{"embeddable":true,"href":"https:\/\/www.europesays.com\/es\/wp-json\/wp\/v2\/users\/2"}],"replies":[{"embeddable":true,"href":"https:\/\/www.europesays.com\/es\/wp-json\/wp\/v2\/comments?post=534617"}],"version-history":[{"count":0,"href":"https:\/\/www.europesays.com\/es\/wp-json\/wp\/v2\/posts\/534617\/revisions"}],"wp:featuredmedia":[{"embeddable":true,"href":"https:\/\/www.europesays.com\/es\/wp-json\/wp\/v2\/media\/534618"}],"wp:attachment":[{"href":"https:\/\/www.europesays.com\/es\/wp-json\/wp\/v2\/media?parent=534617"}],"wp:term":[{"taxonomy":"category","embeddable":true,"href":"https:\/\/www.europesays.com\/es\/wp-json\/wp\/v2\/categories?post=534617"},{"taxonomy":"post_tag","embeddable":true,"href":"https:\/\/www.europesays.com\/es\/wp-json\/wp\/v2\/tags?post=534617"}],"curies":[{"name":"wp","href":"https:\/\/api.w.org\/{rel}","templated":true}]}}