{"id":534929,"date":"2026-05-05T18:02:12","date_gmt":"2026-05-05T18:02:12","guid":{"rendered":"https:\/\/www.europesays.com\/es\/534929\/"},"modified":"2026-05-05T18:02:12","modified_gmt":"2026-05-05T18:02:12","slug":"un-juzgado-investiga-ya-la-adjudicacion-de-obras-en-sendaviva-y-remite-al-tribunal-superior-las-del-piso-de-alzorriz-psn","status":"publish","type":"post","link":"https:\/\/www.europesays.com\/es\/534929\/","title":{"rendered":"Un juzgado investiga ya la adjudicaci\u00f3n de obras en Sendaviva y remite al tribunal superior las del piso de Alz\u00f3rriz (PSN)"},"content":{"rendered":"<p class=\"paragraph\">La justicia va a <b>investigar las obras en el parque Sendaviva<\/b> tras el incendio de 2022 y las obras <b>realizadas en el piso del parlamentario socialista Ram\u00f3n Alz\u00f3rriz<\/b>, llevadas a cabo por la misma constructora.\u00a0<\/p>\n<p class=\"paragraph\">El Juzgado de Instrucci\u00f3n n\u00ba 5 ha<b> admitido a tr\u00e1mite la querella presentada por VOX<\/b> en relaci\u00f3n con estos hechos contra el due\u00f1o de la constructora y el gerente de <b>Sendaviva,<\/b> a los que el partido pol\u00edtico imputa los delitos de cohecho y tr\u00e1fico de influencias.\u00a0Sobre\u00a0<b>Alz\u00f3rriz,<\/b>\u00a0al ser aforado ante la Sala de lo Penal del\u00a0<b>Tribunal Superior de Justicia de Navarra<\/b>, la magistrada remite testimonio de la querella interpuesta a este \u00f3rgano, \u00abpara la tramitaci\u00f3n en su caso del procedimiento\u00bb en relaci\u00f3n al parlamentario socialista.<\/p>\n<p class=\"paragraph\"><b>La querella tambi\u00e9n iba dirigida contra el consejero de Hacienda del Gobierno de Navarra, Jos\u00e9 Luis Arasti, pero en este caso la inadmite<\/b> por faltar el poder especial para interponer la querella en su contra. Est\u00e1 por ver qu\u00e9 ocurre cuando se subsane este tr\u00e1mite procesal, pues Arasti, como consejero del Gobierno de Navarra, solo puede ser investigado por el<b> Tribunal Supremo <\/b>por su condici\u00f3n de aforado. La querella va dirigida contra \u00e9l por ser\u00a0consejero delegado de la Corporaci\u00f3n P\u00fablica Empresarial de Navarra (CPEN), donde est\u00e1 integrada NICDO (Navarra Impulsa Cultura, Deporte y Ocio), que es administrador \u00fanico y due\u00f1o del 45% de Parquenasa, empresa propietaria de Sendavida. El otro 55% de Parquenasa pertenece a socios privados (Grupo la Informaci\u00f3n, editora de &#8216;Diario de Navarra&#8217;, Criteria de Caixabank y el que era un grupo constructor, Grupo Sanzol).<\/p>\n<p class=\"paragraph\">El caso fue denunciado por el partido pol\u00edtico VOX el pasado verano. Seg\u00fan la querella, <b>los contratos, que suman casi 800.000 euros, se \u00abtrocearon\u00bb para no superar por separado los 200.000 euros<\/b> que requerir\u00edan una mesa de contrataci\u00f3n. Algunas de estas adjudicaciones no llegan a ese m\u00ednimo por un solo euro.\u00a0<\/p>\n<p class=\"paragraph\">Por ello, el juzgado solicita a la Intervenci\u00f3n General del Gobierno de Navarra informes sobre estos contratos y acuerda remitir los informes enviados por Parquenasa a la C\u00e1mara de Comptos para que emita un informe sobre su licitud o ilicitud del fraccionamiento de contratos de las obras de Sendavia. Con el resultado de estas pruebas, a\u00f1ade la magistrada en su auto, se resolver\u00e1 sobre las dem\u00e1s diligencias interesadas.<\/p>\n<p class=\"paragraph\">Cronol\u00f3gicamente, el escrito de VOX comienza con el parque de Sendaviva, gestionado por <b>Parquenasa<\/b>. Tras el incendio que afect\u00f3 al parque en el verano de 2022, se adjudicaron<b> a finales de 2023 las obras de reconstrucci\u00f3n<\/b>.\u00a0<\/p>\n<p class=\"paragraph\">Seg\u00fan expone <b>VOX <\/b>en su querella, el contrato de ejecuci\u00f3n de obra se \u00abtroce\u00f3\u00bb en cuatro contratos para que ninguno de ellos llegara a 200.000 euros, el l\u00edmite que marca la ley para constituir una mesa de contrataci\u00f3n.<\/p>\n<p class=\"paragraph\"><b>Los cuatro contratos se concedieron a la empresa Adentro Construimos:<\/b> dos de los contratos eran de 199.999, un tercero de 190.000 y el cuarto de 199.848 euros. En total, las obras adjudicadas de forma directa a esta constructora por las obras de <b>Sendaviva <\/b>alcanzaron los 789.846,74 euros, seg\u00fan la querella.\u00a0<\/p>\n<p class=\"paragraph\"><b>Despu\u00e9s de estas adjudicaciones, VOX recoge en su querella que Adentro Construimos llev\u00f3 a cabo las obras de reforma de un piso del entonces portavoz socialista<\/b> en el Parlamento de Navarra y secretario de Organizaci\u00f3n del PSN,<b> Ram\u00f3n Alz\u00f3rriz,<\/b> que dimiti\u00f3 en junio tras desvelar que su pareja hab\u00eda trabajado con <b>Servinabar<\/b>, empresa en el foco de posibles casos de corrupci\u00f3n ligados a <b>Santos Cerd\u00e1n<\/b>.\u00a0<\/p>\n<p class=\"paragraph\">El presupuesto de estas obras, seg\u00fan refleja la querella, de acuerdo a la licencia de obras, fue de<b> 38.000 euros, <\/b>algo que el partido pol\u00edtico considera \u00abimposible\u00bb, seg\u00fan sus estimaciones sobre el calado de la reforma, la ubicaci\u00f3n del inmueble en la ciudad y su duraci\u00f3n.<\/p>\n<p class=\"paragraph\">.<\/p>\n","protected":false},"excerpt":{"rendered":"La justicia va a investigar las obras en el parque Sendaviva tras el incendio de 2022 y las&hellip;\n","protected":false},"author":2,"featured_media":534930,"comment_status":"","ping_status":"","sticky":false,"template":"","format":"standard","meta":{"footnotes":""},"categories":[8],"tags":[104901,17,18,25,24,13,14,11,15307,2303,19,20,9,10,15,16,474,104902,23,12,21,22],"class_list":["post-534929","post","type-post","status-publish","format-standard","has-post-thumbnail","category-espana","tag-adjudicacion","tag-breaking-news","tag-breakingnews","tag-es","tag-espana","tag-featured-news","tag-featurednews","tag-headlines","tag-investiga","tag-juzgado","tag-latest-news","tag-latestnews","tag-news","tag-noticias","tag-noticias-destacadas","tag-noticiasdestacadas","tag-obras","tag-sendaviva","tag-spain","tag-titulares","tag-ultimas-noticias","tag-ultimasnoticias"],"share_on_mastodon":{"url":"https:\/\/pubeurope.com\/@es\/116523286385192905","error":""},"_links":{"self":[{"href":"https:\/\/www.europesays.com\/es\/wp-json\/wp\/v2\/posts\/534929","targetHints":{"allow":["GET"]}}],"collection":[{"href":"https:\/\/www.europesays.com\/es\/wp-json\/wp\/v2\/posts"}],"about":[{"href":"https:\/\/www.europesays.com\/es\/wp-json\/wp\/v2\/types\/post"}],"author":[{"embeddable":true,"href":"https:\/\/www.europesays.com\/es\/wp-json\/wp\/v2\/users\/2"}],"replies":[{"embeddable":true,"href":"https:\/\/www.europesays.com\/es\/wp-json\/wp\/v2\/comments?post=534929"}],"version-history":[{"count":0,"href":"https:\/\/www.europesays.com\/es\/wp-json\/wp\/v2\/posts\/534929\/revisions"}],"wp:featuredmedia":[{"embeddable":true,"href":"https:\/\/www.europesays.com\/es\/wp-json\/wp\/v2\/media\/534930"}],"wp:attachment":[{"href":"https:\/\/www.europesays.com\/es\/wp-json\/wp\/v2\/media?parent=534929"}],"wp:term":[{"taxonomy":"category","embeddable":true,"href":"https:\/\/www.europesays.com\/es\/wp-json\/wp\/v2\/categories?post=534929"},{"taxonomy":"post_tag","embeddable":true,"href":"https:\/\/www.europesays.com\/es\/wp-json\/wp\/v2\/tags?post=534929"}],"curies":[{"name":"wp","href":"https:\/\/api.w.org\/{rel}","templated":true}]}}