{"id":535380,"date":"2026-05-05T23:52:13","date_gmt":"2026-05-05T23:52:13","guid":{"rendered":"https:\/\/www.europesays.com\/es\/535380\/"},"modified":"2026-05-05T23:52:13","modified_gmt":"2026-05-05T23:52:13","slug":"la-casa-del-dragon-rompe-la-mayor-norma-de-juego-de-tronos-y-empezara-con-lo-que-antes-era-el-final","status":"publish","type":"post","link":"https:\/\/www.europesays.com\/es\/535380\/","title":{"rendered":"La Casa del Drag\u00f3n rompe la mayor norma de Juego de Tronos y empezar\u00e1 con lo que antes era el final"},"content":{"rendered":"<p class=\"c-paragraph\">La tercera temporada de <a href=\"https:\/\/www.hobbyconsolas.com\/hobbycine\/casa-dragon-lanza-nuevo-trailer-temporada-3-confirma-su-llegada-catalogo-hbo-max_6963402_0.html\" title=\"La casa del drag\u00f3n lanza nuevo tr\u00e1iler de la temporada 3 y confirma su llegada al cat\u00e1logo de HBO Max\" rel=\"nofollow noopener\" target=\"_blank\">La casa del drag\u00f3n<\/a> est\u00e1 lista para cambiar una de las f\u00f3rmulas narrativas m\u00e1s reconocibles del universo de <a href=\"https:\/\/www.hobbyconsolas.com\/hobbycine\/joven-ned-stark-juego-tronos-aborda-posibilidad-regresar-franquicia_6961524_0.html\" title=\"El joven Ned Stark de Juego de Tronos aborda la posibilidad de regresar a la franquicia\" rel=\"nofollow noopener\" target=\"_blank\">Juego de tronos<\/a>. A diferencia de lo habitual en la franquicia, donde las grandes batallas se reservaban para los episodios finales, los nuevos episodios comenzar\u00e1n directamente con uno de los enfrentamientos m\u00e1s importantes de la historia:<b> la Batalla del Gaznate<\/b>.<\/p>\n<p class=\"c-paragraph\">Tradicionalmente, tanto en Juego de Tronos como en la propia La casa del drag\u00f3n, los conflictos m\u00e1s espectaculares funcionaban como cl\u00edmax de temporada. Incluso la primera temporada de la precuela respet\u00f3 este esquema, culminando con un final cargado de impacto emocional.<\/p>\n<p class=\"c-paragraph\">Sin embargo, la segunda temporada rompi\u00f3 parcialmente ese patr\u00f3n al concluir antes de lo esperado, con solo ocho episodios y sin incluir la esperada Batalla del Gaznate. Lejos de eliminarla, <b>la serie ha decidido reposicionarla como el punto de partida de la tercera entrega<\/b>, alterando por completo el ritmo habitual de la saga.<\/p>\n<p class=\"c-paragraph\">Este cambio supone un giro importante en la estructura narrativa. En lugar de un desarrollo progresivo que desemboca en un gran final, <b>la serie apostar\u00e1 por empezar con un momento de m\u00e1xima intensidad<\/b>.\u00a0<\/p>\n<p class=\"c-paragraph\">La Danza de los Dragones, conflicto central de la serie, no se define por una \u00fanica batalla, sino por una sucesi\u00f3n de enfrentamientos cada vez m\u00e1s destructivos. La Batalla del Gaznate es solo uno de los muchos puntos clave, y su desenlace abre la puerta a otros eventos a\u00fan m\u00e1s relevantes dentro de la guerra civil.<\/p>\n<p class=\"c-paragraph\">Por ello, comenzar la temporada con este enfrentamiento no implica necesariamente un descenso de intensidad posterior. Al contrario, <b>todo apunta a que la serie continuar\u00e1 escalando el conflicto con episodios igual o incluso m\u00e1s impactantes<\/b>.<\/p>\n<p class=\"c-paragraph\">Con este movimiento, La casa del drag\u00f3n no solo rompe una tradici\u00f3n consolidada, sino que adapta su ritmo a la propia naturaleza de la historia que cuenta.<\/p>\n","protected":false},"excerpt":{"rendered":"La tercera temporada de La casa del drag\u00f3n est\u00e1 lista para cambiar una de las f\u00f3rmulas narrativas m\u00e1s&hellip;\n","protected":false},"author":2,"featured_media":535381,"comment_status":"","ping_status":"","sticky":false,"template":"","format":"standard","meta":{"footnotes":""},"categories":[171],"tags":[385,11202,146,147,25,24,31,22191,105,23,214],"class_list":["post-535380","post","type-post","status-publish","format-standard","has-post-thumbnail","category-tv","tag-casa","tag-dragon","tag-entertainment","tag-entretenimiento","tag-es","tag-espana","tag-mayor","tag-norma","tag-rompe","tag-spain","tag-tv"],"share_on_mastodon":{"url":"https:\/\/pubeurope.com\/@es\/116524662583524537","error":""},"_links":{"self":[{"href":"https:\/\/www.europesays.com\/es\/wp-json\/wp\/v2\/posts\/535380","targetHints":{"allow":["GET"]}}],"collection":[{"href":"https:\/\/www.europesays.com\/es\/wp-json\/wp\/v2\/posts"}],"about":[{"href":"https:\/\/www.europesays.com\/es\/wp-json\/wp\/v2\/types\/post"}],"author":[{"embeddable":true,"href":"https:\/\/www.europesays.com\/es\/wp-json\/wp\/v2\/users\/2"}],"replies":[{"embeddable":true,"href":"https:\/\/www.europesays.com\/es\/wp-json\/wp\/v2\/comments?post=535380"}],"version-history":[{"count":0,"href":"https:\/\/www.europesays.com\/es\/wp-json\/wp\/v2\/posts\/535380\/revisions"}],"wp:featuredmedia":[{"embeddable":true,"href":"https:\/\/www.europesays.com\/es\/wp-json\/wp\/v2\/media\/535381"}],"wp:attachment":[{"href":"https:\/\/www.europesays.com\/es\/wp-json\/wp\/v2\/media?parent=535380"}],"wp:term":[{"taxonomy":"category","embeddable":true,"href":"https:\/\/www.europesays.com\/es\/wp-json\/wp\/v2\/categories?post=535380"},{"taxonomy":"post_tag","embeddable":true,"href":"https:\/\/www.europesays.com\/es\/wp-json\/wp\/v2\/tags?post=535380"}],"curies":[{"name":"wp","href":"https:\/\/api.w.org\/{rel}","templated":true}]}}