{"id":537035,"date":"2026-05-06T21:33:24","date_gmt":"2026-05-06T21:33:24","guid":{"rendered":"https:\/\/www.europesays.com\/es\/537035\/"},"modified":"2026-05-06T21:33:24","modified_gmt":"2026-05-06T21:33:24","slug":"iron-maiden-acude-a-la-premiere-de-su-pelicula-burning-ambition-sin-steve-harris-pero-con-blaze-bayley-y-eddie-hacha-en-mano","status":"publish","type":"post","link":"https:\/\/www.europesays.com\/es\/537035\/","title":{"rendered":"Iron Maiden acude a la premi\u00e8re de su pel\u00edcula \u201cBurning Ambition\u201d sin Steve Harris pero con Blaze Bayley y Eddie hacha en mano"},"content":{"rendered":"<p>Londres acogi\u00f3 la premi\u00e9re del documental <strong>\u201cIron Maiden: Burning Ambition\u201d,<\/strong> que llegar\u00e1 a los cines de todo el mundo con el estreno marcado para ma\u00f1ana, <strong>7 de mayo, y el d\u00eda 15<\/strong> marcado para el inicio de las proyecciones en Espa\u00f1a. El querido <strong>Eddie<\/strong> no falt\u00f3 a la cita, y hacha en mano acompa\u00f1\u00f3 a los miembros de la banda y tambi\u00e9n a un exmiembro como <strong>Blaze Bayley<\/strong>.<\/p>\n<p>El v\u00eddeo publicado en las <strong><a href=\"https:\/\/www.instagram.com\/reel\/DX_Ololg0ab\/\" target=\"_blank\" rel=\"noopener nofollow\">redes de Madness Live<\/a><\/strong>, que sortea <strong><a href=\"https:\/\/www.ironmaidenenespana.es\/es\/burning-ambition-sorteo-preestreno\/\" target=\"_blank\" rel=\"noopener nofollow\">50 invitaciones para el preestreno<\/a><\/strong> que se celebrar\u00e1 en <strong>Madrid el 11 de mayo<\/strong>, y las im\u00e1genes plasmadas por <strong><a href=\"https:\/\/www.instagram.com\/ironmaiden\/\" target=\"_blank\" rel=\"noopener nofollow\">Iron Maiden en las suyas<\/a><\/strong> nos llevan a Leicester Square, ubicaci\u00f3n londinense donde se despleg\u00f3 una particular alfombra roja, rebautizada como \u201cEd Carpet\u201d en el mundo Maiden, sobre la que vemos desfilar a <strong>Bruce Dickinson<\/strong>, los guitarristas <strong>Adrian Smith y Dave Murray<\/strong>, y tambi\u00e9n al bater\u00eda <strong>Nicko McBrain<\/strong>, que no quiso perderse la cita.<\/p>\n<p>La ausencia de <strong>Steve Harris y Janick Gers<\/strong> ha llamado la atenci\u00f3n, pero todo queda en un segundo plano en cuanto hace acto de presencia un protagonista eterno en la historia de Iron Maiden como Eddie, al que no tarda en leer la cartilla Bruce Dickinson extendiendo su largo historial de enfrentamientos sobre los escenarios.<\/p>\n<p>Hay que destacar tambi\u00e9n la presencia de Blaze Bayley, exvocalista que formar\u00e1 <strong><a href=\"https:\/\/mariskalrock.com\/actualidad\/bruce-dickinson-sugiere-que-el-eddfest-de-iron-maiden-podria-convertirse-en-un-festival-con-continuidad-sin-su-presencia\/\" target=\"_blank\" rel=\"noopener nofollow\">parte del EddFest<\/a><\/strong> junto a muchos m\u00e1s nombres relacionados con la historia de Iron Maiden, y que ha sido confirmado como uno de los miembros que entrar\u00e1n <strong><a href=\"https:\/\/mariskalrock.com\/actualidad\/iron-maiden-entrara-rock-and-roll-hall-of-fame-en-2026-junto-a-billy-idol-oasis-joy-division-o-phil-collins\/\" target=\"_blank\" rel=\"noopener nofollow\">en el Rock and Roll Hall of Fame<\/a><\/strong>, aunque a los actuales <strong><a href=\"https:\/\/mariskalrock.com\/actualidad\/iron-maiden-no-estara-en-la-ceremonia-de-su-incorporacion-al-rock-and-roll-hall-of-fame-y-esta-es-su-razon\/\" target=\"_blank\" rel=\"noopener nofollow\">la gala los pillar\u00e1 al otro lado del mundo<\/a><\/strong>.<\/p>\n<blockquote class=\"instagram-media\" style=\"background: #FFF; border: 0; border-radius: 3px; box-shadow: 0 0 1px 0 rgba(0,0,0,0.5),0 1px 10px 0 rgba(0,0,0,0.15); margin: 1px; max-width: 540px; min-width: 326px; padding: 0; width: calc(100% - 2px);\" data-instgrm-captioned=\"\" data-instgrm-permalink=\"https:\/\/www.instagram.com\/reel\/DX_Ololg0ab\/?utm_source=ig_embed&amp;utm_campaign=loading\" data-instgrm-version=\"14\">\n<\/blockquote>\n<blockquote class=\"instagram-media\" style=\"background: #FFF; border: 0; border-radius: 3px; box-shadow: 0 0 1px 0 rgba(0,0,0,0.5),0 1px 10px 0 rgba(0,0,0,0.15); margin: 1px; max-width: 540px; min-width: 326px; padding: 0; width: calc(100% - 2px);\" data-instgrm-captioned=\"\" data-instgrm-permalink=\"https:\/\/www.instagram.com\/p\/DX-WaikCAEF\/?utm_source=ig_embed&amp;utm_campaign=loading\" data-instgrm-version=\"14\">\n<\/blockquote>\n<p>\u201cIron Maiden: Burning Ambition\u201d<\/p>\n<p>Hace solo unas horas, se publicaba el v\u00eddeo en el que <strong><a href=\"https:\/\/mariskalrock.com\/actualidad\/javier-bardem-en-el-documental-iron-maiden-burning-ambition-he-estado-en-primera-fila-dandolo-todo-ahora-soy-mas-viejo-y-estoy-atras-pero-sigo-saltando-y-gritando\/\" target=\"_blank\" rel=\"noopener nofollow\">pod\u00edamos ver a Javier Bardem<\/a><\/strong>, amante del rock y el metal, y seguidor de Iron Maiden, en un nuevo adelanto de lo que nos espera en el documental que repasa la exitosa carrera de La Doncella en sus m\u00e1s de 50 a\u00f1os de historia. <strong><a href=\"https:\/\/mariskalrock.com\/actualidad\/el-documental-oficial-de-iron-maiden-burning-ambition-contara-con-javier-bardem-o-lars-ulrich-metallica-y-ya-tiene-fecha-de-estreno\/\" target=\"_blank\" rel=\"noopener nofollow\">Lars Ulrich de Metallica o Tom Morello de Rage Against the Machine<\/a><\/strong> son otros de los ilustres invitados que podremos ver en \u201cBurning Ambition\u201d describiendo sus experiencias relacionadas con la banda, su m\u00fasica, conciertos y mucho m\u00e1s.<\/p>\n<p style=\"text-align: center;\">Las proyecciones en Espa\u00f1a comenzar\u00e1n el pr\u00f3ximo d\u00eda 15 (tienes\u00a0<strong><a href=\"https:\/\/www.ironmaidenfilm.com\/intl\/\" target=\"_blank\" rel=\"noopener nofollow\">aqu\u00ed los cines<\/a><\/strong>\u00a0y la\u00a0<strong><a href=\"https:\/\/www.ironmaidenfilm.com\/intl\/\" target=\"_blank\" rel=\"noopener nofollow\">venta de entradas<\/a><\/strong>).<\/p>\n<p style=\"text-align: center;\"><a href=\"https:\/\/www.europesays.com\/es\/wp-content\/uploads\/2026\/04\/iron-maiden-burning-ambition-cartel.webp.webp\" target=\"_blank\" rel=\"noopener\"><img fetchpriority=\"high\" decoding=\"async\" class=\"aligncenter wp-image-391289 size-full\" src=\"https:\/\/www.europesays.com\/es\/wp-content\/uploads\/2026\/04\/iron-maiden-burning-ambition-cartel.webp.webp\" alt=\"\" width=\"600\" height=\"888\"  \/><\/a><\/p>\n<p>Iron Maiden en la gran pantalla y en Espa\u00f1a<\/p>\n<p>A trav\u00e9s de <strong>Trafalgar Releasing<\/strong>, el documental llegar\u00e1 a los cines de todo el mundo a partir del <strong>7 de mayo<\/strong>, fecha de su estreno en <strong>Reino Unido<\/strong> y pa\u00edses como <strong>Argentina, Brasil, Colombia, Ecuador, M\u00e9xico, Per\u00fa o Venezuela<\/strong> en Am\u00e9rica, y <strong>Austria, Alemania, Croacia o Grecia<\/strong> a este lado del Atl\u00e1ntico, siendo el <strong>15 de mayo<\/strong> el d\u00eda en el que llegar\u00e1 a los cines (y exclusivamente en cines) de <strong>Espa\u00f1a<\/strong>, donde se podr\u00e1 ver hasta el d\u00eda 21. En <strong><a href=\"https:\/\/www.ironmaidenfilm.com\/intl\/\" target=\"_blank\" rel=\"noopener nofollow\">este enlace est\u00e1 el buscador<\/a><\/strong> para dar con la sala m\u00e1s cercana a tu ubicaci\u00f3n.<\/p>\n<p>Antes del <strong><a href=\"https:\/\/mariskalrock.com\/actualidad\/iron-maiden-confirma-los-dos-ultimos-conciertos-de-la-gira-run-for-your-lives-tras-los-que-se-tomara-un-merecido-descanso\/\" target=\"_blank\" rel=\"noopener nofollow\">merecido descanso<\/a><\/strong> que se tomar\u00e1 la banda, y de la <a href=\"https:\/\/mariskalrock.com\/actualidad\/iron-maiden-entrara-rock-and-roll-hall-of-fame-en-2026-junto-a-billy-idol-oasis-joy-division-o-phil-collins\/\" target=\"_blank\" rel=\"noopener nofollow\"><strong>entrada en el Rock and Roll Hall of Fame<\/strong><\/a> en la que parece que <strong><a href=\"https:\/\/mariskalrock.com\/actualidad\/iron-maiden-no-estara-en-la-ceremonia-de-su-incorporacion-al-rock-and-roll-hall-of-fame-y-esta-es-su-razon\/\" target=\"_blank\" rel=\"noopener nofollow\">no har\u00e1n acto de presencia<\/a><\/strong>, tambi\u00e9n tendremos de nuevo a Iron Maiden en nuestro pa\u00eds. Este 2026 ser\u00e1 otro a\u00f1o en el que la banda brit\u00e1nica tendr\u00e1 toda la atenci\u00f3n de los seguidores en todo el mundo, con nuevas paradas de su gira como las que llegar\u00e1n en Espa\u00f1a a los carteles de <strong>Resurrection Fest<\/strong> (del 1 al 4 de julio, <a href=\"https:\/\/www.resurrectionfest.es\/entradas\/\" target=\"_blank\" rel=\"noopener nofollow\"><strong>entradas aqu\u00ed<\/strong><\/a>) con <strong>Marilyn Manson, Limp Bizkit o Sabaton<\/strong> entre otros, y en <strong>Rock Imperium Festival<\/strong> (del 3 al 5 de julio, <a href=\"https:\/\/www.rockimperiumfestival.es\/es\/entradas\/\" target=\"_blank\" rel=\"noopener nofollow\"><strong>entradas aqu\u00ed<\/strong><\/a>), compartiendo cabecera del cartel con <strong>Within Temptation y Sabaton<\/strong>.<\/p>\n<p style=\"text-align: center;\"><a href=\"https:\/\/www.europesays.com\/es\/wp-content\/uploads\/2026\/02\/resurrection-fest-26-entradas-diarias-2-3-cartel.webp.webp\" target=\"_blank\" rel=\"noopener\"><img loading=\"lazy\" decoding=\"async\" class=\"aligncenter wp-image-384548\" src=\"https:\/\/www.europesays.com\/es\/wp-content\/uploads\/2026\/02\/resurrection-fest-26-entradas-diarias-2-3-cartel.webp.webp\" alt=\"\" width=\"600\" height=\"751\"  \/><\/a><\/p>\n<p style=\"text-align: center;\"><a href=\"https:\/\/www.europesays.com\/es\/wp-content\/uploads\/2026\/03\/rock-imperium-cartel-2026-2.webp.webp\" target=\"_blank\" rel=\"noopener\"><img loading=\"lazy\" decoding=\"async\" class=\"aligncenter wp-image-387144 size-full\" src=\"https:\/\/www.europesays.com\/es\/wp-content\/uploads\/2026\/03\/rock-imperium-cartel-2026-2.webp.webp\" alt=\"\" width=\"600\" height=\"750\"  \/><\/a><\/p>\n<p>                         <a target=\"_blank\" href=\"http:\/\/www.mariskalrock.com\" class=\"url\" title=\"Jorge Bobadilla\" rel=\"nofollow noopener\"> <img decoding=\"async\" src=\"https:\/\/www.europesays.com\/es\/wp-content\/uploads\/2026\/02\/jorge-bobadilla-2025-web-300x300-1.jpg\" class=\"photo\" width=\"250\" alt=\"Jorge Bobadilla\"\/><\/a> <\/p>\n<p>Llev\u00e1is ya m\u00e1s de veinte a\u00f1os ley\u00e9ndome por aqu\u00ed y por all\u00ed, as\u00ed que, vayamos al grano. En 2005 MariskalRock abri\u00f3 sus puertas a este humilde \u201cjuntaletras\u201d, y desde entonces el rock ha sido la punta del comp\u00e1s de mi vida. Aficionado tambi\u00e9n a atrapar im\u00e1genes (sean fijas o en movimiento), en estas dos d\u00e9cadas ser\u00eda raro que no nos hubi\u00e9ramos visto entre salas y festivales. Brindemos en la pr\u00f3xima.<\/p>\n<p> <a href=\"http:\/\/www.mariskalrock.com\" class=\"url\" target=\"_blank\" title=\"Jorge Bobadilla\" rel=\"nofollow noopener\"><img decoding=\"async\" src=\"https:\/\/www.europesays.com\/es\/wp-content\/uploads\/2026\/02\/jorge-bobadilla-2025-web-300x300-1.jpg\" class=\"photo\" width=\"250\" alt=\"Jorge Bobadilla\"\/><\/a>\u00daltimas entradas de Jorge Bobadilla (<a target=\"_blank\" href=\"https:\/\/mariskalrock.com\/author\/jorge-bobadilla\/\" rel=\"nofollow noopener\">ver todo<\/a>)  <\/p>\n<p>\t\t\t\t<script async src=\"\/\/www.instagram.com\/embed.js\"><\/script><\/p>\n","protected":false},"excerpt":{"rendered":"Londres acogi\u00f3 la premi\u00e9re del documental \u201cIron Maiden: Burning Ambition\u201d, que llegar\u00e1 a los cines de todo el&hellip;\n","protected":false},"author":2,"featured_media":537036,"comment_status":"","ping_status":"","sticky":false,"template":"","format":"standard","meta":{"footnotes":""},"categories":[170],"tags":[63630,94515,105163,146,147,25,24,477,4622,184,185,23],"class_list":["post-537035","post","type-post","status-publish","format-standard","has-post-thumbnail","category-musica","tag-blaze-bayley","tag-burning-ambition","tag-eddie","tag-entertainment","tag-entretenimiento","tag-es","tag-espana","tag-iron-maiden","tag-mr2022","tag-music","tag-musica","tag-spain"],"share_on_mastodon":{"url":"https:\/\/pubeurope.com\/@es\/116529778572075139","error":""},"_links":{"self":[{"href":"https:\/\/www.europesays.com\/es\/wp-json\/wp\/v2\/posts\/537035","targetHints":{"allow":["GET"]}}],"collection":[{"href":"https:\/\/www.europesays.com\/es\/wp-json\/wp\/v2\/posts"}],"about":[{"href":"https:\/\/www.europesays.com\/es\/wp-json\/wp\/v2\/types\/post"}],"author":[{"embeddable":true,"href":"https:\/\/www.europesays.com\/es\/wp-json\/wp\/v2\/users\/2"}],"replies":[{"embeddable":true,"href":"https:\/\/www.europesays.com\/es\/wp-json\/wp\/v2\/comments?post=537035"}],"version-history":[{"count":0,"href":"https:\/\/www.europesays.com\/es\/wp-json\/wp\/v2\/posts\/537035\/revisions"}],"wp:featuredmedia":[{"embeddable":true,"href":"https:\/\/www.europesays.com\/es\/wp-json\/wp\/v2\/media\/537036"}],"wp:attachment":[{"href":"https:\/\/www.europesays.com\/es\/wp-json\/wp\/v2\/media?parent=537035"}],"wp:term":[{"taxonomy":"category","embeddable":true,"href":"https:\/\/www.europesays.com\/es\/wp-json\/wp\/v2\/categories?post=537035"},{"taxonomy":"post_tag","embeddable":true,"href":"https:\/\/www.europesays.com\/es\/wp-json\/wp\/v2\/tags?post=537035"}],"curies":[{"name":"wp","href":"https:\/\/api.w.org\/{rel}","templated":true}]}}