{"id":53721,"date":"2025-08-17T14:45:11","date_gmt":"2025-08-17T14:45:11","guid":{"rendered":"https:\/\/www.europesays.com\/es\/53721\/"},"modified":"2025-08-17T14:45:11","modified_gmt":"2025-08-17T14:45:11","slug":"que-queda-del-recuerdo-de-lina-morgan-diez-anos-despues-de-su-muerte","status":"publish","type":"post","link":"https:\/\/www.europesays.com\/es\/53721\/","title":{"rendered":"qu\u00e9 queda del recuerdo de Lina Morgan diez a\u00f1os despu\u00e9s de su muerte"},"content":{"rendered":"<p class=\"paragraph\"><a href=\"https:\/\/www.heraldo.es\/noticias\/nacional\/2022\/11\/03\/lina-morgan-dara-nombre-plazuela-madrid-espana-1610012.html\" title=\"Lina Morgan dar\u00e1 nombre a una plazuela en Madrid\" rel=\"nofollow noopener\" target=\"_blank\">Diez a\u00f1os despu\u00e9s de la muerte de la actriz, cantante, c\u00f3mica y vedette Lina Morgan<\/a>, <b>a\u00fan queda una legi\u00f3n de fans agradecida y emocionada<\/b> con la artista que cautiv\u00f3 e hizo re\u00edr a carcajadas con sus innumerable espect\u00e1culos y pel\u00edculas.<\/p>\n<p class=\"paragraph\">Lina Morgan <b>falleci\u00f3 el 19 de agosto de 2015 <\/b>y un d\u00eda despu\u00e9s, la entonces red social Twitter registr\u00f3 m\u00e1s de 11.000 mensajes en los que se mencionaba su nombre (una tendencia arrolladora entonces). Ese d\u00eda, la gran <b>Concha Velasco declar\u00f3: \u00abYo, en realidad, siempre he querido ser Lina Morgan\u00bb.<\/b><\/p>\n<p class=\"paragraph\">Nunca ha sido olvidada, como demuestra que<a href=\"https:\/\/www.heraldo.es\/noticias\/nacional\/2022\/11\/03\/lina-morgan-dara-nombre-plazuela-madrid-espana-1610012.html\" title=\"Lina Morgan dar\u00e1 nombre a una plazuela en Madrid\" rel=\"nofollow noopener\" target=\"_blank\"> durante esta d\u00e9cada se hayan sucedido homenajes y recuerdos en Madrid, su ciudad natal; en televisi\u00f3n, con la reposici\u00f3n de sus pel\u00edculas y la emisi\u00f3n de un documental, e incluso en las librer\u00edas, con la publicaci\u00f3n de varias obras sobre su vida y trayectoria.<\/a><\/p>\n<p class=\"paragraph\">Un enorme mural de cer\u00e1mica bajo el t\u00edtulo &#8216;Lina y La Latina&#8217; recuerda a la actriz en la estaci\u00f3n de metro de su barrio, La Latina, en el que naci\u00f3 y al que estuvo vinculada toda su vida.<\/p>\n<p class=\"paragraph\">Tambi\u00e9n la placa conmemorativa en el Teatro La Latina, su teatro, que compr\u00f3 en 1985 convirti\u00e9ndose en la primera empresaria teatral de Europa, y que funci\u00f3n tras funci\u00f3n llen\u00f3 de un p\u00fablico entregado, prueba de su tremenda profesionalidad y talento, y del enorme cari\u00f1o que supo concitar.<\/p>\n<p class=\"paragraph\">O el documental \u00abLina\u00bb de Movistar+, estrenado en 2024 y en el que medio centenar de artistas recuerdan con cari\u00f1o y admiraci\u00f3n a la artista y las decenas de frases que hizo famosas y que a\u00fan se escuchan, especialmente entre los mayores de m\u00e1s de 50 a\u00f1os.<\/p>\n<p class=\"paragraph\">Quiz\u00e1s la m\u00e1s famosa y la que autom\u00e1ticamente se pronuncia al o\u00edr su nombre, es la archiconocido <b>\u00abemocionada y agradecida, solamente puedo decir: gracias por venir\u00bb, <\/b>que formaba parte de la canci\u00f3n de bienvenida de sus espect\u00e1culos, aunque \u00abViva el amor\u00bb le sigue de cerca.<\/p>\n<p class=\"paragraph\"><b>\u00abLa que quiera coger peces que se moje el tralar\u00e1\u00bb<\/b>, o <b>\u00abNo est\u00e1 gorda, es un problema de huesos\u00bb<\/b> y, por supuesto, su particular forma de sentarse con ese<b> \u00abAhiii va la pierna\u00bb, <\/b>que siempre se ganaba una carcajada del p\u00fablico.<\/p>\n<p class=\"paragraph\">Lo cierto es que<b> nada en sus comienzos hac\u00eda presagiar que se convertir\u00eda en una de las actrices m\u00e1s populares y queridas de Espa\u00f1a.<\/b><\/p>\n<p class=\"paragraph\">Nacida en marzo de 1937 como \u00c1ngeles L\u00f3pez Segovia, en plena Guerra Civil y en una familia humilde, Lina Morgan, \u00abcon un f\u00edsico normalito\u00bb, pas\u00f3 de la \u00faltima fila del escenario a artista de \u00e9xito con teatro propio que reventaba la taquilla haciendo re\u00edr, explic\u00f3 en la presentaci\u00f3n del documental su director, Israel Santo.<\/p>\n<p class=\"paragraph\"><b>Actriz de teatro y de revista musical<\/b>, lo mismo se enfundaba un &#8216;body&#8217; de lentejuelas que un uniforme de doncella, y en todas sus versiones enamoraba al p\u00fablico, ya viera sobre las tablas como en el cine o la televisi\u00f3n.<\/p>\n<p class=\"paragraph\">Tras unos comienzos como bailarina y &#8216;vedette&#8217; en revistas musicales en los a\u00f1os 50, Lina Morgan <b>debut\u00f3 en los 60 en el cine,<\/b> un medio en el que cosech\u00f3 grand\u00edsimos \u00e9xitos como \u00abLas que tienen que servir\u00bb (1967); \u00abSoltera y madre en la vida\u00bb (1968), o \u00abLa tonta del bote\u00bb (1970).<\/p>\n<p class=\"paragraph\">En 1979 form\u00f3 su propia compa\u00f1\u00eda y debut\u00f3 en el Teatro Barcel\u00f3. Fue un absoluto fracaso y perdieron todo lo invertido seg\u00fan contar\u00eda la propia actriz.<\/p>\n<p class=\"paragraph\"><b>Del teatro Barcel\u00f3 pas\u00f3 al teatro La Latina, donde permaneci\u00f3 tres a\u00f1os en cartelera con un gran \u00e9xito titulado \u00abLa marina te llama\u00bb. <\/b>La actriz se encari\u00f1\u00f3 con este teatro, que acab\u00f3 comprando con su hermano y m\u00e1nager, Jos\u00e9 Luis, en 1985, y del que se no se desprendi\u00f3 hasta junio de 2010.<\/p>\n<p class=\"paragraph\">All\u00ed present\u00f3 \u00abVaya par de gemelas\u00bb (1981), revista musical con la que bati\u00f3 todos los r\u00e9cords de taquilla, al igual que \u00abEl \u00faltimo tranv\u00eda\u00bb (1987), en cartelera hasta 1991, cuando estren\u00f3 otro de sus grandes \u00e9xitos, \u00abCeleste no es un color\u00bb. Despu\u00e9s lleg\u00f3 su colaboraci\u00f3n con Ra\u00fal Sender en \u00abS\u00ed&#8230;pero&#8230;no\u00bb (1999).<\/p>\n<p class=\"paragraph\"><b>En la televisi\u00f3n tambi\u00e9n triunf\u00f3 de forma arrolladora,<\/b> hasta el punto de que cuando RTVE retransmiti\u00f3 desde el Teatro La Latina la obra \u00abVaya par de gemelas\u00bb tuvo 20 millones de espectadores. En la peque\u00f1a pantalla siguieron \u00e9xitos como \u00abCompuesta y sin novio\u00bb, de Antena 3 y la serie \u00abHostal Royal Manzanares\u00bb en RTVE, que elev\u00f3 su cach\u00e9 hasta los 32 millones de pesetas por episodio.<\/p>\n<p class=\"paragraph\">En 1995, tras la muerte de su hermano Jos\u00e9 Luis, Lina Morgan se retir\u00f3 de la vida p\u00fablica y apenas volvi\u00f3 de dejarse ver. Quiso irse de la vida en la m\u00e1s absoluta intimidad, pero no lo consigui\u00f3 porque su Teatro de la Latina acogi\u00f3 una multitudinaria capilla ardiente.<\/p>\n","protected":false},"excerpt":{"rendered":"Diez a\u00f1os despu\u00e9s de la muerte de la actriz, cantante, c\u00f3mica y vedette Lina Morgan, a\u00fan queda una&hellip;\n","protected":false},"author":2,"featured_media":53722,"comment_status":"","ping_status":"","sticky":false,"template":"","format":"standard","meta":{"footnotes":""},"categories":[174],"tags":[23481,255,23386,146,147,25,24,256,23482,4920,910,23],"class_list":{"0":"post-53721","1":"post","2":"type-post","3":"status-publish","4":"format-standard","5":"has-post-thumbnail","7":"category-famosos","8":"tag-agradecida","9":"tag-celebrities","10":"tag-emocionada","11":"tag-entertainment","12":"tag-entretenimiento","13":"tag-es","14":"tag-espana","15":"tag-famosos","16":"tag-morgan","17":"tag-muerte","18":"tag-recuerdo","19":"tag-spain"},"share_on_mastodon":{"url":"","error":""},"_links":{"self":[{"href":"https:\/\/www.europesays.com\/es\/wp-json\/wp\/v2\/posts\/53721","targetHints":{"allow":["GET"]}}],"collection":[{"href":"https:\/\/www.europesays.com\/es\/wp-json\/wp\/v2\/posts"}],"about":[{"href":"https:\/\/www.europesays.com\/es\/wp-json\/wp\/v2\/types\/post"}],"author":[{"embeddable":true,"href":"https:\/\/www.europesays.com\/es\/wp-json\/wp\/v2\/users\/2"}],"replies":[{"embeddable":true,"href":"https:\/\/www.europesays.com\/es\/wp-json\/wp\/v2\/comments?post=53721"}],"version-history":[{"count":0,"href":"https:\/\/www.europesays.com\/es\/wp-json\/wp\/v2\/posts\/53721\/revisions"}],"wp:featuredmedia":[{"embeddable":true,"href":"https:\/\/www.europesays.com\/es\/wp-json\/wp\/v2\/media\/53722"}],"wp:attachment":[{"href":"https:\/\/www.europesays.com\/es\/wp-json\/wp\/v2\/media?parent=53721"}],"wp:term":[{"taxonomy":"category","embeddable":true,"href":"https:\/\/www.europesays.com\/es\/wp-json\/wp\/v2\/categories?post=53721"},{"taxonomy":"post_tag","embeddable":true,"href":"https:\/\/www.europesays.com\/es\/wp-json\/wp\/v2\/tags?post=53721"}],"curies":[{"name":"wp","href":"https:\/\/api.w.org\/{rel}","templated":true}]}}