{"id":53781,"date":"2025-08-17T15:20:08","date_gmt":"2025-08-17T15:20:08","guid":{"rendered":"https:\/\/www.europesays.com\/es\/53781\/"},"modified":"2025-08-17T15:20:08","modified_gmt":"2025-08-17T15:20:08","slug":"ayuso-acusa-a-sanchez-de-dejar-que-todo-se-queme-y-al-gobierno-de-paralisis-para-buscar-culpables","status":"publish","type":"post","link":"https:\/\/www.europesays.com\/es\/53781\/","title":{"rendered":"Ayuso acusa a S\u00e1nchez de \u00abdejar que todo se queme\u00bb y al Gobierno de par\u00e1lisis \u00abpara buscar culpables\u00bb"},"content":{"rendered":"<p class=\"article-text\">\n        La presidenta de la Comunidad de Madrid, Isabel D\u00edaz Ayuso, ha asegurado este domingo durante una visita al parque central de bomberos de Las Rozas que el Gobierno deja que \u201clos problemas maceren y despu\u00e9s busca culpables\u201d. La l\u00edder del PP de Madrid asegura que esto es lo que Pedro S\u00e1nchez ha hecho en \u201cotras ocasiones\u201d, en referencia a la dana de Valencia: \u201cdejar que todo se queme, o se hunda\u201d.\n    <\/p>\n<p class=\"article-text\">\n        \u201cLuego vendr\u00e1 con la frase de siempre, de si necesitan algo que lo pidan\u201d, ha reprochado en esta l\u00ednea la presidenta madrile\u00f1a durante el balance de las intervenciones realizadas en el marco de la campa\u00f1a INFOMA 2025, en la que ha asegurado que en la Comunidad \u201ctres de cada cuatro incendios quedan en conato\u201d. La presidenta regional insiste en que el Gobierno estatal \u201csiempre act\u00faa de la misma manera: paralizado\u201d.\n    <\/p>\n<p class=\"article-text\">\n        \u201cEs como act\u00faan en todo momento, falta rigor, humanidad y antelaci\u00f3n\u201d, ha defendido la presidenta madrile\u00f1a, quien ha apoyado las peticiones de m\u00e1s medios contra los incendios de sus hom\u00f3logos en Castilla y Le\u00f3n, Extremadura y Galicia. La presidenta auton\u00f3mica ha insistido en que \u201chac\u00eda falta que se actuara no ahora, sino hace una o dos semanas\u201d, ante \u201cla semana m\u00e1s negra de incendios que se recuerda\u201d en Espa\u00f1a.\n    <\/p>\n<p class=\"article-text\">\n        D\u00edaz Ayuso ha llegado a asegurar que han fallecido seis personas en los incendios. Seg\u00fan datos del Ministerio del Interior, entre el 1 de enero y el 3 de agosto de 2025 hab\u00edan fallecido un total de cuatro personas por este motivo en Espa\u00f1a, a las que hay que sumar los dos voluntarios fallecidos esta semana en Le\u00f3n y el hombre que muri\u00f3 a causa del incendio de Tres Cantos, en Madrid.\n    <\/p>\n<p class=\"article-text\">\n        \u201cLa Unidad Militar de Emergencias, que est\u00e1 realizando un trabajo excepcional en dotaci\u00f3n, es cuatro veces inferior a la que tiene la propia Comunidad de Madrid. No llegan a todo el territorio nacional y, por tanto, no hay que esperar a que todo se haya quemado para poner todos los medios a disposici\u00f3n\u201d, ha remarcado.  Por otro lado, ha asegurado que desde la Comunidad de Madrid trabajan de \u201cmanera hermanada\u201d con las dem\u00e1s regiones porque \u201cno pueden existir ni las barreras ni la burocracia\u201d.\n    <\/p>\n<p class=\"article-text\">\n        Adem\u00e1s, Ayuso ha defendido el modelo de gesti\u00f3n de la Comunidad de Madrid que, seg\u00fan ha indicado, versa en la prevenci\u00f3n porque \u201cla lucha contra los incendios comienza en invierno\u201d, a lo que ha a\u00f1adido que es necesario \u201ccambios en la burocr\u00e1tica\u201d, sobre todo, en materia europea porque, seg\u00fan la presidenta madrile\u00f1a, la Pen\u00ednsula Ib\u00e9rica \u201ctiene unas condiciones extraordinarias de sequ\u00eda y temperaturas extremas\u201d. Precisamente esta semana la ONG Greenpeace denunciaba que el plan contra incendios de la Comunidad de Madrid <a href=\"https:\/\/www.eldiario.es\/madrid\/somos\/greenpeace-denuncia-plan-incendios-comunidad-madrid-excluia-tres-cantos-zonas-alto-riesgo_1_12530438.html\" target=\"_blank\" data-mrf-recirculation=\"links-noticia\" class=\"link\" rel=\"nofollow noopener\">exclu\u00eda al municipio de Tres Cantos como zona de alto riesgo<\/a>.\n    <\/p>\n<p class=\"article-text\">\n        \u201cPienso que nos ponemos siempre ecologistas cuando conviene, pero no hacemos realmente las labores preventivas que son necesarias. Lo que hace falta es estar en las zonas afectadas, hablar con los vecinos, visitar a aquellas personas que han perdido el campo o que han perdido sus cabezas de ganado. Todav\u00eda quedan d\u00edas muy dif\u00edciles\u201d, ha se\u00f1alado.\n    <\/p>\n<p>    <a href=\"https:\/\/www.eldiario.es\/galicia\/sanchez-anuncia-propondra-gran-pacto-abordar-adaptacion-emergencia-climatica_1_12539462.html\" data-mrf-recirculation=\"saber-mas-abajo\" data-dl-event=\"saber-mas-abajo\" rel=\"nofollow noopener\" target=\"_blank\"><\/p>\n<p class=\"know-more__title\">S\u00e1nchez anuncia que propondr\u00e1 un gran pacto de Estado para abordar la adaptaci\u00f3n a la emergencia clim\u00e1tica<\/p>\n<p>            <img decoding=\"async\" class=\"lazy\" loading=\"lazy\" data-src=\"https:\/\/static.eldiario.es\/clip\/6c99f1be-8fab-418d-82e3-892dea866245_16-9-aspect-ratio_default_0.jpg\" src=\"data:image\/svg+xml,%3Csvg xmlns=\" http:=\"\" viewbox=\"0 0 880 495\" alt=\"S\u00e1nchez anuncia que propondr\u00e1 un gran pacto de Estado para abordar la adaptaci\u00f3n a la emergencia clim\u00e1tica\"\/><\/p>\n<p>                        <\/a><\/p>\n<p class=\"article-text\">\n        \u201cCuando hablamos de transici\u00f3n energ\u00e9tica tenemos que tener en cuenta que lo que s\u00ed es negacionista es no ser conscientes de todas las emisiones de di\u00f3xido de carbono que provocan estos incendios\u201d, ha afirmado Ayuso, quien ha agregado que nos \u201cestamos llevando por agendas ideol\u00f3gicas\u201d que \u201cse centra en apagar escaparates por la noche\u201d, en lugar de \u201ctomar medidas\u201d.\n    <\/p>\n","protected":false},"excerpt":{"rendered":"La presidenta de la Comunidad de Madrid, Isabel D\u00edaz Ayuso, ha asegurado este domingo durante una visita al&hellip;\n","protected":false},"author":2,"featured_media":53782,"comment_status":"","ping_status":"","sticky":false,"template":"","format":"standard","meta":{"footnotes":""},"categories":[8],"tags":[6630,6984,17,18,6384,1512,23498,25,24,13,14,3419,582,11,4342,19,20,9,10,15,16,23497,23,12,21,22],"class_list":{"0":"post-53781","1":"post","2":"type-post","3":"status-publish","4":"format-standard","5":"has-post-thumbnail","7":"category-espana","8":"tag-acusa","9":"tag-ayuso","10":"tag-breaking-news","11":"tag-breakingnews","12":"tag-buscar","13":"tag-central","14":"tag-culpables","15":"tag-es","16":"tag-espana","17":"tag-featured-news","18":"tag-featurednews","19":"tag-frente","20":"tag-gobierno","21":"tag-headlines","22":"tag-incendios","23":"tag-latest-news","24":"tag-latestnews","25":"tag-news","26":"tag-noticias","27":"tag-noticias-destacadas","28":"tag-noticiasdestacadas","29":"tag-paralisis","30":"tag-spain","31":"tag-titulares","32":"tag-ultimas-noticias","33":"tag-ultimasnoticias"},"share_on_mastodon":{"url":"","error":""},"_links":{"self":[{"href":"https:\/\/www.europesays.com\/es\/wp-json\/wp\/v2\/posts\/53781","targetHints":{"allow":["GET"]}}],"collection":[{"href":"https:\/\/www.europesays.com\/es\/wp-json\/wp\/v2\/posts"}],"about":[{"href":"https:\/\/www.europesays.com\/es\/wp-json\/wp\/v2\/types\/post"}],"author":[{"embeddable":true,"href":"https:\/\/www.europesays.com\/es\/wp-json\/wp\/v2\/users\/2"}],"replies":[{"embeddable":true,"href":"https:\/\/www.europesays.com\/es\/wp-json\/wp\/v2\/comments?post=53781"}],"version-history":[{"count":0,"href":"https:\/\/www.europesays.com\/es\/wp-json\/wp\/v2\/posts\/53781\/revisions"}],"wp:featuredmedia":[{"embeddable":true,"href":"https:\/\/www.europesays.com\/es\/wp-json\/wp\/v2\/media\/53782"}],"wp:attachment":[{"href":"https:\/\/www.europesays.com\/es\/wp-json\/wp\/v2\/media?parent=53781"}],"wp:term":[{"taxonomy":"category","embeddable":true,"href":"https:\/\/www.europesays.com\/es\/wp-json\/wp\/v2\/categories?post=53781"},{"taxonomy":"post_tag","embeddable":true,"href":"https:\/\/www.europesays.com\/es\/wp-json\/wp\/v2\/tags?post=53781"}],"curies":[{"name":"wp","href":"https:\/\/api.w.org\/{rel}","templated":true}]}}