{"id":53811,"date":"2025-08-17T15:37:10","date_gmt":"2025-08-17T15:37:10","guid":{"rendered":"https:\/\/www.europesays.com\/es\/53811\/"},"modified":"2025-08-17T15:37:10","modified_gmt":"2025-08-17T15:37:10","slug":"un-marc-marquez-voraz-conquista-por-fin-el-gp-de-austria-y-consolida-una-brecha-insalvable-en-la-general-motociclismo-deportes","status":"publish","type":"post","link":"https:\/\/www.europesays.com\/es\/53811\/","title":{"rendered":"Un Marc M\u00e1rquez voraz conquista por fin el GP de Austria y consolida una brecha insalvable\u00a0en\u00a0la\u00a0general | Motociclismo | Deportes"},"content":{"rendered":"<p class=\"\">Marc M\u00e1rquez contin\u00faa imparable y ni las vacaciones han podido enfriar su portentosa racha en MotoGP. <a href=\"https:\/\/elpais.com\/deportes\/motociclismo\/2025-08-16\/marc-marquez-sigue-de-dulce-en-el-mundial-de-motogp-gana-por-primera-vez-en-austria-en-otro-doblete-junto-a-su-hermano.html\" target=\"_self\" rel=\"nofollow noopener\" title=\"https:\/\/elpais.com\/deportes\/motociclismo\/2025-08-16\/marc-marquez-sigue-de-dulce-en-el-mundial-de-motogp-gana-por-primera-vez-en-austria-en-otro-doblete-junto-a-su-hermano.html\">El piloto de Ducati firm\u00f3 un doblete demoledor por sexto fin de semana de competici\u00f3n consecutivo<\/a> y dio otro paso de gigante hacia su noveno t\u00edtulo mundialista, m\u00e1s todav\u00eda al ver c\u00f3mo sus principales perseguidores se hund\u00edan en una carrera poco lustrosa, la n\u00famero 1.000 en la historia de la categor\u00eda reina. En el podio le acompa\u00f1aron el novato Ferm\u00edn Aldeguer, segundo tras remontar desde la octava plaza con su Desmosedici sat\u00e9lite del Gresini, y el \u2018poleman\u2019 Marco Bezzecchi con la Aprilia.<\/p>\n<p class=\"\">El l\u00edder, que emerge con 142 puntos de ventaja sobre su hermano \u00c1lex M\u00e1rquez, supo modular una vez m\u00e1s su ambici\u00f3n para asestar el golpe de gracia en el segundo tramo de la prueba, cuando las gomas desgastadas reducen la eficacia de los denostados dispositivos aerodin\u00e1micos y electr\u00f3nicos, muy criticados tras la \u00faltima actualizaci\u00f3n del control de estabilidad estrenada en el trazado austr\u00edaco. El italiano Bezzecchi fue el \u00fanico que present\u00f3 batalla al t\u00f3tem del certamen, y no se arrug\u00f3 cuando este quiso lanzarle su primer ataque en la d\u00e9cima vuelta.<a href=\"https:\/\/elpais.com\/deportes\/motociclismo\/2025-08-14\/a-marc-marquez-no-le-faltan-alicientes-a-la-vuelta-de-las-vacaciones-aspira-a-ganar-por-vez-primera-en-el-gp-de-austria.html\" target=\"_blank\" rel=\"noreferrer nofollow noopener\" title=\"https:\/\/elpais.com\/deportes\/motociclismo\/2025-08-14\/a-marc-marquez-no-le-faltan-alicientes-a-la-vuelta-de-las-vacaciones-aspira-a-ganar-por-vez-primera-en-el-gp-de-austria.html\"> El octocampe\u00f3n de Cervera tuvo que esperar otros diez giros para lanzar su ofensiva definitiva<\/a>, con un hachazo en la curva m\u00e1s lenta del circuito que obtuvo la respuesta del pupilo de Valentino Rossi.<\/p>\n<p><img alt=\"Marco Bezzecchi rueda por delante de Marc M\u00e1rquez instantes antes de que este intentara adelantarle para colocarse primero.\" decoding=\"auto\" class=\"_re lazyload a_m-h\" height=\"253\"  width=\"414\"  src=\"https:\/\/www.europesays.com\/es\/wp-content\/uploads\/2025\/08\/63HZAHXLYBKYTDHBM5JN4LJGLI.jpg\" loading=\"lazy\"\/>Marco Bezzecchi rueda por delante de Marc M\u00e1rquez instantes antes de que este intentara adelantarle para colocarse primero.Gintare Karpaviciute (REUTERS)<\/p>\n<p class=\"\">A ocho vueltas del final, M\u00e1rquez super\u00f3 en la primera curva, de una vez por todas, al rival m\u00e1s correoso de todo el curso y luego parec\u00eda tenerlo todo bajo control hasta que Aldeguer emergi\u00f3 de la nada. <a href=\"https:\/\/elpais.com\/deportes\/motociclismo\/2025-07-19\/fermin-aldeguer-piloto-de-motogp-al-principio-esto-se-te-hace-un-poco-grande.html\" target=\"_self\" rel=\"nofollow noopener\" title=\"https:\/\/elpais.com\/deportes\/motociclismo\/2025-07-19\/fermin-aldeguer-piloto-de-motogp-al-principio-esto-se-te-hace-un-poco-grande.html\">El talento murciano, que recibe los consejos de los hermanos de Cervera cada gran premio<\/a>, tir\u00f3 como un poseso en su remontada por el podio y lleg\u00f3 a situarse a menos de un segundo del ganador a falta de un par de giros. Marc, el gallo m\u00e1s listo del corral, ten\u00eda un \u00faltimo cartucho para subir otra vez el ritmo, estabilizar su ventaja y evitar otra derrota en la vuelta definitiva como ya le ocurri\u00f3 tres veces con Lorenzo y Dovizioso en el pasado en este mismo trazado.<\/p>\n<p class=\"\">Roto el maleficio, <a href=\"https:\/\/elpais.com\/deportes\/motociclismo\/2025-06-20\/davide-tardozzi-jefe-del-equipo-oficial-ducati-marc-marquez-nos-ha-conquistado-con-su-sonrisa.html\" target=\"_self\" rel=\"nofollow noopener\" title=\"https:\/\/elpais.com\/deportes\/motociclismo\/2025-06-20\/davide-tardozzi-jefe-del-equipo-oficial-ducati-marc-marquez-nos-ha-conquistado-con-su-sonrisa.html\">el 93 celebr\u00f3 a lo grande en el Red Bull Ring<\/a>, el trazado propiedad de uno de los patrocinadores a los que tuvo que renunciar por subir al equipo oficial de Ducati y que decidi\u00f3, por respeto, no sustituir pese al perjuicio econ\u00f3mico. Adem\u00e1s de llevarse la carrera milenaria de MotoGP, el catal\u00e1n firm\u00f3 la d\u00e9cima victoria ducatista en el que ya es, oficialmente, el circuito m\u00e1s prol\u00edfico de la f\u00e1brica italiana.<\/p>\n<p>M\u00e1s informaci\u00f3n<\/p>\n<p class=\"\"><a href=\"https:\/\/elpais.com\/deportes\/motociclismo\/2025-08-16\/mas-alla-de-marc-marquez-el-mundial-de-los-mortales-es-cosa-de-alex-marquez-y-pecco-bagnaia.html\" target=\"_self\" rel=\"nofollow noopener\" title=\"https:\/\/elpais.com\/deportes\/motociclismo\/2025-08-16\/mas-alla-de-marc-marquez-el-mundial-de-los-mortales-es-cosa-de-alex-marquez-y-pecco-bagnaia.html\">En su lucha aparte, su hermano \u00c1lex M\u00e1rquez y Pecco Bagnaia<\/a> tuvieron ambos un domingo nefasto, aunque por motivos opuestos. El primero sali\u00f3 mal y tuvo que cumplir con una sanci\u00f3n de vuelta larga que arrastraba desde el GP de la Rep\u00fablica Checa, cuando embisti\u00f3 y tir\u00f3 a Joan Mir (Honda) en un exceso de confianza. De rodar a escasos segundos del l\u00edder, en la cuarta vuelta cay\u00f3 de golpe a la decimotercera plaza e inici\u00f3 una operaci\u00f3n remontada frustrada. Solo pudo ser d\u00e9cimo, pero aun as\u00ed sali\u00f3 ganando en el duelo con un Bagnaia que comenz\u00f3 animado y luego cay\u00f3 a plomo pese a contar con la misma m\u00e1quina que el vencedor de la prueba. El tricampe\u00f3n italiano, que part\u00eda tercero y lleg\u00f3 a ser segundo tras tutear a su compa\u00f1ero, se desfond\u00f3 y cometi\u00f3 varios errores hasta cruzar la meta en octava plaza. \u00c1lex lleg\u00f3 a Spielberg con 48 puntos de ventaja y emerge con 55 gracias a su segunda posici\u00f3n en la \u2018sprint\u2019 del s\u00e1bado.<\/p>\n<p class=\"\">El campe\u00f3n del mundo reinante, Jorge Mart\u00edn, tuvo un mal fin de semana que termin\u00f3 con otra ca\u00edda y algunos dolores, aunque tras pasar por el centro m\u00e9dico la cosa qued\u00f3 en nada. Incapaz de rodar en los ritmos de cabeza, como s\u00ed puede su compa\u00f1ero Bezzecchi, en plena forma, el madrile\u00f1o dej\u00f3 patente que le quedan todav\u00eda muchas horas de rodaje despu\u00e9s de un 2025 marcado por tres graves lesiones. En Aprilia, de hecho, han contado el agujero insalvable para su n\u00famero uno: Bez acumula 400 tandas en pista, mientras \u00e9l solo cuenta con 80.<\/p>\n<p><img alt=\"Marc M\u00e1rquez celebra su victoria con sus compa\u00f1eros de equipo, este domingo.\" decoding=\"auto\" class=\"_re lazyload a_m-h\" height=\"276\"  width=\"414\"  src=\"https:\/\/www.europesays.com\/es\/wp-content\/uploads\/2025\/08\/CFJBY35JYBDDLMOBEZRYQY4ON4.jpg\" loading=\"lazy\"\/>Marc M\u00e1rquez celebra su victoria con sus compa\u00f1eros de equipo, este domingo.MAX SLOVENCIK (EFE)<\/p>\n","protected":false},"excerpt":{"rendered":"Marc M\u00e1rquez contin\u00faa imparable y ni las vacaciones han podido enfriar su portentosa racha en MotoGP. El piloto&hellip;\n","protected":false},"author":2,"featured_media":53812,"comment_status":"","ping_status":"","sticky":false,"template":"","format":"standard","meta":{"footnotes":""},"categories":[93],"tags":[22855,1762,168,1764,25,24,22856,15993,13638,14726,16628,22854,23445,1760,23,167],"class_list":{"0":"post-53811","1":"post","2":"type-post","3":"status-publish","4":"format-standard","5":"has-post-thumbnail","7":"category-deportes","8":"tag-alex-marquez","9":"tag-circuitos-velocidad","10":"tag-deportes","11":"tag-deportes-motor","12":"tag-es","13":"tag-espana","14":"tag-francesco-bagnaia","15":"tag-gp-austria","16":"tag-marc-marquez","17":"tag-moto-gp","18":"tag-motociclismo","19":"tag-mundial-motociclismo","20":"tag-pedro-acosta","21":"tag-pilotos-deportivos","22":"tag-spain","23":"tag-sports"},"share_on_mastodon":{"url":"","error":""},"_links":{"self":[{"href":"https:\/\/www.europesays.com\/es\/wp-json\/wp\/v2\/posts\/53811","targetHints":{"allow":["GET"]}}],"collection":[{"href":"https:\/\/www.europesays.com\/es\/wp-json\/wp\/v2\/posts"}],"about":[{"href":"https:\/\/www.europesays.com\/es\/wp-json\/wp\/v2\/types\/post"}],"author":[{"embeddable":true,"href":"https:\/\/www.europesays.com\/es\/wp-json\/wp\/v2\/users\/2"}],"replies":[{"embeddable":true,"href":"https:\/\/www.europesays.com\/es\/wp-json\/wp\/v2\/comments?post=53811"}],"version-history":[{"count":0,"href":"https:\/\/www.europesays.com\/es\/wp-json\/wp\/v2\/posts\/53811\/revisions"}],"wp:featuredmedia":[{"embeddable":true,"href":"https:\/\/www.europesays.com\/es\/wp-json\/wp\/v2\/media\/53812"}],"wp:attachment":[{"href":"https:\/\/www.europesays.com\/es\/wp-json\/wp\/v2\/media?parent=53811"}],"wp:term":[{"taxonomy":"category","embeddable":true,"href":"https:\/\/www.europesays.com\/es\/wp-json\/wp\/v2\/categories?post=53811"},{"taxonomy":"post_tag","embeddable":true,"href":"https:\/\/www.europesays.com\/es\/wp-json\/wp\/v2\/tags?post=53811"}],"curies":[{"name":"wp","href":"https:\/\/api.w.org\/{rel}","templated":true}]}}