{"id":538150,"date":"2026-05-07T12:16:14","date_gmt":"2026-05-07T12:16:14","guid":{"rendered":"https:\/\/www.europesays.com\/es\/538150\/"},"modified":"2026-05-07T12:16:14","modified_gmt":"2026-05-07T12:16:14","slug":"asi-recuerda-dani-martin-el-momento-en-el-que-se-entero-de-la-muerte-de-su-hermana-miriam","status":"publish","type":"post","link":"https:\/\/www.europesays.com\/es\/538150\/","title":{"rendered":"as\u00ed recuerda Dani Mart\u00edn el momento en el que se enter\u00f3 de la muerte de su hermana Miriam"},"content":{"rendered":"<p id=\"eiXcJ19Cvt\" data-wc=\"174\"><a class=\"hm-link ho-link\" href=\"https:\/\/www.hola.com\/tags\/dani-martin\/\" data-mrf-recirculation=\"article-body-link\" rel=\"nofollow noopener\" target=\"_blank\">Dani Mart\u00edn<\/a> ha compartido unas preciosas palabras sobre su hermana Miriam, quien <strong>falleci\u00f3 a los 34 a\u00f1os e<\/strong><strong>l 9 de febrero de 2009<\/strong>. Un duro golpe que marc\u00f3 un antes y un despu\u00e9s en la vida del cantante, tal y como \u00e9l mismo ha revelado al recordar c\u00f3mo vivi\u00f3 aquel momento y, adem\u00e1s, ha dejado una reflexi\u00f3n sobre la vida y la muerte que solo unas pocas personas son capaces de transmitir. El m\u00fasico ha explicado que el d\u00eda que su hermana falleci\u00f3 ten\u00eda un total de <strong>57 llamadas perdidas<\/strong> por parte de su madre. Unas llamadas que, como ha confesado, ya le hac\u00edan temer lo que hab\u00eda ocurrido. \u00abMe enter\u00e9 porque mir\u00e9 el tel\u00e9fono m\u00f3vil\u2026 ten\u00eda llamadas perdidas y, antes de devolverle la llamada a mi madre, supe que iba a recibir una contestaci\u00f3n que no me iba a gustar\u00bb. Un momento que, sin lugar a dudas, le ha dejado huella, porque, \u00abcomo a cualquier ser humano, perder a un hermano te cambia la vida. Todo al que le haya pasado, lo sabe\u00bb.<\/p>\n<p> <img src=\"https:\/\/www.europesays.com\/es\/wp-content\/uploads\/2026\/05\/d8c9cddffed5-dlu579096132.jpg\"   width=\"1080\" height=\"1800\" loading=\"lazy\" decoding=\"async\" alt=\"Dani Martin en el photocall de los Premios Cadena Dial en Tenerife, el 20 de marzo de 2025\" fetchpriority=\"auto\" class=\"image ho-image\"\/>\u00a9 GTRESDani Martin en el photocall de los Premios Cadena Dial en Tenerife, el 20 de marzo de 2025<\/p>\n<p id=\"e_RyYozVhY7\" data-wc=\"75\">El artista que enamor\u00f3 a miles de fans cada vez que actuaba con <a class=\"hm-link ho-link\" href=\"https:\/\/www.hola.com\/tags\/el-canto-del-loco\/\" data-mrf-recirculation=\"article-body-link\" rel=\"nofollow noopener\" target=\"_blank\">El Canto del Loco<\/a> \u2014cuyos temas, sin lugar a dudas, siguen marcando a varias generaciones\u2014 ha confesado que las Navidades han sido una de las etapas m\u00e1s duras a las que ha tenido que hacer frente tras la p\u00e9rdida de su hermana. Es bien sabido que las fechas navide\u00f1as suelen convertirse en momentos de uni\u00f3n y felicidad junto a los seres queridos.\u00a0<\/p>\n<p id=\"eLF5FAdw-H8\" data-wc=\"104\"><strong>Desde 2009, Dani Mart\u00edn dej\u00f3 de celebrar la Navidad<\/strong>. No obstante, como explic\u00f3 en 100% \u00danicos, con el paso de los a\u00f1os ha aprendido que, \u00absi te trabajas haci\u00e9ndote cargo de lo que ha pasado y sabiendo que no te queda otra que seguir disfrutando de la vida\u00bb, es posible ir encontr\u00e1ndose mejor poco a poco. Y es que, para \u00e9l, \u00ab<strong>es mucho mejor sonre\u00edr y pasarlo bien que vivir en la tristeza<\/strong>\u00ab. Un trabajo personal con el que ha conseguido avanzar, ya que desde hace unos a\u00f1os ha vuelto a celebrar las fiestas navide\u00f1as \u00abcomo cualquier familia, intentando tirar para adelante como puedes\u00bb.<\/p>\n<p> <img src=\"https:\/\/www.europesays.com\/es\/wp-content\/uploads\/2026\/05\/433357bb406d-los40-bsico-dani-martn-jorge-pars-2.jpg\"   width=\"1080\" height=\"1080\" loading=\"lazy\" decoding=\"async\" alt=\"Dani Mart\u00edn en el Teatro Eslava\" fetchpriority=\"auto\" class=\"image ho-image\"\/>\u00a9 jparis<br \/>\n\u00abUn mont\u00f3n de recuerdos\u00bb<\/p>\n<p id=\"epzLbm7No6t\" data-wc=\"97\">Tambi\u00e9n explica que, desde que se fue Miriam, <strong>los roles dentro de la familia se invirtieron completamente<\/strong>. El artista de \u00e9xitos como\u00a0Zapatillas, Besos o Aquellos a\u00f1os locos tuvo que ejercer el papel de padre. Unas palabras que coinciden con las declaraciones que hizo en Al rinc\u00f3n de pensar hace algunos a\u00f1os: \u00abEs como si t\u00fa te convirtieras en el padre de tus padres. Lo digo con cari\u00f1o, lo volver\u00eda a hacer cien millones de veces. Te cae y t\u00fa te pones la responsabilidad. En ese momento me puse el rol de \u2018tengo que sostener el mundo\u2019\u00bb.<\/p>\n<p id=\"e8epjxOl-S4\" data-wc=\"103\">Sin embargo, afirma que<strong>\u00a0su hermana sigue muy presente en su vida y en su d\u00eda a d\u00eda<\/strong>: \u00abEst\u00e1 en el olor de mis padres, en los domingos cuando como con ellos\u00bb y, sobre todo, en \u00abun mont\u00f3n de recuerdos\u00bb. Y es cierto que, para Dani Mart\u00edn, su hermana siempre ha estado presente, como cuando escribi\u00f3 la canci\u00f3n C\u00f3mo Me Gustar\u00eda\u00a0Contarte, donde, a trav\u00e9s de su letra, consigue transmitir todos los sentimientos que el artista quer\u00eda expresar: Qui\u00e9n esconde tu silencio y mis ganas de llorar \/ Te espero siempre en la escalera donde me sol\u00edas gritar: \u2018A las nueve me piro\u2019\u2026\u00a0<\/p>\n<p> <img src=\"https:\/\/www.europesays.com\/es\/wp-content\/uploads\/2026\/05\/9974683b679c-dlu493521010.jpg\"   width=\"1080\" height=\"1800\" loading=\"lazy\" decoding=\"async\" alt=\"Dani Mart\u00edn. 2021\" fetchpriority=\"auto\" class=\"image ho-image\"\/>Ha compuesto varios \u00e9xitos:<br \/>\nSu relaci\u00f3n con el \u00abcompromiso\u00bb<\/p>\n<p id=\"eFAvSYQdjcu\" data-wc=\"84\">Tambi\u00e9n ha hablado de sus miedos al compromiso, tanto a la hora de confiar como de entregarse al cien por cien y abrirse a otra persona. Explica que, aunque ha tenido la oportunidad de compartir momentos con personas incre\u00edbles, no ha estado preparado porque, como \u00e9l mismo reconoce, <strong>se ha comportado \u00abcomo un ni\u00f1ato y un inmaduro\u00bb<\/strong> y, sobre todo, porque considera que no ha estado a la altura. El artista prefiere hacer autocr\u00edtica y reconocer sus errores antes que se\u00f1alar a los dem\u00e1s.<\/p>\n","protected":false},"excerpt":{"rendered":"Dani Mart\u00edn ha compartido unas preciosas palabras sobre su hermana Miriam, quien falleci\u00f3 a los 34 a\u00f1os el&hellip;\n","protected":false},"author":2,"featured_media":538151,"comment_status":"","ping_status":"","sticky":false,"template":"","format":"standard","meta":{"footnotes":""},"categories":[174],"tags":[517,255,47099,98233,146,147,25,24,256,23],"class_list":["post-538150","post","type-post","status-publish","format-standard","has-post-thumbnail","category-famosos","tag-actualidad","tag-celebrities","tag-dani-martin","tag-el-canto-del-loco","tag-entertainment","tag-entretenimiento","tag-es","tag-espana","tag-famosos","tag-spain"],"share_on_mastodon":{"url":"https:\/\/pubeurope.com\/@es\/116533250556049954","error":""},"_links":{"self":[{"href":"https:\/\/www.europesays.com\/es\/wp-json\/wp\/v2\/posts\/538150","targetHints":{"allow":["GET"]}}],"collection":[{"href":"https:\/\/www.europesays.com\/es\/wp-json\/wp\/v2\/posts"}],"about":[{"href":"https:\/\/www.europesays.com\/es\/wp-json\/wp\/v2\/types\/post"}],"author":[{"embeddable":true,"href":"https:\/\/www.europesays.com\/es\/wp-json\/wp\/v2\/users\/2"}],"replies":[{"embeddable":true,"href":"https:\/\/www.europesays.com\/es\/wp-json\/wp\/v2\/comments?post=538150"}],"version-history":[{"count":0,"href":"https:\/\/www.europesays.com\/es\/wp-json\/wp\/v2\/posts\/538150\/revisions"}],"wp:featuredmedia":[{"embeddable":true,"href":"https:\/\/www.europesays.com\/es\/wp-json\/wp\/v2\/media\/538151"}],"wp:attachment":[{"href":"https:\/\/www.europesays.com\/es\/wp-json\/wp\/v2\/media?parent=538150"}],"wp:term":[{"taxonomy":"category","embeddable":true,"href":"https:\/\/www.europesays.com\/es\/wp-json\/wp\/v2\/categories?post=538150"},{"taxonomy":"post_tag","embeddable":true,"href":"https:\/\/www.europesays.com\/es\/wp-json\/wp\/v2\/tags?post=538150"}],"curies":[{"name":"wp","href":"https:\/\/api.w.org\/{rel}","templated":true}]}}