{"id":53822,"date":"2025-08-17T15:43:11","date_gmt":"2025-08-17T15:43:11","guid":{"rendered":"https:\/\/www.europesays.com\/es\/53822\/"},"modified":"2025-08-17T15:43:11","modified_gmt":"2025-08-17T15:43:11","slug":"incendio-valencia-hoy-la-calima-y-el-humo-de-los-fuegos-de-espana-llegan-a-la-comunitat-valenciana","status":"publish","type":"post","link":"https:\/\/www.europesays.com\/es\/53822\/","title":{"rendered":"INCENDIO VALENCIA HOY | La calima y el humo de los fuegos de Espa\u00f1a llegan a la Comunitat Valenciana"},"content":{"rendered":"<p class=\"ft-text ft-helper-closenews\">La <strong>calidad del aire es desfavorable <\/strong>en buena parte de la provincia de Valencia y no hay m\u00e1s que mirar al cielo para comprobar por qu\u00e9. Muchos se preguntan desde primera hora de la tarde si puede deberse a un<strong> nuevo <\/strong><a class=\"ft-link ft-link--decoration\" href=\"https:\/\/www.levante-emv.com\/tags\/incendios\/\" target=\"_blank\" rel=\"nofollow noopener\"><strong>incendio <\/strong><\/a>que se haya desatado en el territorio. La respuesta, afortunadamente, es tajante: no (al menos de momento, puesto que el riesgo de fuegos es extremo).<\/p>\n<p class=\"ft-text\">El cielo est\u00e1 turbio debido a la mezcolanza de calima con el <a class=\"ft-link ft-link--decoration\" href=\"https:\/\/www.levante-emv.com\/sociedad\/2025\/08\/17\/fuego-mantiene-jaque-castilla-leon-120691182.html\" target=\"_blank\" rel=\"nofollow noopener\"><strong>humo de los incendios que arrasan media Espa\u00f1a <\/strong><\/a>desde hace d\u00edas. Tal cual. As\u00ed lo ha confirmado<a class=\"ft-link ft-link--decoration\" href=\"https:\/\/www.levante-emv.com\/tags\/agencia-estatal-de-meteorologia-aemet\/\" target=\"_blank\" rel=\"nofollow noopener\"> la Agencia Estatal de Meteorolog\u00eda (Aemet)<\/a> y l&#8217;Associaci\u00f3 Valenciana de Meteorologia Josep Peinado (Avamet), que indica que el humo llega incluso a Irlanda y afecta a casi toda Francia.<\/p>\n<p class=\"ft-text\">La &#8216;buena&#8217; noticia es que con tama\u00f1a humareda (algunos incluso refieren \u00abolor a quemado\u00bb) los rayos de sol no pueden penetrar tan f\u00e1cilmente hasta la superficie y las temperaturas no subir\u00e1n tanto como estaba previsto.<\/p>\n<p>C\u00f3mo llega hasta aqu\u00ed el humo<\/p>\n<p class=\"ft-text\">Pese a estar distanciados por cientos de kil\u00f3metros, el humo que procede de los incendios que asolan el oeste espa\u00f1ol llega hasta la Comunitat Valenciana debido a la direcci\u00f3n del viento. A 3.000 metros de altitud, sopla del oeste hacia el norte y, de la zona septentrional de la Pen\u00ednsula Ib\u00e9rica, desciende hasta el sureste arrastrando consigo la intensa humareda de los <a class=\"ft-link ft-link--decoration\" href=\"https:\/\/www.levante-emv.com\/sociedad\/2025\/08\/17\/quinto-dia-incendio-jarilla-extremadura-120675369.html\" target=\"_blank\" rel=\"nofollow noopener\"><strong>fuegos que devoran los montes en Castilla y Le\u00f3n, Galicia y Extremadura<\/strong><\/a>.<\/p>\n<p class=\"ft-text\">Adem\u00e1s, la masa de aire africano que nos est\u00e1 dejando <a class=\"ft-link ft-link--decoration\" href=\"https:\/\/www.levante-emv.com\/comunitat-valenciana\/2025\/08\/17\/temperaturas-noche-valencia-120697206.html\" target=\"_blank\" rel=\"nofollow noopener\"><strong>temperaturas r\u00e9cord en casi toda Espa\u00f1a<\/strong><\/a> tra\u00eda consigo polvo en suspensi\u00f3n (calima), lo que unido al humo de los incendios a\u00fan enturbia m\u00e1s el cielo y provoca que la calidad del aire sea mala.<\/p>\n<p class=\"ft-text\">En principio, el humo de los incendios circula en capas medias y altas (no en superficie, pese a que haya quien asegura \u00aboler a quemado\u00bb), pero enturbia de una manera extraordinaria el cielo.<\/p>\n<p data-close=\"closedContent\" class=\"subscribeHideForDisplay\">Suscr\u00edbete para seguir leyendo<\/p>\n","protected":false},"excerpt":{"rendered":"La calidad del aire es desfavorable en buena parte de la provincia de Valencia y no hay m\u00e1s&hellip;\n","protected":false},"author":2,"featured_media":53823,"comment_status":"","ping_status":"","sticky":false,"template":"","format":"standard","meta":{"footnotes":""},"categories":[8],"tags":[17,18,23514,6884,13193,23515,25,24,13,14,11,315,4342,8877,19,20,5135,9,10,15,16,23,6195,23516,12,23513,21,22],"class_list":{"0":"post-53822","1":"post","2":"type-post","3":"status-publish","4":"format-standard","5":"has-post-thumbnail","7":"category-espana","8":"tag-breaking-news","9":"tag-breakingnews","10":"tag-calima","11":"tag-cielo","12":"tag-el-tiempo","13":"tag-el-tiempo-en-valencia","14":"tag-es","15":"tag-espana","16":"tag-featured-news","17":"tag-featurednews","18":"tag-headlines","19":"tag-hoy","20":"tag-incendios","21":"tag-incendios-forestales","22":"tag-latest-news","23":"tag-latestnews","24":"tag-motivo","25":"tag-news","26":"tag-noticias","27":"tag-noticias-destacadas","28":"tag-noticiasdestacadas","29":"tag-spain","30":"tag-temperaturas","31":"tag-tiempo-valencia","32":"tag-titulares","33":"tag-turbio","34":"tag-ultimas-noticias","35":"tag-ultimasnoticias"},"share_on_mastodon":{"url":"","error":""},"_links":{"self":[{"href":"https:\/\/www.europesays.com\/es\/wp-json\/wp\/v2\/posts\/53822","targetHints":{"allow":["GET"]}}],"collection":[{"href":"https:\/\/www.europesays.com\/es\/wp-json\/wp\/v2\/posts"}],"about":[{"href":"https:\/\/www.europesays.com\/es\/wp-json\/wp\/v2\/types\/post"}],"author":[{"embeddable":true,"href":"https:\/\/www.europesays.com\/es\/wp-json\/wp\/v2\/users\/2"}],"replies":[{"embeddable":true,"href":"https:\/\/www.europesays.com\/es\/wp-json\/wp\/v2\/comments?post=53822"}],"version-history":[{"count":0,"href":"https:\/\/www.europesays.com\/es\/wp-json\/wp\/v2\/posts\/53822\/revisions"}],"wp:featuredmedia":[{"embeddable":true,"href":"https:\/\/www.europesays.com\/es\/wp-json\/wp\/v2\/media\/53823"}],"wp:attachment":[{"href":"https:\/\/www.europesays.com\/es\/wp-json\/wp\/v2\/media?parent=53822"}],"wp:term":[{"taxonomy":"category","embeddable":true,"href":"https:\/\/www.europesays.com\/es\/wp-json\/wp\/v2\/categories?post=53822"},{"taxonomy":"post_tag","embeddable":true,"href":"https:\/\/www.europesays.com\/es\/wp-json\/wp\/v2\/tags?post=53822"}],"curies":[{"name":"wp","href":"https:\/\/api.w.org\/{rel}","templated":true}]}}