{"id":538682,"date":"2026-05-07T18:53:14","date_gmt":"2026-05-07T18:53:14","guid":{"rendered":"https:\/\/www.europesays.com\/es\/538682\/"},"modified":"2026-05-07T18:53:14","modified_gmt":"2026-05-07T18:53:14","slug":"lori-meyers-odian-el-fin-de-semana-de-la-ruptura-en-lo-total","status":"publish","type":"post","link":"https:\/\/www.europesays.com\/es\/538682\/","title":{"rendered":"Lori Meyers odian el fin de semana de la ruptura \u00aben lo total\u00bb"},"content":{"rendered":"<p>Lori Meyers han presentado recientemente el tema con el que introducen su nuevo disco, el primero en 5 a\u00f1os, el primero desde \u2018<a href=\"https:\/\/jenesaispop.com\/2021\/10\/26\/421040\/lori-meyers-espacios-infinitos\/\" rel=\"nofollow noopener\" target=\"_blank\">Espacios infinitos<\/a>\u2018. \u2018En lo total\u2019 es un \u00abgrower\u00bb que va revelando su condici\u00f3n de tema post-ruptura. Es la Canci\u00f3n del D\u00eda.<\/p>\n<p>Primero te das cuenta de que el narrador lo est\u00e1 pasando mal pero todav\u00eda no le ha dicho a sus amigos por qu\u00e9. Despu\u00e9s est\u00e1 el estupendo \u00abmiddle eight\u00bb de \u00abodio tanto el fin de semana\u00bb. Pero es que Noni -autor en este caso- no odia todos los fines de semana, sino \u00abel fin de semana que me dijiste que se acababa\u00bb. Se incluyen escenas costumbristas de una discusi\u00f3n de alcoba: \u00abSon las cuatro de la ma\u00f1ana \/ Tu ropa est\u00e1 tirada en mi cama \/ No dices buenas noches \/ Solo dices reproches\u00bb.<\/p>\n<p>Ligeramente funk y con algunas partes en las estrofas en que apenas aparecen guitarras, \u2018En lo total\u2019 es una grabaci\u00f3n 100% Lori Meyers que presume de una peque\u00f1a evoluci\u00f3n bajo los mandos de Ferran Gisbert. As\u00ed agradecen en la nota su dedicaci\u00f3n al guitarrista y colaborador habitual de Alizzz, entre otros: <\/p>\n<p>\u00abQueremos agradecer a Ferran, al que pr\u00e1cticamente secuestramos durante dos a\u00f1os en nuestro particular \u2018Hostal Pimod\u00e1n\u2019 para producir el disco. Han sido muchas horas, muchas cervezas, alg\u00fan que otro shooter extraction y bastantes momentos mirando al infinito cuando nada sal\u00eda. Pero era el proceso que necesit\u00e1bamos\u00bb.<\/p>\n<p>El v\u00eddeo es primero un \u00abzoom in\u00bb constante a Noni entre pizzas, caf\u00e9s, copas y juegos de cartas con los que se pretende dejar atr\u00e1s ese desenga\u00f1o\u2026 posteriormente un \u00abzoom out\u00bb\u2026 y finalmente un poco de todo. Dirige Gustavo Carballo.<\/p>\n<p>Lori Meyers son cabezas de cartel de <a href=\"https:\/\/www.festial-lamancha.com\/\" rel=\"nofollow noopener\" target=\"_blank\">Festial!<\/a> en Alc\u00e1zar de San Juan, donde tambi\u00e9n act\u00faan Rigoberta Bandini, Las Petunias, Ni\u00f1a Polaca, etc\u00e9tera. JENESAISPOP es medio oficial de este evento. M\u00e1s fechas, en <a href=\"https:\/\/spanishbombs.com\/artistas\/lori-meyers\/#conciertos\" rel=\"nofollow noopener\" target=\"_blank\">su web<\/a>.<\/p>\n","protected":false},"excerpt":{"rendered":"Lori Meyers han presentado recientemente el tema con el que introducen su nuevo disco, el primero en 5&hellip;\n","protected":false},"author":2,"featured_media":538683,"comment_status":"","ping_status":"","sticky":false,"template":"","format":"standard","meta":{"footnotes":""},"categories":[170],"tags":[146,147,25,24,21968,184,185,23],"class_list":["post-538682","post","type-post","status-publish","format-standard","has-post-thumbnail","category-musica","tag-entertainment","tag-entretenimiento","tag-es","tag-espana","tag-lori-meyers","tag-music","tag-musica","tag-spain"],"share_on_mastodon":{"url":"https:\/\/pubeurope.com\/@es\/116534811500618497","error":""},"_links":{"self":[{"href":"https:\/\/www.europesays.com\/es\/wp-json\/wp\/v2\/posts\/538682","targetHints":{"allow":["GET"]}}],"collection":[{"href":"https:\/\/www.europesays.com\/es\/wp-json\/wp\/v2\/posts"}],"about":[{"href":"https:\/\/www.europesays.com\/es\/wp-json\/wp\/v2\/types\/post"}],"author":[{"embeddable":true,"href":"https:\/\/www.europesays.com\/es\/wp-json\/wp\/v2\/users\/2"}],"replies":[{"embeddable":true,"href":"https:\/\/www.europesays.com\/es\/wp-json\/wp\/v2\/comments?post=538682"}],"version-history":[{"count":0,"href":"https:\/\/www.europesays.com\/es\/wp-json\/wp\/v2\/posts\/538682\/revisions"}],"wp:featuredmedia":[{"embeddable":true,"href":"https:\/\/www.europesays.com\/es\/wp-json\/wp\/v2\/media\/538683"}],"wp:attachment":[{"href":"https:\/\/www.europesays.com\/es\/wp-json\/wp\/v2\/media?parent=538682"}],"wp:term":[{"taxonomy":"category","embeddable":true,"href":"https:\/\/www.europesays.com\/es\/wp-json\/wp\/v2\/categories?post=538682"},{"taxonomy":"post_tag","embeddable":true,"href":"https:\/\/www.europesays.com\/es\/wp-json\/wp\/v2\/tags?post=538682"}],"curies":[{"name":"wp","href":"https:\/\/api.w.org\/{rel}","templated":true}]}}