{"id":538809,"date":"2026-05-07T20:21:25","date_gmt":"2026-05-07T20:21:25","guid":{"rendered":"https:\/\/www.europesays.com\/es\/538809\/"},"modified":"2026-05-07T20:21:25","modified_gmt":"2026-05-07T20:21:25","slug":"la-imagen-de-la-union-familiar-en-una-noche-cargada-de-significado","status":"publish","type":"post","link":"https:\/\/www.europesays.com\/es\/538809\/","title":{"rendered":"la imagen de la uni\u00f3n familiar en una noche cargada de significado"},"content":{"rendered":"<p id=\"erpjICNzf_e\" data-wc=\"57\">M\u00f3nica Sada vuelve a situarse en el centro de la innovaci\u00f3n beauty\u00a0con un nuevo paso en la tecnobelleza. La fundadora de Unicskin, que ha llevado su firma alrededor del mundo (40 pa\u00edses), acaba de presentar <a class=\"hm-link ho-link\" href=\"https:\/\/www.hola.com\/actualidad\/20250604835788\/monica-sada-confirma-reconciliacion-vicente-calderon-meses-dificiles-volvemos-estar-juntos\/\" data-mrf-recirculation=\"article-body-link\" rel=\"nofollow noopener\" target=\"_blank\">su \u00faltimo dispositivo: Unicled Helmet Omega 5.0<\/a>, bajo el lema \u00abEsto no es cuidado capilar. Es ciencia cl\u00ednica aplicada al cabello\u00bb.<\/p>\n<p id=\"emRpnlFW-g1\" data-wc=\"94\">Vestida de princesa por Juan Duyos, la empresaria, que dej\u00f3 su carrera en la banca en Nueva York para revolucionar un sector tan exigente como el de la belleza, eligi\u00f3 el hotel Wellington, de Madrid, y tuvo el apoyo incondicional de sus amigos y su familia. La acompa\u00f1aron su madre, Ux\u00eda; su hermana Paula, y su t\u00eda Blanca, adem\u00e1s de su marido, Vicente Calder\u00f3n, presidente de Venice Finance Capital, firma financiera especializada en grandes corporaciones, bancos y gobiernos; padre de sus dos hijos, Fabiola y Vicente, y nieto del fundador del Atl\u00e9tico de Madrid.\u00a0<\/p>\n<p>  <img src=\"https:\/\/www.europesays.com\/es\/wp-content\/uploads\/2026\/05\/7e12e31bbeb1-ffjt9472r.jpg\"   width=\"1080\" height=\"1080\" loading=\"lazy\" decoding=\"async\" alt=\"Gigi Sarasola y su mujer, Sara Zald\u00edvar\" fetchpriority=\"auto\" class=\"image ho-image\"\/>\u00a9 FERNANDO JUNCOGigi Sarasola y su mujer, Sara Zald\u00edvar<\/p>\n<p>  <img src=\"https:\/\/www.europesays.com\/es\/wp-content\/uploads\/2026\/05\/7a145990f366-9a6ef3a9-ddd2-4b63-93b5-225652e1b750.jpg\"   width=\"1080\" height=\"1080\" loading=\"lazy\" decoding=\"async\" alt=\"M\u00f3nica Sada, con su marido, Vicente Calder\u00f3n, un matrimonio de magnates\" fetchpriority=\"auto\" class=\"image ho-image\"\/>\u00a9 Carla Vega-PenichetM\u00f3nica Sada, fundadora y CEO de Unicskin, con su marido, Vicente Calder\u00f3n, presidente de Venice Finance Capital<\/p>\n<p id=\"ek0a1nT4XoG\" data-wc=\"115\">Y tambi\u00e9n cont\u00f3 con una larga <strong>lista de representantes de la sociedad espa\u00f1ola<\/strong>. <a class=\"hm-link ho-link\" href=\"https:\/\/www.hola.com\/actualidad\/20260427897991\/cari-lapique-felicitacon-nieta-minicari-cumple\/\" data-mrf-recirculation=\"article-body-link\" rel=\"nofollow noopener\" target=\"_blank\">Entre ellos, Cari Lapique, su gran embajadora<\/a>, que volvi\u00f3 a mostrar su habitual elegancia y discreci\u00f3n en un acto muy marcado por la cercan\u00eda familiar. A la presentaci\u00f3n acudi\u00f3 acompa\u00f1ada de su hija, <strong>Carla Goyanes<\/strong>; su yerno, Antonio Matos, viudo de Caritina Goyanes, en un reencuentro especialmente significativo y cargado de emoci\u00f3n poco antes del D\u00eda de la Madre; su hermana, Myriam Lapique, siempre muy presente en los momentos importantes; y su sobrino, Carlos Cortina, habitual tambi\u00e9n en este tipo de citas sociales. Todos ellos formaron un n\u00facleo muy unido, dejando ver la complicidad y el apoyo mutuo que caracteriza al clan.<\/p>\n<p id=\"eOUsnVdDhyD\" data-wc=\"58\">Momentos emotivos que Lapique no deja de acumular en los \u00faltimos meses, en una etapa en la que cada reencuentro familiar adquiere un significado especial. <a class=\"hm-link ho-link\" href=\"https:\/\/www.hola.com\/actualidad\/20260419896524\/boda-recuerdos-cari-lapique-enlace-eugenia-fraile-intima-amiga-caritina-goyanes-madrina-hijo-pedro\/\" data-mrf-recirculation=\"article-body-link\" rel=\"nofollow noopener\" target=\"_blank\">El \u00faltimo de ellos tuvo lugar en abril, durante la boda de Eugenia Fraile<\/a>, \u00edntima amiga de su hija Caritina Goyanes y madrina de su nieto Pedro, hijo de Caritina y Antonio Matos.<\/p>\n<p>&#8216;Especialmente feliz&#8217;<\/p>\n<p id=\"eoAZUAPPzUx\" data-wc=\"66\">Vimos, asimismo, a In\u00e9s y Mercedes Domecq, Mar\u00eda de Le\u00f3n, la joyera Sonia Folache, Carla y Mar\u00eda Vega Penichet, M\u00f3nica S\u00e1nchez Navarro, Veva Longoria, Andrea Pascual, Valentina Su\u00e1rez-Zuloaga y <strong>Gigi Sarasola y su mujer<\/strong>, Sara Zald\u00edvar, que <a class=\"hm-link ho-link\" href=\"https:\/\/www.hola.com\/actualidad\/20260108876287\/entramos-espectacular-boda-caribena-gigi-sarasola-sara-zaldivar-fotos-detalles-anecdotas\/\" data-mrf-recirculation=\"article-body-link\" rel=\"nofollow noopener\" target=\"_blank\">nos describieron su nueva etapa, tras su boda en enero, como \u00abespecialmente feliz\u00bb<\/a> y nos contaron que ambos se cuidan mucho y que les encantan los productos de M\u00f3nica.\u00a0<\/p>\n<p id=\"eRfpJ15wzxk\" data-wc=\"65\">Entre risas, Gigi Sarasola confes\u00f3: <strong>\u201cMe pongo cremas todas las ma\u00f1anas y todas las noches\u201d<\/strong>, a lo que a\u00f1adi\u00f3 con humor: \u201cLe robo las buenas a mi mujer\u201d. Una an\u00e9cdota espont\u00e1nea que arranc\u00f3 sonrisas entre los presentes y con la que Sarasola volvi\u00f3 a demostrar su car\u00e1cter desenfadado y su natural sentido del humor, convirti\u00e9ndose en <strong>uno de los momentos m\u00e1s entra\u00f1ables<\/strong> de la gala.<\/p>\n<p>  <img src=\"https:\/\/www.europesays.com\/es\/wp-content\/uploads\/2026\/05\/bb346cd1dc7e-ffjt9842rcut.jpg\"   width=\"1080\" height=\"1080\" loading=\"lazy\" decoding=\"async\" alt=\"Cari Lapique; su yerno viudo de Caritina, Antonio Matos, y Carla Goyanes, en el hotel Wellington, de Madrid\" fetchpriority=\"auto\" class=\"image ho-image\"\/>\u00a9 FERNANDO JUNCOUna familia unida en una imagen inesperada: Cari Lapique; su yerno viudo de Caritina, Antonio Matos, y Carla Goyanes, en el hotel Wellington, de Madrid. Acudieron a la presentaci\u00f3n del nuevo dispositivo capilar de uso dom\u00e9stico Unicled Helmet Omega 5.0, de Unicskin, referente en cuidado de la piel y el cabello<\/p>\n<p id=\"e7CFUa0EJXi\" data-wc=\"47\">La presentaci\u00f3n de este nuevo producto fue concebida como una experiencia inmersiva. M\u00f3nica Sada ide\u00f3 un desfile-performance con est\u00e9tica futurista para mostrar su nuevo producto \u2014un casco con tecnolog\u00eda led avanzada e inteligencia artificial\u2014 y recordar, sin aburrir, algunos de los revolucionarios dispositivos creados en nueve a\u00f1os.\u00a0<\/p>\n<p id=\"ect2QISi5bP\" data-wc=\"66\">Entre ellos, Centurion, las gafas antiojeras, el de cuello y papada o el Body Slim (que remodela, tonifica y reafirma el cuerpo), con el que jug\u00f3 una maravillosa bailarina como parte de la entretenida puesta en escena. Todo esto unido a las experiencias que pod\u00edan vivirse en los diferentes rincones tem\u00e1ticos, que inclu\u00edan desde la personalizaci\u00f3n de un perfume a un diagn\u00f3stico de piel con IA.<\/p>\n","protected":false},"excerpt":{"rendered":"M\u00f3nica Sada vuelve a situarse en el centro de la innovaci\u00f3n beauty\u00a0con un nuevo paso en la tecnobelleza.&hellip;\n","protected":false},"author":2,"featured_media":538810,"comment_status":"","ping_status":"","sticky":false,"template":"","format":"standard","meta":{"footnotes":""},"categories":[174],"tags":[3900,517,5277,5276,255,146,147,25,24,256,23],"class_list":["post-538809","post","type-post","status-publish","format-standard","has-post-thumbnail","category-famosos","tag-hola","tag-actualidad","tag-cari-lapique","tag-carla-goyanes","tag-celebrities","tag-entertainment","tag-entretenimiento","tag-es","tag-espana","tag-famosos","tag-spain"],"share_on_mastodon":{"url":"https:\/\/pubeurope.com\/@es\/116535158115317845","error":""},"_links":{"self":[{"href":"https:\/\/www.europesays.com\/es\/wp-json\/wp\/v2\/posts\/538809","targetHints":{"allow":["GET"]}}],"collection":[{"href":"https:\/\/www.europesays.com\/es\/wp-json\/wp\/v2\/posts"}],"about":[{"href":"https:\/\/www.europesays.com\/es\/wp-json\/wp\/v2\/types\/post"}],"author":[{"embeddable":true,"href":"https:\/\/www.europesays.com\/es\/wp-json\/wp\/v2\/users\/2"}],"replies":[{"embeddable":true,"href":"https:\/\/www.europesays.com\/es\/wp-json\/wp\/v2\/comments?post=538809"}],"version-history":[{"count":0,"href":"https:\/\/www.europesays.com\/es\/wp-json\/wp\/v2\/posts\/538809\/revisions"}],"wp:featuredmedia":[{"embeddable":true,"href":"https:\/\/www.europesays.com\/es\/wp-json\/wp\/v2\/media\/538810"}],"wp:attachment":[{"href":"https:\/\/www.europesays.com\/es\/wp-json\/wp\/v2\/media?parent=538809"}],"wp:term":[{"taxonomy":"category","embeddable":true,"href":"https:\/\/www.europesays.com\/es\/wp-json\/wp\/v2\/categories?post=538809"},{"taxonomy":"post_tag","embeddable":true,"href":"https:\/\/www.europesays.com\/es\/wp-json\/wp\/v2\/tags?post=538809"}],"curies":[{"name":"wp","href":"https:\/\/api.w.org\/{rel}","templated":true}]}}