{"id":53919,"date":"2025-08-17T16:40:10","date_gmt":"2025-08-17T16:40:10","guid":{"rendered":"https:\/\/www.europesays.com\/es\/53919\/"},"modified":"2025-08-17T16:40:10","modified_gmt":"2025-08-17T16:40:10","slug":"nagore-aranburu-se-despide-de-sus-vacaciones-en-grecia-con-tres-looks-muy-faciles-de-copiar","status":"publish","type":"post","link":"https:\/\/www.europesays.com\/es\/53919\/","title":{"rendered":"Nagore Aranburu se despide de sus vacaciones en Grecia con tres looks muy f\u00e1ciles de copiar"},"content":{"rendered":"<p id=\"ehQ0E04pcr\" data-wc=\"98\">Nagore Aranburu est\u00e1<strong> <\/strong><a class=\"hm-link\" href=\"https:\/\/www.hola.com\/actualidad\/20250817850553\/el-verano-todoterreno-de-nagore-aranburu-mujer-de-xabi-alonso\/\" rel=\"noopener nofollow\" target=\"_blank\" data-mrf-recirculation=\"article-body-link\">disfrutando de un verano muy especial, y nada tranquilo<\/a>, como ella misma ha confesado, en el que la moda se ha convertido en su mejor aliada para afrontar una etapa de cambios. La mujer de Xabi Alonso ha sabido encontrar en sus vacaciones griegas el escenario perfecto para mostrar <strong>un armario de verano impecable<\/strong>. \u201cNo ha sido f\u00e1cil, pero me quedo con lo m\u00e1s valioso: las memorias bonitas que nos dejan nuestras vacaciones y esos momentos que se guardan para siempre\u201d, comparte con sus seguidores en Instagram, acompa\u00f1ando la reflexi\u00f3n con una serie de looks.<\/p>\n<p> <img src=\"https:\/\/www.europesays.com\/es\/wp-content\/uploads\/2025\/08\/62e2cdfeff2b-534312981185298378100630127802846302198199128n.jpg\"   width=\"1024\" height=\"771\" loading=\"lazy\" decoding=\"async\" alt=\"Nagore Aranburu de vacaciones\" fetchpriority=\"auto\" class=\"image ho-image\"\/>\u00a9 @nagore.aranburu<\/p>\n<p id=\"eGdgXOH9xZQ\" data-wc=\"56\">El m\u00e1s llamativo, y sin duda el m\u00e1s comentado, es un conjunto de <strong data-end=\"1133\" data-start=\"1100\">crochet multicolor de Missoni<\/strong>, compuesto por bikini y pareo a juego. Una elecci\u00f3n vibrante y muy mediterr\u00e1nea, que encarna a la perfecci\u00f3n el esp\u00edritu alegre de la casa italiana. Missoni ha hecho del punto, el zigzag y las rayas su se\u00f1a de identidad.<\/p>\n<p> <img src=\"https:\/\/www.europesays.com\/es\/wp-content\/uploads\/2025\/08\/ff73894ec4de-533488255185298377920630124368495646944440614n.jpg\"   width=\"1024\" height=\"771\" loading=\"lazy\" decoding=\"async\" alt=\"Nagore Aranburu en sus vacaciones en Grecia\" fetchpriority=\"auto\" class=\"image ho-image\"\/>\u00a9 @nagore.aranburu<\/p>\n<p id=\"exkibUmRGR0\" data-wc=\"69\">Pero no se queda ah\u00ed. La exmodelo tambi\u00e9n ha apostado por la <strong data-end=\"1610\" data-start=\"1550\">elegancia atemporal de un vestido negro de cuello halter<\/strong>, un b\u00e1sico que nunca falla y que recuerda por qu\u00e9 el negro sigue siendo la opci\u00f3n m\u00e1s vers\u00e1til en cualquier maleta de verano. Sofisticado, fresco y con ese aire effortless\u00a0que tanto define a Aranburu, el dise\u00f1o se convierte en un comod\u00edn ideal para cenas frente al mar.<\/p>\n<p> <img src=\"https:\/\/www.europesays.com\/es\/wp-content\/uploads\/2025\/08\/0dac9f810d21-533596123185298378370630126660980233430288620n.jpg\"   width=\"1024\" height=\"771\" loading=\"lazy\" decoding=\"async\" alt=\"Nagore Aranburu en sus vacaciones en Grecia\" fetchpriority=\"auto\" class=\"image ho-image\"\/>\u00a9 @nagore.aranburu<\/p>\n<p id=\"e1sC82zo7qP\" data-wc=\"48\">En otro de sus estilismos, Nagore ha optado por un <strong data-end=\"1964\" data-start=\"1930\">look m\u00e1s juvenil y desenfadado<\/strong>, formado por un top blanco y una falda corta estampada. Una combinaci\u00f3n sencilla, pero con mucho encanto, perfecta para pasear por los pintorescos pueblos griegos o para una jornada entre familia y amigos.<\/p>\n","protected":false},"excerpt":{"rendered":"Nagore Aranburu est\u00e1 disfrutando de un verano muy especial, y nada tranquilo, como ella misma ha confesado, en&hellip;\n","protected":false},"author":2,"featured_media":53920,"comment_status":"","ping_status":"","sticky":false,"template":"","format":"standard","meta":{"footnotes":""},"categories":[174],"tags":[1024,255,146,147,25,24,256,1023,23528,23,23527],"class_list":{"0":"post-53919","1":"post","2":"type-post","3":"status-publish","4":"format-standard","5":"has-post-thumbnail","7":"category-famosos","8":"tag-actualidad-moda","9":"tag-celebrities","10":"tag-entertainment","11":"tag-entretenimiento","12":"tag-es","13":"tag-espana","14":"tag-famosos","15":"tag-moda","16":"tag-nagore-aramburu","17":"tag-spain","18":"tag-tendencias-primavera-verano"},"share_on_mastodon":{"url":"","error":""},"_links":{"self":[{"href":"https:\/\/www.europesays.com\/es\/wp-json\/wp\/v2\/posts\/53919","targetHints":{"allow":["GET"]}}],"collection":[{"href":"https:\/\/www.europesays.com\/es\/wp-json\/wp\/v2\/posts"}],"about":[{"href":"https:\/\/www.europesays.com\/es\/wp-json\/wp\/v2\/types\/post"}],"author":[{"embeddable":true,"href":"https:\/\/www.europesays.com\/es\/wp-json\/wp\/v2\/users\/2"}],"replies":[{"embeddable":true,"href":"https:\/\/www.europesays.com\/es\/wp-json\/wp\/v2\/comments?post=53919"}],"version-history":[{"count":0,"href":"https:\/\/www.europesays.com\/es\/wp-json\/wp\/v2\/posts\/53919\/revisions"}],"wp:featuredmedia":[{"embeddable":true,"href":"https:\/\/www.europesays.com\/es\/wp-json\/wp\/v2\/media\/53920"}],"wp:attachment":[{"href":"https:\/\/www.europesays.com\/es\/wp-json\/wp\/v2\/media?parent=53919"}],"wp:term":[{"taxonomy":"category","embeddable":true,"href":"https:\/\/www.europesays.com\/es\/wp-json\/wp\/v2\/categories?post=53919"},{"taxonomy":"post_tag","embeddable":true,"href":"https:\/\/www.europesays.com\/es\/wp-json\/wp\/v2\/tags?post=53919"}],"curies":[{"name":"wp","href":"https:\/\/api.w.org\/{rel}","templated":true}]}}