{"id":539708,"date":"2026-05-08T08:19:12","date_gmt":"2026-05-08T08:19:12","guid":{"rendered":"https:\/\/www.europesays.com\/es\/539708\/"},"modified":"2026-05-08T08:19:12","modified_gmt":"2026-05-08T08:19:12","slug":"stellantis-y-leapmotor-ampliaran-su-colaboracion-para-fabricar-vehiculos-electricos-en-europa","status":"publish","type":"post","link":"https:\/\/www.europesays.com\/es\/539708\/","title":{"rendered":"Stellantis y Leapmotor ampliar\u00e1n su colaboraci\u00f3n para fabricar veh\u00edculos el\u00e9ctricos en Europa"},"content":{"rendered":"\n<p class=\"yf-1fy9kyt\">MIL\u00c1N, 8 mayo (Reuters) &#8211; Stellantis y la empresa china Leapmotor tienen previsto ampliar su colaboraci\u00f3n, pasando de un acuerdo comercial a \u200cuna cooperaci\u00f3n en materia de fabricaci\u00f3n en Europa, dijo el \u200cviernes el fabricante de autom\u00f3viles franco-italiano.<\/p>\n<p class=\"yf-1fy9kyt\">Stellantis adquiri\u00f3 una participaci\u00f3n del 21% en Leapmotor en \u200b2023 y constituy\u00f3 una empresa conjunta de car\u00e1cter principalmente comercial en la que el grupo automovil\u00edstico europeo tiene los derechos para vender veh\u00edculos el\u00e9ctricos de Leapmotor fuera de China.<\/p>\n<p class=\"yf-1fy9kyt\">Stellantis tiene una participaci\u00f3n del 51% \u200cen la empresa conjunta \u2060Leapmotor International (LPMI), mientras que el fabricante chino de veh\u00edculos el\u00e9ctricos posee una participaci\u00f3n del 49%.<\/p>\n<p class=\"yf-1fy9kyt\">Seg\u00fan el plan anunciado \u2060el viernes, los socios a\u00f1adir\u00e1n la producci\u00f3n del SUV B10 de Leapmotor y de un nuevo SUV el\u00e9ctrico de clase C desarrollado conjuntamente \u200bbajo la \u200bmarca Opel en la planta de \u200bStellantis en Zaragoza, Espa\u00f1a.<\/p>\n<p class=\"yf-1fy9kyt\">Tambi\u00e9n cooperar\u00e1n \u200cen la compra de piezas de autom\u00f3vil a trav\u00e9s de LPMI, para beneficiarse de la escala combinada y de los conocimientos t\u00e9cnicos consolidados de China en tecnolog\u00eda de veh\u00edculos el\u00e9ctricos.<\/p>\n<p class=\"yf-1fy9kyt\">\u00abEl objetivo ser\u00eda impulsar la competitividad en los precios aprovechando el ecosistema chino de veh\u00edculos \u200cde nueva energ\u00eda, al tiempo que se \u200butilizan las capacidades de la cadena \u200bde suministro europea para reforzar \u200bla resiliencia y acelerar el tiempo de comercializaci\u00f3n \u200cde los nuevos modelos\u00bb, dijo Stellantis \u200ben un comunicado.<\/p>\n<p class=\"yf-1fy9kyt\">Los \u200bdos grupos tambi\u00e9n est\u00e1n considerando asignar nuevos modelos de Leapmotor a la planta de Stellantis en Madrid, Espa\u00f1a, a partir de \u200b2028 y, potencialmente, \u200ctransferir la propiedad de la planta a LPMI.<\/p>\n<p class=\"yf-1fy9kyt\">(Informaci\u00f3n de Giulio \u200bPiovaccari; edici\u00f3n de Giulia Segreti y Susan Fenton; editado \u200ben espa\u00f1ol por Benjam\u00edn Mej\u00edas Valencia)<\/p>\n","protected":false},"excerpt":{"rendered":"MIL\u00c1N, 8 mayo (Reuters) &#8211; Stellantis y la empresa china Leapmotor tienen previsto ampliar su colaboraci\u00f3n, pasando de&hellip;\n","protected":false},"author":2,"featured_media":539709,"comment_status":"","ping_status":"","sticky":false,"template":"","format":"standard","meta":{"footnotes":""},"categories":[80],"tags":[82,95,94,25,24,32870,23,23309],"class_list":["post-539708","post","type-post","status-publish","format-standard","has-post-thumbnail","category-economia","tag-business","tag-economia","tag-economy","tag-es","tag-espana","tag-leapmotor","tag-spain","tag-vehiculos-electricos"],"share_on_mastodon":{"url":"https:\/\/pubeurope.com\/@es\/116537980888663764","error":""},"_links":{"self":[{"href":"https:\/\/www.europesays.com\/es\/wp-json\/wp\/v2\/posts\/539708","targetHints":{"allow":["GET"]}}],"collection":[{"href":"https:\/\/www.europesays.com\/es\/wp-json\/wp\/v2\/posts"}],"about":[{"href":"https:\/\/www.europesays.com\/es\/wp-json\/wp\/v2\/types\/post"}],"author":[{"embeddable":true,"href":"https:\/\/www.europesays.com\/es\/wp-json\/wp\/v2\/users\/2"}],"replies":[{"embeddable":true,"href":"https:\/\/www.europesays.com\/es\/wp-json\/wp\/v2\/comments?post=539708"}],"version-history":[{"count":0,"href":"https:\/\/www.europesays.com\/es\/wp-json\/wp\/v2\/posts\/539708\/revisions"}],"wp:featuredmedia":[{"embeddable":true,"href":"https:\/\/www.europesays.com\/es\/wp-json\/wp\/v2\/media\/539709"}],"wp:attachment":[{"href":"https:\/\/www.europesays.com\/es\/wp-json\/wp\/v2\/media?parent=539708"}],"wp:term":[{"taxonomy":"category","embeddable":true,"href":"https:\/\/www.europesays.com\/es\/wp-json\/wp\/v2\/categories?post=539708"},{"taxonomy":"post_tag","embeddable":true,"href":"https:\/\/www.europesays.com\/es\/wp-json\/wp\/v2\/tags?post=539708"}],"curies":[{"name":"wp","href":"https:\/\/api.w.org\/{rel}","templated":true}]}}