{"id":54120,"date":"2025-08-17T18:42:08","date_gmt":"2025-08-17T18:42:08","guid":{"rendered":"https:\/\/www.europesays.com\/es\/54120\/"},"modified":"2025-08-17T18:42:08","modified_gmt":"2025-08-17T18:42:08","slug":"temor-al-mosquito-tigre-y-los-virus-que-porta-que-llegue-aqui-es-cuestion-de-tiempo","status":"publish","type":"post","link":"https:\/\/www.europesays.com\/es\/54120\/","title":{"rendered":"Temor al mosquito tigre y los virus que porta: \u00abQue llegue aqu\u00ed es cuesti\u00f3n de tiempo\u00bb"},"content":{"rendered":"<p><a class=\"v-mdl-ath__fig-a\" href=\"https:\/\/www.lagacetadesalamanca.es\/autor\/javier-hernandez-5987.html\" title=\"Javier Hern\u00e1ndez\" rel=\"nofollow noopener\" target=\"_blank\"><br \/>\n<img decoding=\"async\" class=\"v-mdl-ath__img\" src=\"https:\/\/www.europesays.com\/es\/wp-content\/uploads\/2025\/08\/autor-5987-foto-1.png\" alt=\"Javier Hern\u00e1ndez\"\/><br \/>\n<\/a><\/p>\n<p class=\"v-mdl-ath__p v-mdl-ath__p--6\">\nDomingo, 17 de agosto 2025, 20:19<\/p>\n<p>| Actualizado 20:29h.<\/p>\n<p class=\"v-p\">El <strong>catedr\u00e1tico de Microbiolog\u00eda<\/strong><strong>Ra\u00fal Rivas<\/strong> destaca la r\u00e1pida expansi\u00f3n por <strong>Europa<\/strong> del <strong>virus chikungunya<\/strong> \u2014transmitido por dos tipos de mosquito\u2014 y advierte de que su presencia en zonas donde a\u00fan no se ha detectado, como es el caso de <strong>Salamanca<\/strong>, podr\u00eda ser solo \u00abcuesti\u00f3n de tiempo\u00bb.<\/p>\n<p class=\"v-p\"><strong>Las \u00faltimas im\u00e1genes que llegan desde China recuerdan a las de hace cinco a\u00f1os<\/strong>, coincidiendo con la irrupci\u00f3n del <strong>SARS-CoV-2<\/strong>: personal vistiendo equipos de protecci\u00f3n individual, cubiertos hasta la cabeza, y fumigando espacios al aire libre para eliminar miles de mosquitos.<\/p>\n<p class=\"v-p\">Los reportes del gigante asi\u00e1tico hablan de m\u00e1s de 7.000 afectados en el pa\u00eds solo desde el mes de julio. \u00bfPor qu\u00e9 siempre le toca a China? Rivas considera que \u00abes un pa\u00eds muy grande y con muchas \u00e1reas naturales. Cuanta m\u00e1s gente hay en contacto y en condiciones de hacinamiento, m\u00e1s facilidades existen para que surjan brotes epid\u00e9micos. Las condiciones de sobrepoblaci\u00f3n, como ocurre en India, favorecen estas situaciones\u00bb.<\/p>\n<p class=\"v-p\">A diferencia de lo que suced\u00eda con la COVID-19, este virus no se transmite entre personas ni por las v\u00edas respiratorias, sino que depende de dos mosquitos concretos: \u00abEl Aedes aegypti, conocido como mosquito del dengue, y el Aedes albopictus, el mosquito tigre\u00bb, apunta Rivas. Sin la presencia de estos mosquitos no es posible la transmisi\u00f3n del virus y, seg\u00fan apuntaba semanas atr\u00e1s la <strong>Junta de Castilla y Le\u00f3n<\/strong>, no hay constancia de que este insecto haya llegado a la comunidad. No lo han detectado algunos sistemas cooperativos, como el portal <strong>Mosquito Alert<\/strong>, y, por si acaso, se van a reforzar las medidas de vigilancia y prevenci\u00f3n, con especial protagonismo de Salamanca.<\/p>\n<p class=\"v-p\">\u00abEn el caso de que haya mosquitos, pero no haya poblaci\u00f3n infectada, el virus no estar\u00e1 en circulaci\u00f3n, que es lo que ocurre de momento en Espa\u00f1a\u00bb, ha explicado el microbi\u00f3logo. Sin embargo, en Francia este a\u00f1o se han registrado \u00abcerca de 50 casos aut\u00f3ctonos\u00bb, mientras que en Italia se han notificado un par. En territorio espa\u00f1ol, recuerda, \u00abse ha dado este a\u00f1o un caso aut\u00f3ctono en la zona de la frontera con <strong>Francia<\/strong> y alg\u00fan caso importado\u00bb.<\/p>\n<p class=\"v-p\">Sobre la distribuci\u00f3n del mosquito tigre, Rivas detalla que entr\u00f3 en 2004 por Catalu\u00f1a y ahora se encuentra en \u00abtoda la cuenca del <strong>Mediterr\u00e1neo<\/strong>, Baleares, muchos puntos de <strong>Andaluc\u00eda<\/strong>, <strong>Arag\u00f3n<\/strong>, puntos de <strong>Madrid<\/strong>, en la <strong>cornisa cant\u00e1brica<\/strong> e incluso en <strong>Galicia<\/strong>\u00bb, aunque en <strong>Castilla y Le\u00f3n<\/strong> \u00abno hay constancia\u00bb oficial todav\u00eda.<\/p>\n<p class=\"v-p\">Para el microbi\u00f3logo, su expansi\u00f3n est\u00e1 relacionada con el cambio clim\u00e1tico y la disponibilidad de agua, que podr\u00eda estar retrasando su irrupci\u00f3n en Castilla y Le\u00f3n, pero no de manera indefinida: \u00abYo sinceramente creo que es cuesti\u00f3n de tiempo que termine apareciendo tambi\u00e9n en Castilla y Le\u00f3n\u00bb.<\/p>\n<p>La &#8216;enfermedad rompehuesos&#8217;<\/p>\n<p class=\"v-p\">Conocida como la &#8216;enfermedad rompehuesos&#8217;, la infecci\u00f3n por el virus chikungunya no tiene una alta mortalidad, pero s\u00ed es muy dolorosa. \u00abEl tratamiento es sintom\u00e1tico, es decir, lo que existe para tratar el dolor y la fiebre. No suele ser mortal, pero los dolores que provoca son intensos y pueden prolongarse durante meses e incluso a\u00f1os en huesos y articulaciones\u00bb, explica Ra\u00fal Rivas.<\/p>\n<p class=\"v-p\">Tanto en Estados Unidos como en <strong>Australia<\/strong> se han aprobado sendas vacunas que, al parecer, no est\u00e1n mostrando una efectividad \u00f3ptima. La infecci\u00f3n, en cambio, s\u00ed otorga inmunidad de por vida.<\/p>\n<p class=\"v-p\">\u00abLo mejor es la prevenci\u00f3n: evitar que te piquen los mosquitos\u00bb, recomiendan. Respecto a la detecci\u00f3n, se puede diagnosticar mediante PCR o con una serolog\u00eda para buscar anticuerpos frente al virus.<\/p>\n<p>Comenta<\/p>\n<p>Reporta un error<\/p>\n","protected":false},"excerpt":{"rendered":"Domingo, 17 de agosto 2025, 20:19 | Actualizado 20:29h. El catedr\u00e1tico de Microbiolog\u00edaRa\u00fal Rivas destaca la r\u00e1pida expansi\u00f3n&hellip;\n","protected":false},"author":2,"featured_media":54121,"comment_status":"","ping_status":"","sticky":false,"template":"","format":"standard","meta":{"footnotes":""},"categories":[92],"tags":[23611,25,24,165,979,15511,23610,166,23,23609,159,17718,2275],"class_list":{"0":"post-54120","1":"post","2":"type-post","3":"status-publish","4":"format-standard","5":"has-post-thumbnail","7":"category-salud","8":"tag-cuestion","9":"tag-es","10":"tag-espana","11":"tag-health","12":"tag-llegue","13":"tag-mosquito","14":"tag-porta","15":"tag-salud","16":"tag-spain","17":"tag-temor","18":"tag-tiempo","19":"tag-tigre","20":"tag-virus"},"share_on_mastodon":{"url":"","error":""},"_links":{"self":[{"href":"https:\/\/www.europesays.com\/es\/wp-json\/wp\/v2\/posts\/54120","targetHints":{"allow":["GET"]}}],"collection":[{"href":"https:\/\/www.europesays.com\/es\/wp-json\/wp\/v2\/posts"}],"about":[{"href":"https:\/\/www.europesays.com\/es\/wp-json\/wp\/v2\/types\/post"}],"author":[{"embeddable":true,"href":"https:\/\/www.europesays.com\/es\/wp-json\/wp\/v2\/users\/2"}],"replies":[{"embeddable":true,"href":"https:\/\/www.europesays.com\/es\/wp-json\/wp\/v2\/comments?post=54120"}],"version-history":[{"count":0,"href":"https:\/\/www.europesays.com\/es\/wp-json\/wp\/v2\/posts\/54120\/revisions"}],"wp:featuredmedia":[{"embeddable":true,"href":"https:\/\/www.europesays.com\/es\/wp-json\/wp\/v2\/media\/54121"}],"wp:attachment":[{"href":"https:\/\/www.europesays.com\/es\/wp-json\/wp\/v2\/media?parent=54120"}],"wp:term":[{"taxonomy":"category","embeddable":true,"href":"https:\/\/www.europesays.com\/es\/wp-json\/wp\/v2\/categories?post=54120"},{"taxonomy":"post_tag","embeddable":true,"href":"https:\/\/www.europesays.com\/es\/wp-json\/wp\/v2\/tags?post=54120"}],"curies":[{"name":"wp","href":"https:\/\/api.w.org\/{rel}","templated":true}]}}