{"id":54132,"date":"2025-08-17T18:48:16","date_gmt":"2025-08-17T18:48:16","guid":{"rendered":"https:\/\/www.europesays.com\/es\/54132\/"},"modified":"2025-08-17T18:48:16","modified_gmt":"2025-08-17T18:48:16","slug":"sanchez-promete-mas-medios-del-estado-para-frenar-la-ola-incendiaria-vamos-a-hacer-todo-y-mas-la-voz-de-galicia","status":"publish","type":"post","link":"https:\/\/www.europesays.com\/es\/54132\/","title":{"rendered":"S\u00e1nchez promete m\u00e1s medios del Estado para frenar la ola incendiaria: \u00abVamos a hacer todo y m\u00e1s\u00bb &#8211; La Voz de Galicia"},"content":{"rendered":"<ol>\n<li><a href=\"https:\/\/news.google.com\/rss\/articles\/CBMi3AFBVV95cUxNa3JMVTBiM2NWQXNsV195WHpEM0gyT09GbHVUZ1drck9iZlItUzAzT01Yc2pQM0JHS1dRMHpUbFVGS1JhSTNHNkhFZFoxM0ZoaWUyalNXdFpLeEljUl9XOEx3SzFVN2JsNElteWpiSFNSd1dCMUE0cUYycXR4SWUzTzFJOVNhVlFPcmxzdm1xalhBV0xsQ1JkODZiRlhPYVNFNUNhLUhfTzNZRXBfcTZDWk5kRGxGY0l3Vk9kbXJRQWExRHhMMmNHS3RYbjIzUk9iQnZWUDMzOHFEc2ZG?oc=5\" target=\"_blank\" rel=\"nofollow noopener\">S\u00e1nchez promete m\u00e1s medios del Estado para frenar la ola incendiaria: \u00abVamos a hacer todo y m\u00e1s\u00bb<\/a>&nbsp;&nbsp;La Voz de Galicia<\/li>\n<li><a href=\"https:\/\/news.google.com\/rss\/articles\/CBMiekFVX3lxTE1XcWJCbDZ0YTgta2ZZaWtwRGZhQUdyNVFQZlNDLUdNU2pmSFhPdjFmTkphWUNmeFJwX0xNUGdjLTF2NXBzY2FScGNDekpLb0VPUVlkTGpvWjRWLW1QS2FPOXRYQW1JQ2pCMnVWTk9Wb3pjVURCRTYwNmpB?oc=5\" target=\"_blank\" rel=\"nofollow noopener\">S\u00e1nchez reaparece en los incendios en Galicia y propone un gran Pacto de Estado por la emergencia clim\u00e1tica<\/a>&nbsp;&nbsp;El Mundo<\/li>\n<li><a href=\"https:\/\/news.google.com\/rss\/articles\/CBMimwFBVV95cUxPRWxhc3RldzF6WWEycUpQZjdIazJ0OEdOY2NQcnBhbl9kUjVlS1VvQmpLalVxU0l0U3N4SmRQZXBtYzFwNDZLWWk0RDJzWVdzeS1rZnVMNmIwTzBvU1NueFVRU1Y0THM4ZldtWG9mUl9ET2UxWkNoOVV1UXM3bmdHOFVfaTlJOTg3Z1ZUY1pYMHowbE9uTXhaT01tWdIBoAFBVV95cUxOalItSGI1WHhLNTM2WTRLZzl3ZGNvY2dfMWNRWk15Ym43TWdDVWRJVDd4RmJ6aUI5cDJKSGxfa05iQUJELVRyVU45T3VnYjNDNUEzNVZOOWx4TkRiWjdLVllPdE5iMTRURjNGWnp3bW16eHFsVFowYlViTWVIeGpXbkJmaExYbGxhVnRVenRyc05LS210RGRVTVU2UEJ6M1lH?oc=5\" target=\"_blank\" rel=\"nofollow noopener\">S\u00e1nchez anuncia 500 militares m\u00e1s en la lucha contra el fuego y propone un \u00abgran Pacto de Estado\u00bb contra la crisis clim\u00e1tica<\/a>&nbsp;&nbsp;El Confidencial<\/li>\n<li><a href=\"https:\/\/news.google.com\/rss\/articles\/CBMiwwFBVV95cUxOX1Fxb0lMcW5UdTVncFR0dmFnby1uN3BCd3VHa0ZZZWhNRzh4OVZyN0lTZC1YbGpHMXRrcXZpOG82TlUtSWpDNTFoSnlrMnFmaF9ZWDRLRWdTRVczbTRTVFRYZzBGUGl3NEN3N2RTYVBtVEk5bFFIWnBlRFVsM1VtQlQ4Y2FGN3FJYmJIYTBXQTVZOFBfTFIwN2lXWlRoQ1pZSjVzZmZKdUxvU1F4OGhJaC1zSnp0QTR0bHZBUGdzVjZzdXc?oc=5\" target=\"_blank\" rel=\"nofollow noopener\">S\u00e1nchez propone un pacto de Estado frente a la emergencia clim\u00e1tica en plena crisis de los incendios<\/a>&nbsp;&nbsp;La Vanguardia<\/li>\n<li><a href=\"https:\/\/news.google.com\/rss\/articles\/CBMi0wFBVV95cUxOVTN6dlc0bXpGWFF4QjV6R1Y3NGVaQkJremJHWmRxQXpONWlNdFM2c0JPTmtDYUE2a2d2TlRNRE9PRDJsT3ZFVnNQRWt5X05XUW0yQnJtTkZ3aS1LRlNEQXo5cno4bU9mNG4wYlhHUFZjZFRNdTItYk04Wm0yT01DYURNbk9YVXI5UWt2dDNFT2IyZlRJbm1oVEhvTUtRX21nOUhmbjlyTE5jTzBrSVgwODRVQWI0eFBDYUtoOWdqNjMtVEZFbmlXVkVDbE16dEhERUZF?oc=5\" target=\"_blank\" rel=\"nofollow noopener\">S\u00e1nchez negociar\u00e1 un pacto de Estado para afrontar el cambio clim\u00e1tico tras la ola de incendios<\/a>&nbsp;&nbsp;EL PA\u00cdS<\/li>\n<\/ol>\n","protected":false},"excerpt":{"rendered":"S\u00e1nchez promete m\u00e1s medios del Estado para frenar la ola incendiaria: \u00abVamos a hacer todo y m\u00e1s\u00bb&nbsp;&nbsp;La Voz&hellip;\n","protected":false},"author":2,"featured_media":54133,"comment_status":"","ping_status":"","sticky":false,"template":"","format":"standard","meta":{"footnotes":""},"categories":[5],"tags":[1484,17,18,25,24,13,14,11,15082,19,20,9,10,15,16,2959,23,12,21,22],"class_list":{"0":"post-54132","1":"post","2":"type-post","3":"status-publish","4":"format-standard","5":"has-post-thumbnail","7":"category-titulares","8":"tag-alfonso-rueda","9":"tag-breaking-news","10":"tag-breakingnews","11":"tag-es","12":"tag-espana","13":"tag-featured-news","14":"tag-featurednews","15":"tag-headlines","16":"tag-incendios-en-galicia","17":"tag-latest-news","18":"tag-latestnews","19":"tag-news","20":"tag-noticias","21":"tag-noticias-destacadas","22":"tag-noticiasdestacadas","23":"tag-pedro-sanchez","24":"tag-spain","25":"tag-titulares","26":"tag-ultimas-noticias","27":"tag-ultimasnoticias"},"share_on_mastodon":{"url":"","error":""},"_links":{"self":[{"href":"https:\/\/www.europesays.com\/es\/wp-json\/wp\/v2\/posts\/54132","targetHints":{"allow":["GET"]}}],"collection":[{"href":"https:\/\/www.europesays.com\/es\/wp-json\/wp\/v2\/posts"}],"about":[{"href":"https:\/\/www.europesays.com\/es\/wp-json\/wp\/v2\/types\/post"}],"author":[{"embeddable":true,"href":"https:\/\/www.europesays.com\/es\/wp-json\/wp\/v2\/users\/2"}],"replies":[{"embeddable":true,"href":"https:\/\/www.europesays.com\/es\/wp-json\/wp\/v2\/comments?post=54132"}],"version-history":[{"count":0,"href":"https:\/\/www.europesays.com\/es\/wp-json\/wp\/v2\/posts\/54132\/revisions"}],"wp:featuredmedia":[{"embeddable":true,"href":"https:\/\/www.europesays.com\/es\/wp-json\/wp\/v2\/media\/54133"}],"wp:attachment":[{"href":"https:\/\/www.europesays.com\/es\/wp-json\/wp\/v2\/media?parent=54132"}],"wp:term":[{"taxonomy":"category","embeddable":true,"href":"https:\/\/www.europesays.com\/es\/wp-json\/wp\/v2\/categories?post=54132"},{"taxonomy":"post_tag","embeddable":true,"href":"https:\/\/www.europesays.com\/es\/wp-json\/wp\/v2\/tags?post=54132"}],"curies":[{"name":"wp","href":"https:\/\/api.w.org\/{rel}","templated":true}]}}