{"id":54169,"date":"2025-08-17T19:11:15","date_gmt":"2025-08-17T19:11:15","guid":{"rendered":"https:\/\/www.europesays.com\/es\/54169\/"},"modified":"2025-08-17T19:11:15","modified_gmt":"2025-08-17T19:11:15","slug":"la-meteorologa-mar-gomez-explica-lo-que-pasa-en-los-picos-de-europa-y-usa-cuatro-palabras-que-resuenan","status":"publish","type":"post","link":"https:\/\/www.europesays.com\/es\/54169\/","title":{"rendered":"La meteor\u00f3loga Mar G\u00f3mez explica lo que pasa en los Picos de Europa y usa cuatro palabras que resuenan"},"content":{"rendered":"<p><a href=\"https:\/\/x.com\/MarGomezH\" target=\"_blank\" rel=\"nofollow\">La doctora en F\u00edsicas y meteor\u00f3loga en eltiempo.es Mar G\u00f3mez<\/a> ha explicado en su cuenta de X lo que est\u00e1 pasando en los Picos de Europa debido a <a href=\"https:\/\/www.huffingtonpost.es\/planeta\/ultima-hora-incendios-espana-17-agosto.html\" target=\"_blank\" rel=\"nofollow noopener\">los incendios que asolan Espa\u00f1a<\/a> y ha lanzado cuatro palabras que a\u00fan resuenan.\u00a0<\/p>\n<p><b>Espa\u00f1a sigue en llamas con casi 40 incendios activos <\/b>que arrasan Extremadura, Galicia y Castilla y Le\u00f3n. Hasta 21 incendios forestales en la provincia de Le\u00f3n, siete\u00a0de nivel 2 y cuatro de nivel 1, evolucionan de manera irregular. Mientras, tambi\u00e9n preocupan especialmente los fuegos cercanos de Ourense y Asturias, la entrada en Picos de Europa, el paso a Palencia y el avance en la zona interior del fuego de La Cabrera.<\/p>\n<p>G\u00f3mez ha se\u00f1alado que<b> \u00abel fuego ha entrado al parque nacional de los Picos de Europa<\/b>, arrasando parte de los puertos de Cabrales y On\u00eds. Han desalojado Ca\u00edn, en Le\u00f3n, por la cercan\u00eda del fuego y han evacuado los puertos de monta\u00f1a\u00bb. \u00abAdem\u00e1s de esta alerta, se cort\u00f3 el turismo en la Ruta del Cares, se cerr\u00f3 el funicular y los refugios de monta\u00f1a fueron desalojados\u00bb, ha agregado en la red social.\u00a0<\/p>\n<p><b>\u00abEs una aut\u00e9ntica pesadilla\u00bb,<\/b> ha sentenciado con cuatro palabras que resuenan. \u00abMucha fuerza a todos los que est\u00e1is sufri\u00e9ndolo en primera persona y mi m\u00e1s sincero reconocimiento a los que se est\u00e1n jugando la vida en ello\u00bb, ha concluido en la publicaci\u00f3n.\u00a0<\/p>\n<p>El Gobierno de Asturias insta a la poblaci\u00f3n a evitar actividades recreativas y deportivas en los Picos de Europa y la cordillera Cant\u00e1brica, como medida de precauci\u00f3n ante los incendios. As\u00ed mismo, recuerda que est\u00e1 cerrada la ruta del Cares y que siguen suspendidas las lanzaderas de transporte p\u00fablico: Lagos de Cuadonga\/Covadonga (Cangas de On\u00eds), Arenas-Poncebos (Cabrales), Reserva de la Biosfera de Ponga, Reserva de la Biosfera de Somiedo y Reserva de la Biosfera de Muniellos (Cangas del Narcea).<\/p>\n<p>Mientras, en Le\u00f3n, se va a permitir que los vecinos de Portilla de la Reina (50) vuelvan a sus casas, pues el fuego de Barniedo de la Reina, a las puertas de Picos de Europa, est\u00e1 en fase de estabilizaci\u00f3n en el 50% de su per\u00edmetro, pero se teme que los vientos puedan complicar el fuego que avanza hacia Posada de Valde\u00f3n.<\/p>\n","protected":false},"excerpt":{"rendered":"La doctora en F\u00edsicas y meteor\u00f3loga en eltiempo.es Mar G\u00f3mez ha explicado en su cuenta de X lo&hellip;\n","protected":false},"author":2,"featured_media":54170,"comment_status":"","ping_status":"","sticky":false,"template":"","format":"standard","meta":{"footnotes":""},"categories":[5],"tags":[17,18,25,24,13,14,11,4342,8877,19,20,11347,9,10,15,16,23623,23,12,21,22],"class_list":{"0":"post-54169","1":"post","2":"type-post","3":"status-publish","4":"format-standard","5":"has-post-thumbnail","7":"category-titulares","8":"tag-breaking-news","9":"tag-breakingnews","10":"tag-es","11":"tag-espana","12":"tag-featured-news","13":"tag-featurednews","14":"tag-headlines","15":"tag-incendios","16":"tag-incendios-forestales","17":"tag-latest-news","18":"tag-latestnews","19":"tag-meteorologia","20":"tag-news","21":"tag-noticias","22":"tag-noticias-destacadas","23":"tag-noticiasdestacadas","24":"tag-picos-de-europa","25":"tag-spain","26":"tag-titulares","27":"tag-ultimas-noticias","28":"tag-ultimasnoticias"},"share_on_mastodon":{"url":"","error":""},"_links":{"self":[{"href":"https:\/\/www.europesays.com\/es\/wp-json\/wp\/v2\/posts\/54169","targetHints":{"allow":["GET"]}}],"collection":[{"href":"https:\/\/www.europesays.com\/es\/wp-json\/wp\/v2\/posts"}],"about":[{"href":"https:\/\/www.europesays.com\/es\/wp-json\/wp\/v2\/types\/post"}],"author":[{"embeddable":true,"href":"https:\/\/www.europesays.com\/es\/wp-json\/wp\/v2\/users\/2"}],"replies":[{"embeddable":true,"href":"https:\/\/www.europesays.com\/es\/wp-json\/wp\/v2\/comments?post=54169"}],"version-history":[{"count":0,"href":"https:\/\/www.europesays.com\/es\/wp-json\/wp\/v2\/posts\/54169\/revisions"}],"wp:featuredmedia":[{"embeddable":true,"href":"https:\/\/www.europesays.com\/es\/wp-json\/wp\/v2\/media\/54170"}],"wp:attachment":[{"href":"https:\/\/www.europesays.com\/es\/wp-json\/wp\/v2\/media?parent=54169"}],"wp:term":[{"taxonomy":"category","embeddable":true,"href":"https:\/\/www.europesays.com\/es\/wp-json\/wp\/v2\/categories?post=54169"},{"taxonomy":"post_tag","embeddable":true,"href":"https:\/\/www.europesays.com\/es\/wp-json\/wp\/v2\/tags?post=54169"}],"curies":[{"name":"wp","href":"https:\/\/api.w.org\/{rel}","templated":true}]}}