{"id":541865,"date":"2026-05-09T14:19:13","date_gmt":"2026-05-09T14:19:13","guid":{"rendered":"https:\/\/www.europesays.com\/es\/541865\/"},"modified":"2026-05-09T14:19:13","modified_gmt":"2026-05-09T14:19:13","slug":"un-nuevo-estudio-identifica-diez-factores-que-se-relacionan-con-un-mayor-riesgo-de-sufrir-demencia","status":"publish","type":"post","link":"https:\/\/www.europesays.com\/es\/541865\/","title":{"rendered":"Un nuevo estudio identifica diez factores que se relacionan con un mayor riesgo de sufrir demencia"},"content":{"rendered":"<p class=\"c-paragraph\"><b>Unas 800.000 personas padecen demencia en Espa\u00f1a<\/b>, seg\u00fan la Sociedad Espa\u00f1ola de Neurolog\u00eda (SEN), sobre todo alzh\u00e9imer. Las mujeres la sufren m\u00e1s m\u00e1s afectadas, con estimaciones para 2050 de m\u00e1s de 1.15 millones de casos femeninos frente a 589.000 masculinos. Cada a\u00f1o se diagnostican alrededor de 40.000 nuevos casos de alzh\u00e9imer en nuestro pa\u00eds.<\/p>\n<p class=\"c-paragraph\">Investigadores de todo el mundo siguen trabajando para detectar de manera temprana los casos de demencia y conocer cu\u00e1les son los factores de riesgo.\u00a0Aunque se desconoce la causa exacta de la demencia, las investigaciones han demostrado que <b>ciertos h\u00e1bitos de vida<\/b> y afecciones m\u00e9dicas pueden aumentar el riesgo de deterioro cognitivo.<\/p>\n<p class=\"c-paragraph\">La <a href=\"https:\/\/www.ahajournals.org\/doi\/10.1161\/STR.0000000000000518\" rel=\"nofollow noreferrer noopener\" title=\"Brain Health Across the Life Span: A Framework for Future Studies: A Scientific Statement From the American Heart Association\" target=\"_blank\">Asociaci\u00f3n Americana del Coraz\u00f3n (AHA)<\/a> ha publicado un art\u00edculo en el que recoge que los expertos<b> han detectado diez\u00a0factores<\/b> que pueden afectar negativamente la salud del cerebro de una persona.<\/p>\n<ul>\n<li>Infecciones en la primera infancia.<\/li>\n<li>Experiencias adversas en la infancia.<\/li>\n<li>Factores socioecon\u00f3micos.<\/li>\n<li>Afecciones m\u00e9dicas cr\u00f3nicas.<\/li>\n<li>Estr\u00e9s.<\/li>\n<li>Ansiedad y depresi\u00f3n.<\/li>\n<li>Contaminaci\u00f3n y exposici\u00f3n ambiental.<\/li>\n<li>Inflamaci\u00f3n cr\u00f3nica.<\/li>\n<li>Alteraci\u00f3n de la microbiota intestinal (disbiosis).<\/li>\n<li>Mala calidad del sue\u00f1o.<\/li>\n<\/ul>\n<p class=\"c-paragraph\">En declaraciones a <a href=\"https:\/\/www.medicalnewstoday.com\/articles\/brain-health-shaped-by-8-lifetime-mental-physical-environmental-and-lifestyle-factors\" rel=\"nofollow noreferrer noopener\" title=\"AHA identifies 10 key factors to lower dementia and stroke risk\" target=\"_blank\">Medical News Today<\/a>, <b>Dung Trinh<\/b>, del MemorialCare Medical Group y director m\u00e9dico de la Healthy Brain Clinic, afirm\u00f3: \u00abLa principal conclusi\u00f3n es que la salud cerebral no est\u00e1 determinada \u00fanicamente por la edad o la gen\u00e9tica\u00bb.<\/p>\n<p class=\"c-paragraph\">\u00abLa salud cerebral <b>se moldea a lo largo de toda la vida <\/b>por una combinaci\u00f3n de salud f\u00edsica, salud mental, sue\u00f1o, estilo de vida, apoyo social, entorno y acceso a la atenci\u00f3n m\u00e9dica\u00bb, dice Trinh.\u00a0<\/p>\n<p class=\"c-paragraph\">\u00abLa declaraci\u00f3n de la Asociaci\u00f3n Americana del Coraz\u00f3n es importante porque replantea la salud cerebral como algo que podemos<b> influir mucho antes <\/b>y de forma m\u00e1s amplia de lo que sol\u00edamos pensar\u00bb, concluye.<\/p>\n","protected":false},"excerpt":{"rendered":"Unas 800.000 personas padecen demencia en Espa\u00f1a, seg\u00fan la Sociedad Espa\u00f1ola de Neurolog\u00eda (SEN), sobre todo alzh\u00e9imer. Las&hellip;\n","protected":false},"author":2,"featured_media":541866,"comment_status":"","ping_status":"","sticky":false,"template":"","format":"standard","meta":{"footnotes":""},"categories":[92],"tags":[1630,25,24,1292,165,7762,524,166,23,16743],"class_list":["post-541865","post","type-post","status-publish","format-standard","has-post-thumbnail","category-salud","tag-diez","tag-es","tag-espana","tag-estudio","tag-health","tag-identifica","tag-nuevo","tag-salud","tag-spain","tag-un"],"share_on_mastodon":{"url":"https:\/\/pubeurope.com\/@es\/116545059021602598","error":""},"_links":{"self":[{"href":"https:\/\/www.europesays.com\/es\/wp-json\/wp\/v2\/posts\/541865","targetHints":{"allow":["GET"]}}],"collection":[{"href":"https:\/\/www.europesays.com\/es\/wp-json\/wp\/v2\/posts"}],"about":[{"href":"https:\/\/www.europesays.com\/es\/wp-json\/wp\/v2\/types\/post"}],"author":[{"embeddable":true,"href":"https:\/\/www.europesays.com\/es\/wp-json\/wp\/v2\/users\/2"}],"replies":[{"embeddable":true,"href":"https:\/\/www.europesays.com\/es\/wp-json\/wp\/v2\/comments?post=541865"}],"version-history":[{"count":0,"href":"https:\/\/www.europesays.com\/es\/wp-json\/wp\/v2\/posts\/541865\/revisions"}],"wp:featuredmedia":[{"embeddable":true,"href":"https:\/\/www.europesays.com\/es\/wp-json\/wp\/v2\/media\/541866"}],"wp:attachment":[{"href":"https:\/\/www.europesays.com\/es\/wp-json\/wp\/v2\/media?parent=541865"}],"wp:term":[{"taxonomy":"category","embeddable":true,"href":"https:\/\/www.europesays.com\/es\/wp-json\/wp\/v2\/categories?post=541865"},{"taxonomy":"post_tag","embeddable":true,"href":"https:\/\/www.europesays.com\/es\/wp-json\/wp\/v2\/tags?post=541865"}],"curies":[{"name":"wp","href":"https:\/\/api.w.org\/{rel}","templated":true}]}}