{"id":54215,"date":"2025-08-17T19:42:07","date_gmt":"2025-08-17T19:42:07","guid":{"rendered":"https:\/\/www.europesays.com\/es\/54215\/"},"modified":"2025-08-17T19:42:07","modified_gmt":"2025-08-17T19:42:07","slug":"la-seleccion-espanola-pierde-a-abalde-por-lesion-para-el-eurobasket-baloncesto-deportes","status":"publish","type":"post","link":"https:\/\/www.europesays.com\/es\/54215\/","title":{"rendered":"La selecci\u00f3n espa\u00f1ola pierde a Abalde por lesi\u00f3n para el Eurobasket | Baloncesto | Deportes"},"content":{"rendered":"<p class=\"\">La selecci\u00f3n espa\u00f1ola de baloncesto mira a la enfermer\u00eda tanto como a la pista a pocos d\u00edas de que comience el Eurobasket (del 27 de agosto al 14 de septiembre) en el que defender\u00e1 el oro conquistado en 2022 en Berl\u00edn. La Federaci\u00f3n ha anunciado este domingo que el alero Alberto Abalde ser\u00e1 baja para el torneo debido a una lesi\u00f3n en el aductor corto izquierdo que le supondr\u00e1 un periodo de baja de dos o tres semanas, mientras que Alberto D\u00edaz, Dar\u00edo Brizuela, Mario Saint-Supery y Santi Aldama contin\u00faan con diversas molestias musculares, aunque la previsi\u00f3n es que todos se recuperen para la gran cita continental.<\/p>\n<p class=\"\">Abalde se lesion\u00f3 en el primer minuto del <a href=\"https:\/\/elpais.com\/deportes\/baloncesto\/2025-08-17\/francia-todavia-es-demasiado-para-espana-a-20-dias-del-eurobasket.html\" target=\"_blank\" rel=\"noreferrer nofollow noopener\" title=\"https:\/\/elpais.com\/deportes\/baloncesto\/2025-08-17\/francia-todavia-es-demasiado-para-espana-a-20-dias-del-eurobasket.html\">\u00faltimo partido de preparaci\u00f3n del conjunto de Sergio Scariolo, este s\u00e1bado en Par\u00eds contra Francia:<\/a> derrota por 78-73 despu\u00e9s de haber cedido ante el mismo rival dos d\u00edas antes en Badalona. En la capital francesa cay\u00f3 tambi\u00e9n Saint-Supery al padecer un esguince de tobillo, una baja que afecta a una posici\u00f3n cogida con alfileres como es la de base. La ausencia de Lorenzo Brown por motivos familiares ha dejado la direcci\u00f3n en manos de D\u00edaz, De Larrea y Saint-Supery, estos dos \u00faltimos sin experiencia en una gran cita internacional con la selecci\u00f3n.<\/p>\n<p class=\"\">Espa\u00f1a jugar\u00e1 esta pr\u00f3xima semana sus dos \u00faltimos encuentros antes del Eurobasket, ambos contra la campeona mundial, Alemania: el jueves en Madrid y el s\u00e1bado en Colonia. Desde la ciudad alemana partir\u00e1 hacia Limasol (Chipre), la sede donde jugar\u00e1 la primera fase del Eurobasket. Scariolo, que ya sufri\u00f3 la baja por lesi\u00f3n del p\u00edvot Ndiaye, deber\u00e1 hacer los descartes hasta completar la lista de 12 jugadores que defender\u00e1 el oro de Berl\u00edn.<\/p>\n","protected":false},"excerpt":{"rendered":"La selecci\u00f3n espa\u00f1ola de baloncesto mira a la enfermer\u00eda tanto como a la pista a pocos d\u00edas de&hellip;\n","protected":false},"author":2,"featured_media":54216,"comment_status":"","ping_status":"","sticky":false,"template":"","format":"standard","meta":{"footnotes":""},"categories":[269],"tags":[23631,299,298,1540,168,25,24,301,8283,6001,3049,23,167],"class_list":{"0":"post-54215","1":"post","2":"type-post","3":"status-publish","4":"format-standard","5":"has-post-thumbnail","7":"category-baloncesto","8":"tag-alberto-abalde","9":"tag-baloncesto","10":"tag-basketball","11":"tag-competiciones","12":"tag-deportes","13":"tag-es","14":"tag-espana","15":"tag-eurobasket","16":"tag-jugadores-baloncesto","17":"tag-seleccion-espanola-baloncesto","18":"tag-sergio-scariolo","19":"tag-spain","20":"tag-sports"},"share_on_mastodon":{"url":"","error":""},"_links":{"self":[{"href":"https:\/\/www.europesays.com\/es\/wp-json\/wp\/v2\/posts\/54215","targetHints":{"allow":["GET"]}}],"collection":[{"href":"https:\/\/www.europesays.com\/es\/wp-json\/wp\/v2\/posts"}],"about":[{"href":"https:\/\/www.europesays.com\/es\/wp-json\/wp\/v2\/types\/post"}],"author":[{"embeddable":true,"href":"https:\/\/www.europesays.com\/es\/wp-json\/wp\/v2\/users\/2"}],"replies":[{"embeddable":true,"href":"https:\/\/www.europesays.com\/es\/wp-json\/wp\/v2\/comments?post=54215"}],"version-history":[{"count":0,"href":"https:\/\/www.europesays.com\/es\/wp-json\/wp\/v2\/posts\/54215\/revisions"}],"wp:featuredmedia":[{"embeddable":true,"href":"https:\/\/www.europesays.com\/es\/wp-json\/wp\/v2\/media\/54216"}],"wp:attachment":[{"href":"https:\/\/www.europesays.com\/es\/wp-json\/wp\/v2\/media?parent=54215"}],"wp:term":[{"taxonomy":"category","embeddable":true,"href":"https:\/\/www.europesays.com\/es\/wp-json\/wp\/v2\/categories?post=54215"},{"taxonomy":"post_tag","embeddable":true,"href":"https:\/\/www.europesays.com\/es\/wp-json\/wp\/v2\/tags?post=54215"}],"curies":[{"name":"wp","href":"https:\/\/api.w.org\/{rel}","templated":true}]}}