{"id":54225,"date":"2025-08-17T19:47:06","date_gmt":"2025-08-17T19:47:06","guid":{"rendered":"https:\/\/www.europesays.com\/es\/54225\/"},"modified":"2025-08-17T19:47:06","modified_gmt":"2025-08-17T19:47:06","slug":"marc-giro-sale-del-coma-para-anunciar-el-regreso-de-late-xou-a-la-1-de-tve","status":"publish","type":"post","link":"https:\/\/www.europesays.com\/es\/54225\/","title":{"rendered":"Marc Gir\u00f3 &#8216;sale del coma&#8217; para anunciar el regreso de \u2018Late Xou\u2019 a La 1 de TVE"},"content":{"rendered":"<p class=\"paragraph\">ZARAGOZA. Los fans de los programas de entrevistas nocturnos est\u00e1n de enhorabuena. El carism\u00e1tico presentadora Marc Gir\u00f3 ha confirmado oficialmente el regreso de su programa<b>, \u2018Late Xou\u2019,<\/b> para el pr\u00f3ximo mes de septiembre en La 1 de RTVE. Despu\u00e9s de una exitosa primera temporada que captur\u00f3 la atenci\u00f3n del p\u00fablico y la cr\u00edtica, el formato vuelve a la parrilla televisiva con la promesa de m\u00e1s entrevistas, humor y, como siempre, una banda sonora de lujo.<\/p>\n<p class=\"paragraph\">En un v\u00eddeo difundido a trav\u00e9s de las redes sociales, en el que tambi\u00e9n aparece el humorista, escritor y periodista <b>Pepe Colubi,<\/b> Gir\u00f3 ha revelado por fin que el programa regresar\u00e1 el mes que viene. El \u2018late night\u2019 logr\u00f3 hacerse un hueco en el panorama televisivo nacional gracias al desparpajo de su presentador. \u2018Late Xou\u2019 se distingue por ser un formato que combina conversaciones profundas con momentos de comedia e improvisaci\u00f3n. A lo largo de sus tres temporadas, el espacio recibi\u00f3, entre muchas otras, a figuras de la talla de <b>Rigoberta Bandini, Berto Romero<\/b> o <b>Candela Pe\u00f1a,<\/b> quienes encontraron en el plat\u00f3 un lugar para mostrar su lado m\u00e1s personal y humano. La m\u00fasica en vivo, a cargo de la Giro\u2019s Boy Band, es otro de sus pilares.<\/p>\n<p class=\"paragraph\">En la pasada temporada, emitida este 2025, <b>pasaron por el plat\u00f3 de &#8216;Late Xou&#8217;:\u00a0<\/b>Emma Su\u00e1rez, Natalia de Molina, Gorka Otxoa, Ra\u00fal Tej\u00f3n, Raquel Guerrero, Paula Koops, Carlos Areces, Pedro Alonso, Joaquina Blavia, \u00c1gatha Ruiz de la Prada, Paula V\u00e1zquez, Valeria Ros, Juanjo Bona, Pablo L\u00f3pez, Aixa Villagr\u00e1n, Rosario Flores, Rappel, Lamine Thior, Alba Reche, Raquel S\u00e1nchez Silva, Mar\u00eda Escot\u00e9, M\u00f3nica Cruz, Amaral, Anna Castillo, Leonor Watling, Alice Wonder, Sergio Torres, Javier Torres, Mario Vaquerizo, Carlos Cuevas, Albert Salazar, Marc Soler, Nancys Rubias, Amaia Romero, Juan Diego Botto&#8230;<\/p>\n<p class=\"paragraph\">La confirmaci\u00f3n de este regreso llega en un buen momento para Marc Gir\u00f3, quien ha logrado conectar con una audiencia amplia gracias a su estilo fresco y desenfadado.  El equipo de producci\u00f3n ya trabaja en los preparativos de esta nueva temporada. Aunque n<b>o se han revelado ni el d\u00eda de su vuelta ni los nombres de los primeros invitados,<\/b> este regreso promete ser uno de los eventos televisivos del oto\u00f1o.<\/p>\n","protected":false},"excerpt":{"rendered":"ZARAGOZA. Los fans de los programas de entrevistas nocturnos est\u00e1n de enhorabuena. El carism\u00e1tico presentadora Marc Gir\u00f3 ha&hellip;\n","protected":false},"author":2,"featured_media":54226,"comment_status":"","ping_status":"","sticky":false,"template":"","format":"standard","meta":{"footnotes":""},"categories":[171],"tags":[18203,8935,146,147,25,24,13338,2596,5150,23,214],"class_list":{"0":"post-54225","1":"post","2":"type-post","3":"status-publish","4":"format-standard","5":"has-post-thumbnail","7":"category-tv","8":"tag-anunciar","9":"tag-coma","10":"tag-entertainment","11":"tag-entretenimiento","12":"tag-es","13":"tag-espana","14":"tag-late","15":"tag-regreso","16":"tag-sale","17":"tag-spain","18":"tag-tv"},"share_on_mastodon":{"url":"","error":""},"_links":{"self":[{"href":"https:\/\/www.europesays.com\/es\/wp-json\/wp\/v2\/posts\/54225","targetHints":{"allow":["GET"]}}],"collection":[{"href":"https:\/\/www.europesays.com\/es\/wp-json\/wp\/v2\/posts"}],"about":[{"href":"https:\/\/www.europesays.com\/es\/wp-json\/wp\/v2\/types\/post"}],"author":[{"embeddable":true,"href":"https:\/\/www.europesays.com\/es\/wp-json\/wp\/v2\/users\/2"}],"replies":[{"embeddable":true,"href":"https:\/\/www.europesays.com\/es\/wp-json\/wp\/v2\/comments?post=54225"}],"version-history":[{"count":0,"href":"https:\/\/www.europesays.com\/es\/wp-json\/wp\/v2\/posts\/54225\/revisions"}],"wp:featuredmedia":[{"embeddable":true,"href":"https:\/\/www.europesays.com\/es\/wp-json\/wp\/v2\/media\/54226"}],"wp:attachment":[{"href":"https:\/\/www.europesays.com\/es\/wp-json\/wp\/v2\/media?parent=54225"}],"wp:term":[{"taxonomy":"category","embeddable":true,"href":"https:\/\/www.europesays.com\/es\/wp-json\/wp\/v2\/categories?post=54225"},{"taxonomy":"post_tag","embeddable":true,"href":"https:\/\/www.europesays.com\/es\/wp-json\/wp\/v2\/tags?post=54225"}],"curies":[{"name":"wp","href":"https:\/\/api.w.org\/{rel}","templated":true}]}}