{"id":54227,"date":"2025-08-17T19:49:16","date_gmt":"2025-08-17T19:49:16","guid":{"rendered":"https:\/\/www.europesays.com\/es\/54227\/"},"modified":"2025-08-17T19:49:16","modified_gmt":"2025-08-17T19:49:16","slug":"el-espiritu-libre-de-raquel-meller-regresa-en-un-documental-a-su-tarazona-natal","status":"publish","type":"post","link":"https:\/\/www.europesays.com\/es\/54227\/","title":{"rendered":"El esp\u00edritu libre de Raquel Meller regresa en un documental a su Tarazona natal"},"content":{"rendered":"<p class=\"paragraph\"><b>\u00abRaquel Meller es una mujer muy poli\u00e9drica, muy compleja, una mujer que sigue siendo un misterio<\/b> y que, adem\u00e1s, tiene un gran pesar interior que, seguramente, le viene desde la infancia, desde ese abandono familiar y de esa soledad que tuvo que vivir y que la acompa\u00f1\u00f3 todo el tiempo porque una diva que alcanza esas cotas, inevitablemente, est\u00e1 sola. Todo eso que es brillante y tr\u00e1gico es lo que es la gran cantante y actriz turiasonense\u00bb, <b>dice Vicky Calavia, que presenta esta noche, en la gala inaugural, a las 22.00, en el Festival de Cine de Comedia de Tarazona y el Moncayo su documental \u2018Raquel Meller. Insumisa y divina\u2019<\/b>, en el que lleva trabajando m\u00e1s de cinco a\u00f1os.<\/p>\n","protected":false},"excerpt":{"rendered":"\u00abRaquel Meller es una mujer muy poli\u00e9drica, muy compleja, una mujer que sigue siendo un misterio y que,&hellip;\n","protected":false},"author":2,"featured_media":54228,"comment_status":"","ping_status":"","sticky":false,"template":"","format":"standard","meta":{"footnotes":""},"categories":[169],"tags":[177,6084,146,147,25,24,23643,176,23644,175,2902,23,12909],"class_list":{"0":"post-54227","1":"post","2":"type-post","3":"status-publish","4":"format-standard","5":"has-post-thumbnail","7":"category-cine","8":"tag-cine","9":"tag-documental","10":"tag-entertainment","11":"tag-entretenimiento","12":"tag-es","13":"tag-espana","14":"tag-espiritu","15":"tag-film","16":"tag-meller","17":"tag-movies","18":"tag-regresa","19":"tag-spain","20":"tag-tarazona"},"share_on_mastodon":{"url":"","error":""},"_links":{"self":[{"href":"https:\/\/www.europesays.com\/es\/wp-json\/wp\/v2\/posts\/54227","targetHints":{"allow":["GET"]}}],"collection":[{"href":"https:\/\/www.europesays.com\/es\/wp-json\/wp\/v2\/posts"}],"about":[{"href":"https:\/\/www.europesays.com\/es\/wp-json\/wp\/v2\/types\/post"}],"author":[{"embeddable":true,"href":"https:\/\/www.europesays.com\/es\/wp-json\/wp\/v2\/users\/2"}],"replies":[{"embeddable":true,"href":"https:\/\/www.europesays.com\/es\/wp-json\/wp\/v2\/comments?post=54227"}],"version-history":[{"count":0,"href":"https:\/\/www.europesays.com\/es\/wp-json\/wp\/v2\/posts\/54227\/revisions"}],"wp:featuredmedia":[{"embeddable":true,"href":"https:\/\/www.europesays.com\/es\/wp-json\/wp\/v2\/media\/54228"}],"wp:attachment":[{"href":"https:\/\/www.europesays.com\/es\/wp-json\/wp\/v2\/media?parent=54227"}],"wp:term":[{"taxonomy":"category","embeddable":true,"href":"https:\/\/www.europesays.com\/es\/wp-json\/wp\/v2\/categories?post=54227"},{"taxonomy":"post_tag","embeddable":true,"href":"https:\/\/www.europesays.com\/es\/wp-json\/wp\/v2\/tags?post=54227"}],"curies":[{"name":"wp","href":"https:\/\/api.w.org\/{rel}","templated":true}]}}