{"id":54275,"date":"2025-08-17T20:14:19","date_gmt":"2025-08-17T20:14:19","guid":{"rendered":"https:\/\/www.europesays.com\/es\/54275\/"},"modified":"2025-08-17T20:14:19","modified_gmt":"2025-08-17T20:14:19","slug":"los-beneficios-del-ayuno-intermitente-para-la-memoria-y-la-atencion-segun-reciente-investigacion","status":"publish","type":"post","link":"https:\/\/www.europesays.com\/es\/54275\/","title":{"rendered":"Los beneficios del ayuno intermitente para la memoria y la atenci\u00f3n, seg\u00fan reciente investigaci\u00f3n"},"content":{"rendered":"<p>Los beneficios del ayuno intermitente para la memoria y la atenci\u00f3n, seg\u00fan reciente investigaci\u00f3n<\/p>\n<p class=\"c-alerta__item\">\n<p>          \u00a1Hola !, Tu correo ha sido verficado. Ahora puedes elegir los <a href=\"https:\/\/www.eltiempo.com\/zona-usuario\/boletines\" rel=\"nofollow noopener\" target=\"_blank\">Boletines<\/a> que quieras recibir con la mejor informaci\u00f3n.<\/p>\n<p>        Cerrar<\/p>\n<p class=\"c-alerta__item\">\n<p>        Bienvenido , has creado tu cuenta en EL TIEMPO. Conoce y personaliza tu <a href=\"https:\/\/www.eltiempo.com\/zona-usuario\/configurar-mis-datos\" rel=\"nofollow noopener\" target=\"_blank\">perfil<\/a>.<\/p>\n<p>      Cerrar<\/p>\n<p class=\"c-alerta__item\">\n<p>          Hola Clementine el correo baxulaft@gmai.com no ha sido verificado. <a href=\"https:\/\/www.eltiempo.com\/salud\/javascript:void(0)\" id=\"user_verify_email\" rel=\"nofollow noopener\" target=\"_blank\">Verificar Correo<\/a><\/p>\n<p>        Cerrar<\/p>\n<p>            Cerrar<\/p>\n<p>            <img decoding=\"async\" src=\"https:\/\/www.eltiempo.com\/images\/icon\/alerta-verificacion.svg\" alt=\"icon_alerta_verificacion\"\/><\/p>\n<p>\n                El correo electr\u00f3nico de verificaci\u00f3n se enviar\u00e1 a\n            <\/p>\n<p class=\"c-alerta--modal__email\">\n                clementine@ejemplo.com\n            <\/p>\n<p>\n                Revisa tu bandeja de entrada y si no, en tu carpeta de correo no deseado.\n            <\/p>\n<p>        <a href=\"https:\/\/www.eltiempo.com\/salud\/javascript:void(0)\" class=\"c-alerta--modal__btnbox c-alerta--modal__btnbox--primary\" id=\"user_send_email\" rel=\"nofollow noopener\" target=\"_blank\"><br \/>\n            SI, ENVIAR<br \/>\n        <\/a><\/p>\n<p class=\"c-alerta__item\">\n<p>            Ya tienes una cuenta vinculada a EL TIEMPO, por favor inicia sesi\u00f3n con ella y no te pierdas de todos los beneficios que tenemos para t\u00ed. <a href=\"https:\/\/www.eltiempo.com\/login\" rel=\"nofollow noopener\" target=\"_blank\"> Iniciar sesi\u00f3n <\/a><\/p>\n<p>        Cerrar<\/p>\n<p data-id=\"open_chat\">Chat<br \/>\n            <br \/>noti IA\n        <\/p>\n<p>            \u00a1Hazme tu primera pregunta y descubre todo lo que El Tiempo ofrece!<\/p>\n<p>\n    Informaci\u00f3n del Caso de Miguel Uribe\n<\/p>\n<p>\n    \u00bfC\u00f3mo va el juicio al expresidente \u00c1lvaro Uribe?\n<\/p>\n<p>\n    Terremoto en Rusia\n<\/p>\n<p>\n    Caso Silvana Torres\n<\/p>\n<p class=\"message_out\">\u00bfQui\u00e9n es James Rodriguez?<\/p>\n<p class=\"message_in\">James Rodr\u00edguez, es un futbolista colombiano que juega como centrocampista en el S\u00e3o Paulo Futebol Clube de la Serie A de Brasil.<\/p>\n<p class=\"title\"> Te recomiendo estos art\u00edculos para ampliar tu b\u00fasqueda.<\/p>\n<p>\n                        Cargar m\u00e1s resultados\n                    <\/p>\n<p>                        \u00a1Hola! Parece que has alcanzado tu l\u00edmite diario de 3 b\u00fasquedas en nuestro chat bot como usuario registrado.<\/p>\n<p>\u00bfQuieres seguir disfrutando de este y otros beneficios exclusivos?\n                        <\/p>\n<p>Adquiere el plan de suscripci\u00f3n que se adapte a tus preferencias y accede a \u00a1contenido ilimitado! No te<br \/>\n                        pierdas la oportunidad de disfrutar todas las funcionalidades que ofrecemos. \ud83c\udf1f\n                    <\/p>\n<p>                    <a href=\"https:\/\/www.eltiempo.com\/suscripcion-digital\" class=\"chat__terminos_button\" rel=\"nofollow noopener\" target=\"_blank\"><br \/>\n                        VER PLANES<br \/>\n                    <\/a><\/p>\n<p>\n                        \u00a1Hola! Haz excedido el m\u00e1ximo de peticiones mensuales.\n                    <\/p>\n<p>                        Estamos resolviendo el problema, int\u00e9ntalo nuevamente m\u00e1s tarde.<\/p>\n<p>\n                        Procesando tu pregunta&#8230; \u00a1Un momento, por favor!\n                    <\/p>\n<p class=\"c-articulo-apertura__media__credito\">Esto debe saber. Foto: iStock<\/p>\n<p>El <b><a href=\"https:\/\/www.eltiempo.com\/cultura\/gente\/nuevo-estudio-confirma-que-ayuno-intermitente-es-mas-efectivo-para-adelgazar-que-dieta-baja-en-calorias-este-es-el-horario-ideal-3422666\" target=\"_blank\" rel=\"nofollow noopener\">ayuno intermitente<\/a><\/b> es un h\u00e1bito alimenticio basado en el l\u00edmite de tiempo sin consumir alimentos. Se realiza durante una cantidad de horas o d\u00edas, mientras se mantiene sin consumir ninguna o muy pocas calor\u00edas, lo cual se denomina ayuno.<\/p>\n<p>Una reciente investigaci\u00f3n en Espa\u00f1a descubri\u00f3 que <b>el ayuno intermitente tendr\u00eda beneficios significativos para la memoria y la atenci\u00f3n<\/b> en las personas con obesidad.<\/p>\n<p class=\"c-leatambien__titulo\"> LEA TAMBI\u00c9N <\/p>\n<p><img decoding=\"async\" alt=\"Desayuno\" width=\"120\" height=\"120\" loading=\"lazy\" src=\"https:\/\/imagenes.eltiempo.com\/files\/image_120_120\/files\/fp\/uploads\/2025\/01\/14\/67869f409af2a.r_d.357-441.png\" data-full-src=\"https:\/\/www.europesays.com\/es\/wp-content\/uploads\/2025\/08\/67869f409af2a.png\"\/><\/p>\n<p>Cient\u00edficos del Instituto de Investigaci\u00f3n Biom\u00e9dica de M\u00e1laga en (IBIMA plataforma Bionand), en trabajo dirigido por el doctor Francisco J. Tinahones <b>compararon el ayuno intermitente con la dieta mediterr\u00e1nea equilibrada y la dieta cetog\u00e9nica <\/b>(alta en grasas). En el ensayo cl\u00ednico participaron 96 adultos con obesidad separ\u00e1ndose en tres grupos para cada dieta.<\/p>\n<p><b>El resultado del estudio comprob\u00f3 que si bien las tres dietas produjeron p\u00e9rdida de peso comparables, el grupo del ayuno intermitente mostr\u00f3 un mejor rendimiento cognitivo<\/b> en diferentes pruebas al compararlo con las otras dietas. M\u00e1s all\u00e1 de las calor\u00edas, este patr\u00f3n de dieta podr\u00eda influir en la disminuci\u00f3n del deterioro cognitivo.<\/p>\n<p>Las conclusiones completas se pueden ver en Gut, revista de investigaci\u00f3n m\u00e9dica.<\/p>\n<blockquote class=\"tiktok-embed\" cite=\"https:\/\/www.tiktok.com\/@dr.rodrigoarteaga\/video\/7368597565941533957\" data-video-id=\"7368597565941533957\" style=\"max-width: 605px;min-width: 325px;\"><p>  <a target=\"_blank\" title=\"@dr.rodrigoarteaga\" href=\"https:\/\/www.tiktok.com\/@dr.rodrigoarteaga?refer=embed\" rel=\"nofollow noopener\">@dr.rodrigoarteaga<\/a> El Ayuno Intermitente explicado F\u00e1cil. El ayuno intermitente tiene muchos beneficios:  \u2022Mejora tu salud metab\u00f3lica \u2022Te ayuda a bajar de peso perdiendo grasa \u2022Te da m\u00e1s energ\u00eda \u2022Promueve la limpieza celular lo que te protege de muchas enfermedades cr\u00f3nicas \u2022Mejora tu az\u00facar en sangre \u2022Regula el apetito y te quita los antojos Y todo eso y m\u00e1s sucede porque el ayuno intermitente te ayuda a balancea a tus hormonas. Hay diversas maneras de practicarlo, pero el ayuno intermitente 16\/8 es una de las formas m\u00e1s populares y efectivas. Escoge ocho horas para tener tus comidas y fuera de ese horario no comas nada, solo mantente bien hidratada o hidratado. Escoge para tus horas de ingesta el horario que mejor se te acomode, de preferencia de d\u00eda. Y el ayuno intermitente lo puedes practicar todos los d\u00edas, de hecho todos hacemos algun grado de ayuno intermitente diario, o los d\u00edas que mejor se te acomode.  Tengo un libro al respecto llamado EL PODER DEL AYUNO: CIENCIA Y ARTE DEL AYUNO INTERMITENTE de venta en Amazon por si quieres profundizar en el tema.  \u00bfC\u00f3mo te ha ido con esta herramienta tan maravillosa? A mi me cambio la vida hace unos a\u00f1os.  Comparte con quien quieras comenzar el ayuno intermitente. <a title=\"ayuno\" target=\"_blank\" href=\"https:\/\/www.tiktok.com\/tag\/ayuno?refer=embed\" rel=\"nofollow noopener\">#ayuno<\/a> <a title=\"ayunar\" target=\"_blank\" href=\"https:\/\/www.tiktok.com\/tag\/ayunar?refer=embed\" rel=\"nofollow noopener\">#ayunar<\/a> <a title=\"ayunointermitente\" target=\"_blank\" href=\"https:\/\/www.tiktok.com\/tag\/ayunointermitente?refer=embed\" rel=\"nofollow noopener\">#ayunointermitente<\/a> <a title=\"ayunointermitente16\" target=\"_blank\" href=\"https:\/\/www.tiktok.com\/tag\/ayunointermitente16?refer=embed\" rel=\"nofollow noopener\">#ayunointermitente16<\/a> <a title=\"elpoderdelayuno\" target=\"_blank\" href=\"https:\/\/www.tiktok.com\/tag\/elpoderdelayuno?refer=embed\" rel=\"nofollow noopener\">#elpoderdelayuno<\/a> <a title=\"salud\" target=\"_blank\" href=\"https:\/\/www.tiktok.com\/tag\/salud?refer=embed\" rel=\"nofollow noopener\">#salud<\/a> <a title=\"bienestar\" target=\"_blank\" href=\"https:\/\/www.tiktok.com\/tag\/bienestar?refer=embed\" rel=\"nofollow noopener\">#bienestar<\/a> <a title=\"saludybienestar\" target=\"_blank\" href=\"https:\/\/www.tiktok.com\/tag\/saludybienestar?refer=embed\" rel=\"nofollow noopener\">#saludybienestar<\/a> <a title=\"nutricion\" target=\"_blank\" href=\"https:\/\/www.tiktok.com\/tag\/nutricion?refer=embed\" rel=\"nofollow noopener\">#nutricion<\/a> <a title=\"estilodevidasaludable\" target=\"_blank\" href=\"https:\/\/www.tiktok.com\/tag\/estilodevidasaludable?refer=embed\" rel=\"nofollow noopener\">#estilodevidasaludable<\/a> <a target=\"_blank\" title=\"\u266c sonido original - Dr. Rodrigo Arteaga\" href=\"https:\/\/www.tiktok.com\/music\/sonido-original-7368597609688795910?refer=embed\" rel=\"nofollow noopener\">\u266c sonido original &#8211; Dr. Rodrigo Arteaga<\/a>  <\/p><\/blockquote>\n<p>\u00bfCu\u00e1les son los efectos del ayuno intermitente sobre la salud?<\/p>\n<p>Seg\u00fan la Mayo Clinic, destacado hospital y centro de investigaci\u00f3n en salud,<b> el ayuno se hace con el fin de que las c\u00e9lulas del cuerpo cambien su funcionamiento, se ocupen en la reparaci\u00f3n y el uso de energ\u00eda en funci\u00f3n del organismo.<\/b><\/p>\n<p>Algunos de los<b> signos de mejora a corto plazo en la salud con el ayuno son:<\/b><\/p>\n<ul>\n<li>Reducci\u00f3n del peso corporal<\/li>\n<li>Glucosa en la sangre<\/li>\n<li>Colesterol<\/li>\n<li>Presi\u00f3n arterial<\/li>\n<li>Inflamaci\u00f3n cr\u00f3nica<\/li>\n<\/ul>\n<p>Redacci\u00f3n &#8211; SEO<\/p>\n<p class=\"c-leatambien__titulo\"> LEA TAMBI\u00c9N <\/p>\n<p><img decoding=\"async\" alt=\"Ayuno\" width=\"120\" height=\"120\" loading=\"lazy\" src=\"https:\/\/imagenes.eltiempo.com\/files\/image_120_120\/uploads\/2025\/06\/20\/685572752db3a.png\" data-full-src=\"https:\/\/www.europesays.com\/es\/wp-content\/uploads\/2025\/08\/685572752db3a.png\"\/><\/p>\n<p class=\"c-cuerpo__infointernacional\"> Sigue toda la informaci\u00f3n de Salud en <a href=\"https:\/\/www.facebook.com\/eltiempo\" target=\"_blank\" rel=\"nofollow noopener\">Facebook<\/a> y <a href=\"https:\/\/twitter.com\/eltiempo\" target=\"_blank\" rel=\"nofollow noopener\">X<\/a>, o en nuestra <a href=\"https:\/\/www.eltiempo.com\/zona-usuario\/boletines\" target=\"_blank\" rel=\"nofollow noopener\">newsletter semanal<\/a>. <\/p>\n<p>    <img decoding=\"async\" loading=\"lazy\" alt=\"Alt thumbnail\" width=\"120\" height=\"120\" src=\"https:\/\/imagenes.eltiempo.com\/files\/image_120_120\/uploads\/2025\/05\/08\/681d5bf2dda81.png\" data-full-src=\"https:\/\/www.europesays.com\/es\/wp-content\/uploads\/2025\/07\/681d5bf2dda81.png\"\/><\/p>\n<p class=\"c-sugerencia__detalle__txt\">Reg\u00edstrate en nuestros boletines y recibe noticias en tu correo seg\u00fan tus intereses. Mantente informado con lo que realmente te importa.<\/p>\n<p><img decoding=\"async\" loading=\"lazy\" alt=\"Alt thumbnail\" width=\"120\" height=\"120\" src=\"https:\/\/imagenes.eltiempo.com\/files\/image_120_120\/uploads\/2025\/05\/08\/681d5e242be0f.jpeg\" data-full-src=\"https:\/\/www.europesays.com\/es\/wp-content\/uploads\/2025\/07\/681d5e242be0f.jpeg\"\/><\/p>\n<p class=\"c-sugerencia__detalle__txt\">S\u00edguenos en GOOGLE NEWS. Mantente siempre actualizado con las \u00faltimas noticias coberturas historias y an\u00e1lisis directamente en Google News.<\/p>\n<p><img decoding=\"async\" loading=\"lazy\" alt=\"Alt thumbnail\" width=\"120\" height=\"120\" src=\"https:\/\/imagenes.eltiempo.com\/files\/image_120_120\/uploads\/2025\/05\/08\/681d5e80b7a57.jpeg\" data-full-src=\"https:\/\/www.europesays.com\/es\/wp-content\/uploads\/2025\/07\/681d5e80b7a57.jpeg\"\/><\/p>\n<p class=\"c-sugerencia__detalle__txt\">\u00danete al canal de El Tiempo en WhatsApp para estar al d\u00eda con las noticias m\u00e1s relevantes al momento.<\/p>\n<p><img decoding=\"async\" loading=\"lazy\" alt=\"Alt thumbnail\" width=\"120\" height=\"120\" src=\"https:\/\/imagenes.eltiempo.com\/files\/image_120_120\/uploads\/2025\/05\/08\/681d5ebb1340c.jpeg\" data-full-src=\"https:\/\/www.europesays.com\/es\/wp-content\/uploads\/2025\/07\/681d5ebb1340c.jpeg\"\/><\/p>\n<p class=\"c-sugerencia__detalle__txt\">Mantente informado con la app de EL TIEMPO. Recibe las \u00faltimas noticias coberturas historias y an\u00e1lisis directamente en tu dispositivo.<\/p>\n<p><img decoding=\"async\" loading=\"lazy\" alt=\"Alt thumbnail\" width=\"120\" height=\"120\" src=\"https:\/\/imagenes.eltiempo.com\/files\/image_120_120\/uploads\/2025\/05\/08\/681d5edab947b.png\" data-full-src=\"https:\/\/www.europesays.com\/es\/wp-content\/uploads\/2025\/07\/681d5edab947b.png\"\/><\/p>\n<p class=\"c-sugerencia__detalle__txt\">Informaci\u00f3n confiable para ti. Suscr\u00edbete a EL TIEMPO y consulta de forma ilimitada nuestros contenidos period\u00edsticos.<\/p>\n<p>                Cerrar<\/p>\n<p>                <img decoding=\"async\" src=\"\" alt=\"\"\/><\/p>\n<p>            <img loading=\"lazy\" decoding=\"async\" class=\"img-tracking\" src=\"https:\/\/www.europesays.com\/es\/wp-content\/uploads\/2025\/08\/article-3482022.gif\" width=\"1\" height=\"1\"\/><\/p>\n<p><script async src=\"https:\/\/platform.twitter.com\/widgets.js\" charset=\"utf-8\"><\/script><script async src=\"\/\/www.tiktok.com\/embed.js\"><\/script><\/p>\n","protected":false},"excerpt":{"rendered":"Los beneficios del ayuno intermitente para la memoria y la atenci\u00f3n, seg\u00fan reciente investigaci\u00f3n \u00a1Hola !, Tu correo&hellip;\n","protected":false},"author":2,"featured_media":54276,"comment_status":"","ping_status":"","sticky":false,"template":"","format":"standard","meta":{"footnotes":""},"categories":[92],"tags":[1348,19197,5078,19912,25,24,165,23658,911,166,23],"class_list":{"0":"post-54275","1":"post","2":"type-post","3":"status-publish","4":"format-standard","5":"has-post-thumbnail","7":"category-salud","8":"tag-atencion","9":"tag-ayuno","10":"tag-beneficios","11":"tag-del","12":"tag-es","13":"tag-espana","14":"tag-health","15":"tag-intermitente","16":"tag-memoria","17":"tag-salud","18":"tag-spain"},"share_on_mastodon":{"url":"","error":""},"_links":{"self":[{"href":"https:\/\/www.europesays.com\/es\/wp-json\/wp\/v2\/posts\/54275","targetHints":{"allow":["GET"]}}],"collection":[{"href":"https:\/\/www.europesays.com\/es\/wp-json\/wp\/v2\/posts"}],"about":[{"href":"https:\/\/www.europesays.com\/es\/wp-json\/wp\/v2\/types\/post"}],"author":[{"embeddable":true,"href":"https:\/\/www.europesays.com\/es\/wp-json\/wp\/v2\/users\/2"}],"replies":[{"embeddable":true,"href":"https:\/\/www.europesays.com\/es\/wp-json\/wp\/v2\/comments?post=54275"}],"version-history":[{"count":0,"href":"https:\/\/www.europesays.com\/es\/wp-json\/wp\/v2\/posts\/54275\/revisions"}],"wp:featuredmedia":[{"embeddable":true,"href":"https:\/\/www.europesays.com\/es\/wp-json\/wp\/v2\/media\/54276"}],"wp:attachment":[{"href":"https:\/\/www.europesays.com\/es\/wp-json\/wp\/v2\/media?parent=54275"}],"wp:term":[{"taxonomy":"category","embeddable":true,"href":"https:\/\/www.europesays.com\/es\/wp-json\/wp\/v2\/categories?post=54275"},{"taxonomy":"post_tag","embeddable":true,"href":"https:\/\/www.europesays.com\/es\/wp-json\/wp\/v2\/tags?post=54275"}],"curies":[{"name":"wp","href":"https:\/\/api.w.org\/{rel}","templated":true}]}}