{"id":54386,"date":"2025-08-17T21:25:08","date_gmt":"2025-08-17T21:25:08","guid":{"rendered":"https:\/\/www.europesays.com\/es\/54386\/"},"modified":"2025-08-17T21:25:08","modified_gmt":"2025-08-17T21:25:08","slug":"leyendas-pokemon-z-a-retoma-una-funcion-abandonada-en-blanco-y-negro","status":"publish","type":"post","link":"https:\/\/www.europesays.com\/es\/54386\/","title":{"rendered":"Leyendas Pok\u00e9mon: Z-A retoma una funci\u00f3n abandonada en Blanco y Negro"},"content":{"rendered":"<p>Parece que tenemos un nuevo e interesante de esta<strong>\u00a0entrega<\/strong>, que nos llega tras <a href=\"https:\/\/www.nintenderos.com\/2025\/05\/leyendas-pokemon-z-a-confirma-fecha-de-lanzamiento-y-boxarts-para-nintendo-switch-y-nintendo-switch-2\/\" rel=\"nofollow noopener\" target=\"_blank\">conocer la fecha<\/a>\u00a0de\u00a0<a href=\"https:\/\/www.nintenderos.com\/2024\/03\/leyendas-pokemon-z-a-un-vistazo-al-futuro-o-un-retorno-al-pasado\/\" rel=\"nofollow noopener\" target=\"_blank\">Leyendas Pok\u00e9mon: Z-A<\/a>. Ya sabemos que se lanza el\u00a0<strong>16 de octubre de 2025<\/strong>\u00a0en Switch y Switch 2 y ahora tenemos m\u00e1s contenidos que se suman a\u00a0<a href=\"https:\/\/www.nintenderos.com\/nintendo-switch-2\/leyendas-pokemon-z-a-confirma-precios-oficiales-en-nintendo-switch-y-nintendo-switch-2\" rel=\"nofollow noopener\" target=\"_blank\">sus precios oficiales<\/a>.<\/p>\n<p>Despu\u00e9s de conocer <a href=\"https:\/\/www.nintenderos.com\/nintendo-switch-2\/modelan-en-3d-las-nuevas-megaevoluciones-de-leyendas-pokemon-z-a-segun-las-descripciones-supuestamente-filtradas\/\" rel=\"nofollow noopener\" target=\"_blank\">todas las supuestas Megaevoluciones<\/a>\u00a0y sus renders, ahora tenemos un detalle compartido despu\u00e9s de las\u00a0<a href=\"https:\/\/www.nintenderos.com\/2025\/07\/leyendas-pokemon-z-a-confirma-oficialmente-a-mega-dragonite-y-mas-novedades\/\" rel=\"nofollow noopener\" target=\"_blank\">novedades del Presents<\/a>: la informaci\u00f3n se relaciona con el veneno. Y es que en esta entrega <strong>el da\u00f1o por veneno fuera de los combates regresa por primera vez en a\u00f1os<\/strong>. Esto fue eliminado en <strong>Pok\u00e9mon Negro y Blanco<\/strong>, pero pod\u00e9is que est\u00e1 de vuelta en el clip de abajo:<\/p>\n<blockquote class=\"twitter-tweet\">\n<p dir=\"ltr\" lang=\"en\">In Pokemon Legends Z-A, poison damage outside of battle returns for the first time in years.<\/p>\n<p>Otros contenidos en esta categor\u00eda:<\/p>\n<ul>\n<li><a href=\"https:\/\/www.nintenderos.com\/nintendo-switch-2\/mario-kart-world-donkey-kong-bananza-y-nintendo-switch-2-reinaron-las-ventas-del-pasado-mes-de-julio-en-japon\" rel=\"nofollow noopener\" target=\"_blank\">Mario Kart World, Donkey Kong Bananza y Nintendo Switch 2 reinaron las ventas del pasado mes de julio en Jap\u00f3n<\/a><\/li>\n<\/ul>\n<p>This was removed in Pokemon Black &amp; White.<a href=\"https:\/\/t.co\/IvYjeK5BaU\" class=\"external\" rel=\"nofollow\">pic.twitter.com\/IvYjeK5BaU<\/a><\/p>\n<p>\u2014 Stealth (@Stealth40k) <a href=\"https:\/\/twitter.com\/Stealth40k\/status\/1957142011162808513?ref_src=twsrc%5Etfw\" rel=\"nofollow noopener\" target=\"_blank\">August 17, 2025<\/a><\/p>\n<\/blockquote>\n<p>Esta informaci\u00f3n procede de la demo disponible en el Campeonato Mundial, que tambi\u00e9n nos dej\u00f3\u00a0<a href=\"https:\/\/www.nintenderos.com\/nintendo-switch-2\/toneladas-de-detalles-imagenes-y-gameplay-de-leyendas-pokemon-z-a-procedentes-de-su-demo-mapa-controles-y-mucho-mas\" rel=\"nofollow noopener\" target=\"_blank\">toneladas de detalles<\/a>\u00a0e\u00a0<a href=\"https:\/\/www.nintenderos.com\/nintendo-switch-2\/recopilatorio-de-impresiones-de-leyendas-pokemon-z-a-tras-probar-su-demo\/\" rel=\"nofollow noopener\" target=\"_blank\">impresiones de los que la probaron<\/a>.<\/p>\n<p>Ya sab\u00e9is que Leyendas Pok\u00e9mon: Z-A\u00a0<a href=\"https:\/\/www.nintenderos.com\/nintendo-switch-2\/nintendo-switch-2-los-zeldas-kirby-y-la-tierra-olvidada-metroid-prime-4-beyond-y-leyendas-pokemon-z-a-tambien-confirman-ediciones-para-la-sucesora\/\" rel=\"nofollow noopener\" target=\"_blank\">ha confirmado edici\u00f3n mejorada<\/a>\u00a0para Nintendo Switch 2 y esto nos llega tras los\u00a0<a href=\"https:\/\/www.nintenderos.com\/2025\/04\/rumor-filtradas-capturas-de-la-gen-10-de-pokemon-y-la-silueta-de-una-nueva-megaevolucion-de-leyendas-pokemon-z-a\/\" rel=\"nofollow noopener\" target=\"_blank\">\u00faltimos rumores<\/a>\u00a0de la Gen. 10 y la\u00a0<a href=\"https:\/\/www.nintenderos.com\/2025\/04\/rumor-filtrada-imagen-de-una-nueva-megaevolucion-de-leyendas-pokemon-z-a\/\" rel=\"nofollow noopener\" target=\"_blank\">supuesta primera imagen de una nueva Megaevoluci\u00f3n<\/a>\u00a0de esta entrega.<\/p>\n<p>\u00bfQu\u00e9 opin\u00e1is vosotros sobre todo esto de cara a este t\u00edtulo? Os leemos en los comentarios. Pod\u00e9is dejar abajo vuestra opini\u00f3n sobre el juego y esta informaci\u00f3n.<\/p>\n<p><a href=\"https:\/\/twitter.com\/Stealth40k\/status\/1957142011162808513?ref_src=twsrc%5Etfw\" rel=\"nofollow noopener\" target=\"_blank\">Fuente<\/a>.<\/p>\n<p>    <script async src=\"https:\/\/platform.twitter.com\/widgets.js\" charset=\"utf-8\"><\/script><\/p>\n","protected":false},"excerpt":{"rendered":"Parece que tenemos un nuevo e interesante de esta\u00a0entrega, que nos llega tras conocer la fecha\u00a0de\u00a0Leyendas Pok\u00e9mon: Z-A.&hellip;\n","protected":false},"author":2,"featured_media":54387,"comment_status":"","ping_status":"","sticky":false,"template":"","format":"standard","meta":{"footnotes":""},"categories":[81],"tags":[119,123,124,25,24,2794,23684,117,121,122,23,118,120],"class_list":{"0":"post-54386","1":"post","2":"type-post","3":"status-publish","4":"format-standard","5":"has-post-thumbnail","7":"category-ciencia-y-tecnologia","8":"tag-ciencia","9":"tag-ciencia-y-tecnologia","10":"tag-cienciaytecnologia","11":"tag-es","12":"tag-espana","13":"tag-leyendas-pokemon-z-a","14":"tag-pokemon-blanco-y-negro","15":"tag-science","16":"tag-science-and-technology","17":"tag-scienceandtechnology","18":"tag-spain","19":"tag-technology","20":"tag-tecnologia"},"share_on_mastodon":{"url":"","error":""},"_links":{"self":[{"href":"https:\/\/www.europesays.com\/es\/wp-json\/wp\/v2\/posts\/54386","targetHints":{"allow":["GET"]}}],"collection":[{"href":"https:\/\/www.europesays.com\/es\/wp-json\/wp\/v2\/posts"}],"about":[{"href":"https:\/\/www.europesays.com\/es\/wp-json\/wp\/v2\/types\/post"}],"author":[{"embeddable":true,"href":"https:\/\/www.europesays.com\/es\/wp-json\/wp\/v2\/users\/2"}],"replies":[{"embeddable":true,"href":"https:\/\/www.europesays.com\/es\/wp-json\/wp\/v2\/comments?post=54386"}],"version-history":[{"count":0,"href":"https:\/\/www.europesays.com\/es\/wp-json\/wp\/v2\/posts\/54386\/revisions"}],"wp:featuredmedia":[{"embeddable":true,"href":"https:\/\/www.europesays.com\/es\/wp-json\/wp\/v2\/media\/54387"}],"wp:attachment":[{"href":"https:\/\/www.europesays.com\/es\/wp-json\/wp\/v2\/media?parent=54386"}],"wp:term":[{"taxonomy":"category","embeddable":true,"href":"https:\/\/www.europesays.com\/es\/wp-json\/wp\/v2\/categories?post=54386"},{"taxonomy":"post_tag","embeddable":true,"href":"https:\/\/www.europesays.com\/es\/wp-json\/wp\/v2\/tags?post=54386"}],"curies":[{"name":"wp","href":"https:\/\/api.w.org\/{rel}","templated":true}]}}