{"id":54400,"date":"2025-08-17T21:37:09","date_gmt":"2025-08-17T21:37:09","guid":{"rendered":"https:\/\/www.europesays.com\/es\/54400\/"},"modified":"2025-08-17T21:37:09","modified_gmt":"2025-08-17T21:37:09","slug":"doncic-no-se-pierde-el-eurobasket-abalde-si","status":"publish","type":"post","link":"https:\/\/www.europesays.com\/es\/54400\/","title":{"rendered":"Doncic no se pierde el Eurobasket; Abalde, s\u00ed"},"content":{"rendered":"<p>17\/08\/2025<br \/>\n<br \/><strong><br \/>\nActualizado a las 20:50h.<br \/>\n<\/strong><\/p>\n<p class=\"voc-p\" style=\"\">Son buenas noticias para <a href=\"https:\/\/www.abc.es\/deportes\/renovacion-oro-luka-doncic-tres-anos-165-20250802195806-nt.html\" target=\"_blank\" data-voc-vtm-id=\"in-text-traffic\" title=\"Luka Doncic,\" rel=\"nofollow noopener\">Luka Doncic,<\/a> la estrella de los Lakers que pretende conquistar el Eurobasket con su selecci\u00f3n, Eslovenia. Podr\u00e1 jugar sin problemas el campeonato despu\u00e9s de su accidente contra Letonia. Un t\u00edtulo que ya conquist\u00f3 el pa\u00eds balc\u00e1nico en 2017 (Turqu\u00eda) y que ha coronado a la selecci\u00f3n espa\u00f1ola como campeona en cuatro de las seis \u00faltimas ediciones. Espa\u00f1a defender\u00e1 t\u00edtulo.<\/p>\n<p class=\"voc-p\" style=\"\">La federaci\u00f3n eslovena de baloncesto inform\u00f3 que Luka Doncic no tiene ninguna lesi\u00f3n. El esloveno se retir\u00f3 antes de tiempo este s\u00e1bado en el amistoso ante Letonia con un aparatosa golpe <strong>en su rodilla derecha<\/strong> despu\u00e9s de que le cayera encima un compa\u00f1ero de equipo con todo su peso.<\/p>\n<p class=\"voc-p\" style=\"\">Doncic cay\u00f3 al suelo junto a su compa\u00f1ero en el minuto 4 del tercer cuarto, lo que provoc\u00f3 que el base de <a href=\"https:\/\/www.abc.es\/deportes\/baloncesto\/explica-luka-doncic-impactante-cambio-fisico-mundo-20250729095359-nt.html\" target=\"_blank\" data-voc-vtm-id=\"in-text-traffic\" title=\"Los \u00c1ngeles Lakers\" rel=\"nofollow noopener\">Los \u00c1ngeles Lakers<\/a> no regresara a la cancha junto al resto de compa\u00f1eros y se retirara directamente a los vestuarios cojeando de manera evidente.<\/p>\n<p class=\"voc-p\" style=\"\">Los presagios eran malos, pero la Federaci\u00f3n de Eslovenia calm\u00f3 a sus seguidores: \u00abEl capit\u00e1n Luka Doncic, que afortunadamente termin\u00f3 el partido contra Letonia <strong>sin lesiones<\/strong>, tambi\u00e9n entrenar\u00e1 con el equipo\u00bb, anunci\u00f3.<\/p>\n<p class=\"voc-p\" style=\"\">Tras caer ante Letonia, Eslovenia se enfrentar\u00e1 el martes a Reino Unido en un amistoso en el pabell\u00f3n Arena Sto\u017eice de Liubliana. Eslovenia est\u00e1 encuadrada en el grupo D del Eurobasket, que se disputa del <strong>27 de agosto al 14 de septiembre<\/strong> en las sedes de Chipre, Finlandia, Polonia y Letonia, donde se medir\u00e1 en la primera fase a las selecciones de Islandia, Francia, Polonia, B\u00e9lgica e Israel.<\/p>\n<p>\nLesi\u00f3n de Abalde\n<\/p>\n<p class=\"voc-p\" style=\"\">En la selecci\u00f3n espa\u00f1ola s\u00ed hay bajas por lesi\u00f3n. El alero del Real Madrid Alberto Abalde no podr\u00e1 jugar el campeonato de Europa y este domingo ha abandonado la concentraci\u00f3n del equipo que entrena Sergio Scariolo.<\/p>\n<p class=\"voc-p\" style=\"\">Las pruebas realizadas al jugador han confirmado \u00abuna lesi\u00f3n muscular miofascial de grado II en el aductor corto de su pierna izquierda. El tiempo de baja estimado es de entre 2 y 3 semanas, por lo que el jugador deja la concentraci\u00f3n y comenzar\u00e1 su tratamiento de recuperaci\u00f3n\u00bb, comunica la Federaci\u00f3n Espa\u00f1ola de Baloncesto.<\/p>\n<p>Reportar un error<\/p>\n","protected":false},"excerpt":{"rendered":"17\/08\/2025 Actualizado a las 20:50h. Son buenas noticias para Luka Doncic, la estrella de los Lakers que pretende&hellip;\n","protected":false},"author":2,"featured_media":54401,"comment_status":"","ping_status":"","sticky":false,"template":"","format":"standard","meta":{"footnotes":""},"categories":[269],"tags":[299,298,168,7426,25,24,301,7532,14498,15870,23,167],"class_list":{"0":"post-54400","1":"post","2":"type-post","3":"status-publish","4":"format-standard","5":"has-post-thumbnail","7":"category-baloncesto","8":"tag-baloncesto","9":"tag-basketball","10":"tag-deportes","11":"tag-doncic","12":"tag-es","13":"tag-espana","14":"tag-eurobasket","15":"tag-jugar","16":"tag-lesionado","17":"tag-podra","18":"tag-spain","19":"tag-sports"},"share_on_mastodon":{"url":"","error":""},"_links":{"self":[{"href":"https:\/\/www.europesays.com\/es\/wp-json\/wp\/v2\/posts\/54400","targetHints":{"allow":["GET"]}}],"collection":[{"href":"https:\/\/www.europesays.com\/es\/wp-json\/wp\/v2\/posts"}],"about":[{"href":"https:\/\/www.europesays.com\/es\/wp-json\/wp\/v2\/types\/post"}],"author":[{"embeddable":true,"href":"https:\/\/www.europesays.com\/es\/wp-json\/wp\/v2\/users\/2"}],"replies":[{"embeddable":true,"href":"https:\/\/www.europesays.com\/es\/wp-json\/wp\/v2\/comments?post=54400"}],"version-history":[{"count":0,"href":"https:\/\/www.europesays.com\/es\/wp-json\/wp\/v2\/posts\/54400\/revisions"}],"wp:featuredmedia":[{"embeddable":true,"href":"https:\/\/www.europesays.com\/es\/wp-json\/wp\/v2\/media\/54401"}],"wp:attachment":[{"href":"https:\/\/www.europesays.com\/es\/wp-json\/wp\/v2\/media?parent=54400"}],"wp:term":[{"taxonomy":"category","embeddable":true,"href":"https:\/\/www.europesays.com\/es\/wp-json\/wp\/v2\/categories?post=54400"},{"taxonomy":"post_tag","embeddable":true,"href":"https:\/\/www.europesays.com\/es\/wp-json\/wp\/v2\/tags?post=54400"}],"curies":[{"name":"wp","href":"https:\/\/api.w.org\/{rel}","templated":true}]}}