{"id":54406,"date":"2025-08-17T21:42:13","date_gmt":"2025-08-17T21:42:13","guid":{"rendered":"https:\/\/www.europesays.com\/es\/54406\/"},"modified":"2025-08-17T21:42:13","modified_gmt":"2025-08-17T21:42:13","slug":"fdf-recorta-por-sorpresa-la-que-se-avecina","status":"publish","type":"post","link":"https:\/\/www.europesays.com\/es\/54406\/","title":{"rendered":"FDF recorta por sorpresa La que se avecina"},"content":{"rendered":"<p class=\"parrafo\">FDF decide darle un giro a su programaci\u00f3n. <strong>La que se avecina: Portugal se estren\u00f3 el pasado viernes 8 de agosto<\/strong>, encarg\u00e1ndose la hermana peque\u00f1a de <a href=\"https:\/\/www.estadiodeportivo.com\/estar-al-dia\/tv-internet\/rafa-castano-explica-adios-agarrate-sillon-20250804-506650.html\" class=\"intext-link\" rel=\"nofollow noopener\" target=\"_blank\">Telecinco <\/a>de emitir en esta primera ronda tres cap\u00edtulos. Aunque esa din\u00e1mica no ha durado ni una semana.<\/p>\n<p>Cambios en la parrilla<\/p>\n<p class=\"parrafo\">Tan solo siete d\u00edas despu\u00e9s del estreno, la cadena <strong>ha tomado la decisi\u00f3n de recortar el n\u00famero de cap\u00edtulos <\/strong>consecutivos que se emiten en prime time. El n\u00famero pasa ahora a dos episodios nuevos diarios.Este giro se produce tras su debut, en el que logr\u00f3 ponerse en cabeza en el \u00e1mbito de los canales tem\u00e1ticos aunque no se sit\u00fao con lo mas visto del d\u00eda a pesar del descanso de algunos de los programas<a href=\"https:\/\/www.estadiodeportivo.com\/estar-al-dia\/tv-internet\/vuelve-operacion-triunfo-20250816-508054.html\" class=\"intext-link\" rel=\"nofollow noopener\" target=\"_blank\"> m\u00e1s vistos<\/a> en esa franja horaria. <\/p>\n<p class=\"parrafo\">Cn 330.000 espectadores en televisi\u00f3n durante el primer capitulo, la versi\u00f3n portuguesa de La que se avecina acumul\u00f3 un 4,3% de cuota. Durante el segundo cap\u00edtulo, la cifra baj\u00f3 un poco hasta el 4,1% y en el cap\u00edtulo final de la noche subi\u00f3 hasta el 4,6%. <strong>Cifras bastante buenas pero que no pudieron competir con la exitosa telenovela turca <\/strong><strong>Emanet<\/strong>, que se coron\u00f3 como ganadora en esa jornada de la TDT.<\/p>\n<p><a class=\"elementos-rel-t2\" href=\"https:\/\/www.estadiodeportivo.com\/estar-al-dia\/tv-internet\/telecinco-cancela-agarrate-sillon-20250814-507834.html\" title=\"Telecinco cancela Ag\u00e1rrate al sill\u00f3n\" rel=\"nofollow noopener\" target=\"_blank\">Telecinco cancela Ag\u00e1rrate al sill\u00f3n<img decoding=\"async\" src=\"https:\/\/www.europesays.com\/es\/wp-content\/uploads\/2025\/08\/217e29c2-dd1b-4567-aaab-ee15dd936dd4_320x180.jpeg\" alt=\"Telecinco cancela Ag\u00e1rrate al sill\u00f3n\"\/><\/a><a class=\"elementos-rel-t2\" href=\"https:\/\/www.estadiodeportivo.com\/estar-al-dia\/tv-internet\/supervivientes-all-stars-2025-fecha-que-traeria-vuelta-formato-20250813-507663.html\" title=\"Supervivientes All Stars 2025: la fecha de vuelta del formato\" rel=\"nofollow noopener\" target=\"_blank\">Supervivientes All Stars 2025: la fecha de vuelta del formato<img decoding=\"async\" src=\"https:\/\/www.europesays.com\/es\/wp-content\/uploads\/2025\/08\/abe43f77-3d58-4c64-9a26-8676c513cf83_320x180.jpeg\" alt=\"Supervivientes All Stars 2025: la fecha de vuelta del formato\"\/><\/a><a class=\"elementos-rel-t2\" href=\"https:\/\/www.estadiodeportivo.com\/estar-al-dia\/tv-internet\/audiencia-dicta-sentencia-miercoles-solo-horas-desde-estreno-20250807-506999.html\" title=\"La audiencia dicta sentencia a &#039;Mi\u00e9rcoles&#039; en s\u00f3lo 24 horas desde su estreno\" rel=\"nofollow noopener\" target=\"_blank\">La audiencia dicta sentencia a &#8216;Mi\u00e9rcoles&#8217; en s\u00f3lo 24 horas desde su estreno<img decoding=\"async\" src=\"https:\/\/www.europesays.com\/es\/wp-content\/uploads\/2025\/08\/bcdcbf2a-0daa-41c5-9f2f-4affc5cc95f3_320x180.jpeg\" alt=\"La audiencia dicta sentencia a 'Mi\u00e9rcoles' en s\u00f3lo 24 horas desde su estreno\"\/><\/a><\/p>\n<p class=\"parrafo\">Mediaset se ha arriesgado al transmitir el remake de su exitosa<a href=\"https:\/\/www.estadiodeportivo.com\/estar-al-dia\/tv-internet\/disney-anuncia-esperado-regreso-una-sus-series-mas-miticas-20250808-507187.html\" class=\"intext-link\" rel=\"nofollow noopener\" target=\"_blank\"> serie<\/a>, a la cual el p\u00fablico ya est\u00e1 acostumbrado a seguir desde hace m\u00e1s de una d\u00e9cada. Por ello, es verdad que los fans han hablado: las quejas que m\u00e1s molestaron a los seguidores de la original fueron la adaptaci\u00f3n del gui\u00f3n y el rodaje. Hay que tener en cuenta que tanto LQSA como Aqu\u00ed no hay quien viva son dos series recurrentes en las casas espa\u00f1olas, <strong>siendo para muchos una tradici\u00f3n comer viendo un cap\u00edtulo de estas series<\/strong>. Aunque probablemente, sea la decima vez que ven el mismo episodio. Eso es precisamente lo que ha molestado a otro grupo de usuarios, que reclaman su cap\u00edtulo nocturno de la serie original de los Caballeros. <\/p>\n<p class=\"parrafo\">FDF por ello ha tenido que tomar la medida de recortar uno de los episodios diarios, <strong>dando presencia en el horario nocturno a la versi\u00f3n espa\u00f1ola<\/strong>, que a pesar de tener sus a\u00f1os, sigue siendo uno de los contenidos m\u00e1s s\u00f3lidos de la cadena. Gracias a esta dosificaci\u00f3n, Mediaset podr\u00e1 seguir d\u00e1ndole una oportunidad al remake, mientras que dosifica cap\u00edtulos para alargar su emisi\u00f3n. Tambi\u00e9n es posible que est\u00e9n valorando su \u00e9xito con este nuevo formato en el que lo dif\u00edcil va a ser ganarse un p\u00fablico que le gusta su versi\u00f3n y que piensa que las segundas partes no son buenas. <\/p>\n","protected":false},"excerpt":{"rendered":"FDF decide darle un giro a su programaci\u00f3n. La que se avecina: Portugal se estren\u00f3 el pasado viernes&hellip;\n","protected":false},"author":2,"featured_media":54407,"comment_status":"","ping_status":"","sticky":false,"template":"","format":"standard","meta":{"footnotes":""},"categories":[171],"tags":[146,147,25,24,284,742,805,23,214,3948],"class_list":{"0":"post-54406","1":"post","2":"type-post","3":"status-publish","4":"format-standard","5":"has-post-thumbnail","7":"category-tv","8":"tag-entertainment","9":"tag-entretenimiento","10":"tag-es","11":"tag-espana","12":"tag-estadio-deportivo","13":"tag-estar-al-dia","14":"tag-series","15":"tag-spain","16":"tag-tv","17":"tag-tv-e-internet"},"share_on_mastodon":{"url":"","error":""},"_links":{"self":[{"href":"https:\/\/www.europesays.com\/es\/wp-json\/wp\/v2\/posts\/54406","targetHints":{"allow":["GET"]}}],"collection":[{"href":"https:\/\/www.europesays.com\/es\/wp-json\/wp\/v2\/posts"}],"about":[{"href":"https:\/\/www.europesays.com\/es\/wp-json\/wp\/v2\/types\/post"}],"author":[{"embeddable":true,"href":"https:\/\/www.europesays.com\/es\/wp-json\/wp\/v2\/users\/2"}],"replies":[{"embeddable":true,"href":"https:\/\/www.europesays.com\/es\/wp-json\/wp\/v2\/comments?post=54406"}],"version-history":[{"count":0,"href":"https:\/\/www.europesays.com\/es\/wp-json\/wp\/v2\/posts\/54406\/revisions"}],"wp:featuredmedia":[{"embeddable":true,"href":"https:\/\/www.europesays.com\/es\/wp-json\/wp\/v2\/media\/54407"}],"wp:attachment":[{"href":"https:\/\/www.europesays.com\/es\/wp-json\/wp\/v2\/media?parent=54406"}],"wp:term":[{"taxonomy":"category","embeddable":true,"href":"https:\/\/www.europesays.com\/es\/wp-json\/wp\/v2\/categories?post=54406"},{"taxonomy":"post_tag","embeddable":true,"href":"https:\/\/www.europesays.com\/es\/wp-json\/wp\/v2\/tags?post=54406"}],"curies":[{"name":"wp","href":"https:\/\/api.w.org\/{rel}","templated":true}]}}