{"id":54424,"date":"2025-08-17T21:53:31","date_gmt":"2025-08-17T21:53:31","guid":{"rendered":"https:\/\/www.europesays.com\/es\/54424\/"},"modified":"2025-08-17T21:53:31","modified_gmt":"2025-08-17T21:53:31","slug":"victoria-del-caserio-en-su-primer-amistoso","status":"publish","type":"post","link":"https:\/\/www.europesays.com\/es\/54424\/","title":{"rendered":"Victoria del Caser\u00edo en su primer amistoso"},"content":{"rendered":"<p>Casi tres meses despu\u00e9s del ascenso a la Liga Asobal en aquel inolvidable partido ante el Burgos, el Caser\u00edo Ciudad Real ha vuelto a jugar en el Quijote Arena. El equipo entrenado por Santi Urdiales se ha impuesto (32-30) en su primer amistoso de pretemporada al Puente Genil, otro equipo de Liga Asobal y en el que milita el portero ciudadreale\u00f1o \u00c1lvaro de Hita. El conjunto amarillo ha ofrecido una buena imagen e iba ganando al descanso 19-13. Reaccion\u00f3 el conjunto cordob\u00e9s en el segundo periodo, pero los ciudadreale\u00f1os se hicieron con el trofeo de Feria con un 32-30 final.<\/p>\n<p>El partido tuvo igualdad al principio, que con el paso de los minutos, mantuvo un dominador que fue el Caser\u00edo, m\u00e1s enchufado en defensa, 6-0 muy rocosa, y en ataque, elaborando muy bien las jugadas y finalizando tambi\u00e9n con rapidez las salidas en contraataque, tanto en primera como en segunda oleada, para, con el paso de los minutos, ir poniendo distancias en el luminoso, que se march\u00f3 a los vestuarios al descanso con la ventaja de seis goles (19-13).<\/p>\n<p>En la segunda parte, el Puente Genil, con mejor aportaci\u00f3n defensiva y acierto en el ataque de larga distancia, empez\u00f3 a acortar distancias en el electr\u00f3nico, para ubicarse con un gol de desventaja (27-26), en el minuto 53.<\/p>\n<p><img decoding=\"async\" loading=\"lazy\" src=\"https:\/\/www.europesays.com\/es\/wp-content\/uploads\/2025\/08\/82E1CABC-7B2C-479B-B15B0EB63D3DEE79.JPG\" alt=\"Victoria del Caser\u00edo en su primer amistoso\" border=\"0\"\/>Victoria del Caser\u00edo en su primer amistoso &#8211; Foto: Rueda Villaverde<\/p>\n<p>Fue el instante en el que pod\u00eda pasar de todo y por este motivo el partido se volvi\u00f3 loco, ya sin guion, llegando la incertidumbre a este tramo final de encuentro, donde, de nuevo Caser\u00edo, a falta de menos de dos minutos, puso el +2 de ventaja, por medio de Gull (31-29).<\/p>\n<p><img decoding=\"async\" loading=\"lazy\" src=\"https:\/\/www.europesays.com\/es\/wp-content\/uploads\/2025\/08\/F75351AA-F8A6-4F5D-8EC6E454B7868FC0.JPG\" alt=\"Victoria del Caser\u00edo en su primer amistoso\" border=\"0\"\/>Victoria del Caser\u00edo en su primer amistoso &#8211; Foto: Rueda VillaverdeVolvi\u00f3 a acortar Puente Genil (31-30) y, tras un tiempo muerto de Santi Urdiales a falta de 30 segundos, una jugada de estrategia, con pase al pivote Jos\u00e9 Andr\u00e9s Torres, sirvi\u00f3 para que el sevillano pusiera el definitivo 32-30 final, con lo que el Trofeo de Ferias se qued\u00f3, de nuevo, en Ciudad Real.<\/p>\n<p>El pr\u00f3ximo partido del Caser\u00edo ser\u00e1 el s\u00e1bado 23 de agosto en el Quijote Arena ante el Guadalajara (19 horas).<\/p>\n<p><strong>&#8211; Ficha t\u00e9cnica:<\/strong><\/p>\n<p><img decoding=\"async\" loading=\"lazy\" src=\"https:\/\/www.europesays.com\/es\/wp-content\/uploads\/2025\/08\/09A814EB-25B6-4082-96AF2DC83AE7FDD2.JPG\" alt=\"Victoria del Caser\u00edo en su primer amistoso\" border=\"0\"\/>Victoria del Caser\u00edo en su primer amistoso &#8211; Foto: Rueda Villaverde<\/p>\n<p>32 &#8211; Caser\u00edo (19+13): Giovagnola, Kostas y A. Morales (P), Mach (-), Mendive (3), Lumbreras (-), David Fern\u00e1ndez (3, 1p), Alonso Moreno (2), Romanillos (1), V Morales (2), Palomeque (-), Tranc\u00f3n (2), Javi Domingo (2), \u00c1ngel P\u00e9rez (4, 1p), Sergio L\u00f3pez (6, 1p), Sergio S\u00e1nchez (-), Omar Sherif (1), Chus S\u00e1nchez (1), Gull (3) y Torres (2).<\/p>\n<p><img decoding=\"async\" loading=\"lazy\" src=\"https:\/\/www.europesays.com\/es\/wp-content\/uploads\/2025\/08\/C4826738-DAF3-43B0-A6161AB3098ED3CE.JPG\" alt=\"Victoria del Caser\u00edo en su primer amistoso\" border=\"0\"\/>Victoria del Caser\u00edo en su primer amistoso &#8211; Foto: Rueda Villaverde<strong>30 &#8211; \u00c1ngel Xim\u00e9nez Puente Genil (13+17):<\/strong> \u00c1lvaro de Hita, Carvalho y Murillo (P), P. Simonet (2), Ramos (2), Boris Dukic (4), Bernab\u00e9u (3), Cuenca (-), Lucas Aizen (1), Berm\u00fadez (-), Pineda (3), Tiago (5), Serrano (4), Mario (4, 1p), Oscar (-), Yeray (-) y David Estepa (2, 1p).<\/p>\n<p><strong>\u00c1rbitros:<\/strong> Mu\u00f1oz Ruiz y Valencia L\u00f3pez del Prado. Excluyeron dos minutos a los locales Romanillos, Javi Domingo y Alonso Moreno y a los visitantes, Estepa, \u00c1lvaro de Hita y Tiago. Expulsaron con roja directa al local Omar Sherif y al visitante P. Simonet en el minuto 42.<\/p>\n<p><img decoding=\"async\" loading=\"lazy\" src=\"https:\/\/www.europesays.com\/es\/wp-content\/uploads\/2025\/08\/D1CA0D50-122B-43C2-B1D08DC36EF28473.JPG\" alt=\"Victoria del Caser\u00edo en su primer amistoso\" border=\"0\"\/>Victoria del Caser\u00edo en su primer amistoso &#8211; Foto: Rueda Villaverde<\/p>\n<p><strong>Parciales cada cinco minutos:<\/strong> 4-3, 8-6, 10-8, 13-9, 16-10, 19-13 (primera parte); 20-15, 23-19, 24-21, 27-24, 27-27 y 32-30 (final del partido).<\/p>\n<p>M\u00e1s fotos:<img decoding=\"async\" loading=\"lazy\" src=\"https:\/\/www.europesays.com\/es\/wp-content\/uploads\/2025\/08\/0D12E158-AE0A-45C1-96D68617BAB63B7B.JPG\" alt=\"Victoria del Caser\u00edo en su primer amistoso\" border=\"0\"\/>Victoria del Caser\u00edo en su primer amistoso &#8211; Foto: Rueda Villaverde<img decoding=\"async\" loading=\"lazy\" src=\"https:\/\/www.europesays.com\/es\/wp-content\/uploads\/2025\/08\/273DBB90-969C-4381-86CCB2B4BD3FB7BF.JPG\" alt=\"Victoria del Caser\u00edo en su primer amistoso\" border=\"0\"\/>Victoria del Caser\u00edo en su primer amistoso &#8211; Foto: Rueda Villaverde<img decoding=\"async\" loading=\"lazy\" src=\"https:\/\/www.europesays.com\/es\/wp-content\/uploads\/2025\/08\/A2FEB2A3-D68F-46AC-ABC5C806B593FFB9.JPG\" alt=\"Victoria del Caser\u00edo en su primer amistoso\" border=\"0\"\/>Victoria del Caser\u00edo en su primer amistoso &#8211; Foto: Rueda Villaverde<br \/><strong>Incidencias:<\/strong> Encuentro amistoso correspondiente al Trofeo de Feria de Ciudad Real, disputado en el Pabell\u00f3n del Quijote Arena de Ciudad Real, al que han asistido unos 1.000 espectadores.<\/p>\n","protected":false},"excerpt":{"rendered":"Casi tres meses despu\u00e9s del ascenso a la Liga Asobal en aquel inolvidable partido ante el Burgos, el&hellip;\n","protected":false},"author":2,"featured_media":54425,"comment_status":"","ping_status":"","sticky":false,"template":"","format":"standard","meta":{"footnotes":""},"categories":[278],"tags":[376,1944,168,25,24,375,23687,1675,4092,23,167],"class_list":{"0":"post-54424","1":"post","2":"type-post","3":"status-publish","4":"format-standard","5":"has-post-thumbnail","7":"category-balonmano","8":"tag-balonmano","9":"tag-balonmano-caserio","10":"tag-deportes","11":"tag-es","12":"tag-espana","13":"tag-handball","14":"tag-hita","15":"tag-liga-asobal","16":"tag-quijote-arena","17":"tag-spain","18":"tag-sports"},"share_on_mastodon":{"url":"","error":""},"_links":{"self":[{"href":"https:\/\/www.europesays.com\/es\/wp-json\/wp\/v2\/posts\/54424","targetHints":{"allow":["GET"]}}],"collection":[{"href":"https:\/\/www.europesays.com\/es\/wp-json\/wp\/v2\/posts"}],"about":[{"href":"https:\/\/www.europesays.com\/es\/wp-json\/wp\/v2\/types\/post"}],"author":[{"embeddable":true,"href":"https:\/\/www.europesays.com\/es\/wp-json\/wp\/v2\/users\/2"}],"replies":[{"embeddable":true,"href":"https:\/\/www.europesays.com\/es\/wp-json\/wp\/v2\/comments?post=54424"}],"version-history":[{"count":0,"href":"https:\/\/www.europesays.com\/es\/wp-json\/wp\/v2\/posts\/54424\/revisions"}],"wp:featuredmedia":[{"embeddable":true,"href":"https:\/\/www.europesays.com\/es\/wp-json\/wp\/v2\/media\/54425"}],"wp:attachment":[{"href":"https:\/\/www.europesays.com\/es\/wp-json\/wp\/v2\/media?parent=54424"}],"wp:term":[{"taxonomy":"category","embeddable":true,"href":"https:\/\/www.europesays.com\/es\/wp-json\/wp\/v2\/categories?post=54424"},{"taxonomy":"post_tag","embeddable":true,"href":"https:\/\/www.europesays.com\/es\/wp-json\/wp\/v2\/tags?post=54424"}],"curies":[{"name":"wp","href":"https:\/\/api.w.org\/{rel}","templated":true}]}}