{"id":54447,"date":"2025-08-17T22:10:07","date_gmt":"2025-08-17T22:10:07","guid":{"rendered":"https:\/\/www.europesays.com\/es\/54447\/"},"modified":"2025-08-17T22:10:07","modified_gmt":"2025-08-17T22:10:07","slug":"talavante-triunfa-en-el-cierre-de-la-feria-taurina-de-begona-el-comercio","status":"publish","type":"post","link":"https:\/\/www.europesays.com\/es\/54447\/","title":{"rendered":"Talavante triunfa en el cierre de la Feria Taurina de Bego\u00f1a &#8211; El Comercio"},"content":{"rendered":"<ol>\n<li><a href=\"https:\/\/news.google.com\/rss\/articles\/CBMiogFBVV95cUxQaDlyZGdqbi1ZeHhlenY5aDBMRkxGWHVMMXVmNTU2eGhnb01nWmNrMENDb2EwVFd5YmNFbkRxQ0gzaGJFNGJlbXo4dDBveTBvcUN0SThiVE9DZjN4dkVCYUdwNzQtdHFOMG1jRjlLOFVfQk9BTTBSOHQydXFoTnkxcDRJUFQyM2JvYTJFSnB3UVZHdFdUMW00Rnl6X0pzcFJqMFHSAacBQVVfeXFMTjNMWFpPSnRIQWV2MzYzNU5kYzFmZUMxNUFyNjFKbGRiMVQyWVJIVkM1U3NUOGtiMTRraU1OTWsya2V4YnhBa19qbEhJVlcybHJQel9KYkVnMWo0TV9wSnBVSlpkTnJJQ3BTQWpUaG1JMFBlaDR6QmxkM1JFc1YybmhuQVN3RHYwX1QyR0s0OThuUGtQb1lpR21NOFhfVGVWeVB6UENxWVE?oc=5\" target=\"_blank\" rel=\"nofollow noopener\">Talavante triunfa en el cierre de la Feria Taurina de Bego\u00f1a<\/a>&nbsp;&nbsp;El Comercio<\/li>\n<li><a href=\"https:\/\/news.google.com\/rss\/articles\/CBMiiwFBVV95cUxQSUwwMnJuLWxmU2JLVjNzbXNqNV9FRG5henhrT2RiS3ZBNUJYWFdlanhMT2tWV25mS0ZaRm9rUDYtSlJicHBqTHpESUhrS3pMeEFXVEtaZWJDeko0WDhaTzRRcENjYmFSTHFLbXJKRU5iRDJWTFplLWNURThGVzdhVjNGZ09qMVhFT2lz?oc=5\" target=\"_blank\" rel=\"nofollow noopener\">A la espera de Morante\u2026 triunf\u00f3 Rufo<\/a>&nbsp;&nbsp;ABC<\/li>\n<li><a href=\"https:\/\/news.google.com\/rss\/articles\/CBMimgFBVV95cUxOamdfWnhwYTlnczBCNE84VExIaW9CTGpGUm1na0tKMmo3Um02ZjlHUk5fWkhlQ2d6NWZXakhUQzl6SVlmZ1FPdVZjOHI5cHhHWnFMa1RzMFRrY2swenQ2UW00ckR6SDNXMHI0Z3BqenpVUmpBVExJU1FOTDFSZTdKMzlsUlhDQTFlMVFSQjZZSHdmZGZXNUJTcDVB?oc=5\" target=\"_blank\" rel=\"nofollow noopener\">Las im\u00e1genes del \u00faltimo chapuz\u00f3n de la ola de calor en \u00c1lava<\/a>&nbsp;&nbsp;El Correo<\/li>\n<li><a href=\"https:\/\/news.google.com\/rss\/articles\/CBMigwFBVV95cUxOWUVTQzAtV0NWTDNfYnNpUEwzQ2o3Z1Y5OHlFbmVwZ1JEbTJBaFdnOFRJWFlRMUtHZkxvcnJLU0VUZmM5SDRkaDFVeVBFWTJEUE9mY25QNFZ0WHdUSW9LRTN3MFhBVElUaGZfUGFoRWhBN0JMYnhTUVp1aG12RjByQ3gxUdIBgwFBVV95cUxPdFlWTm1qWGtuSUhWUFdlb282WVRvcWdRT2t1djlKWjk3R0JPU0pvNFZ5cldvRlBHWGFPd00wS0ZvbTh3UDByaUtSbEw3aFZ2dUoyS2ZLbGQxWjNHVFRRRC1oQktNSnB0UlAwNkNONktNVUhZUWE5dEFiNzNTbHNPOVRvRQ?oc=5\" target=\"_blank\" rel=\"nofollow noopener\">Tom\u00e1s Rufo corta tres orejas y sale a hombros con La Quinta en Gij\u00f3n, donde Fortes sustituye a Morante<\/a>&nbsp;&nbsp;El Mundo<\/li>\n<li><a href=\"https:\/\/news.google.com\/rss\/articles\/CBMiiAFBVV95cUxPTS0tUkthOXZ1UElNeUZmVEF4by1XVFZfcF9NQ0FoZ2JXTE82YWdHQlZsWmU2NU4wQmk0Q01Jc09wNlFYSlhZS1JDWE9kWGdIcC1YR2txV1RhNTR3Si1ac1hKZ3d3TGlFdlRuZFFtU19tWm5McDlScThEOVRUM2EwclQ3UGFvb090?oc=5\" target=\"_blank\" rel=\"nofollow noopener\">Gij\u00f3n se ilumina en la noche de los Fuegos<\/a>&nbsp;&nbsp;El Comercio<\/li>\n<\/ol>\n","protected":false},"excerpt":{"rendered":"Talavante triunfa en el cierre de la Feria Taurina de Bego\u00f1a&nbsp;&nbsp;El Comercio A la espera de Morante\u2026 triunf\u00f3&hellip;\n","protected":false},"author":2,"featured_media":54448,"comment_status":"","ping_status":"","sticky":false,"template":"","format":"standard","meta":{"footnotes":""},"categories":[91],"tags":[7421,978,2125,146,147,25,24,599,6023,23,600,3667],"class_list":{"0":"post-54447","1":"post","2":"type-post","3":"status-publish","4":"format-standard","5":"has-post-thumbnail","7":"category-entretenimiento","8":"tag-begona","9":"tag-dia","10":"tag-directo","11":"tag-entertainment","12":"tag-entretenimiento","13":"tag-es","14":"tag-espana","15":"tag-feria","16":"tag-gijon","17":"tag-spain","18":"tag-taurina","19":"tag-ultimo"},"share_on_mastodon":{"url":"","error":""},"_links":{"self":[{"href":"https:\/\/www.europesays.com\/es\/wp-json\/wp\/v2\/posts\/54447","targetHints":{"allow":["GET"]}}],"collection":[{"href":"https:\/\/www.europesays.com\/es\/wp-json\/wp\/v2\/posts"}],"about":[{"href":"https:\/\/www.europesays.com\/es\/wp-json\/wp\/v2\/types\/post"}],"author":[{"embeddable":true,"href":"https:\/\/www.europesays.com\/es\/wp-json\/wp\/v2\/users\/2"}],"replies":[{"embeddable":true,"href":"https:\/\/www.europesays.com\/es\/wp-json\/wp\/v2\/comments?post=54447"}],"version-history":[{"count":0,"href":"https:\/\/www.europesays.com\/es\/wp-json\/wp\/v2\/posts\/54447\/revisions"}],"wp:featuredmedia":[{"embeddable":true,"href":"https:\/\/www.europesays.com\/es\/wp-json\/wp\/v2\/media\/54448"}],"wp:attachment":[{"href":"https:\/\/www.europesays.com\/es\/wp-json\/wp\/v2\/media?parent=54447"}],"wp:term":[{"taxonomy":"category","embeddable":true,"href":"https:\/\/www.europesays.com\/es\/wp-json\/wp\/v2\/categories?post=54447"},{"taxonomy":"post_tag","embeddable":true,"href":"https:\/\/www.europesays.com\/es\/wp-json\/wp\/v2\/tags?post=54447"}],"curies":[{"name":"wp","href":"https:\/\/api.w.org\/{rel}","templated":true}]}}