{"id":54462,"date":"2025-08-17T22:19:09","date_gmt":"2025-08-17T22:19:09","guid":{"rendered":"https:\/\/www.europesays.com\/es\/54462\/"},"modified":"2025-08-17T22:19:09","modified_gmt":"2025-08-17T22:19:09","slug":"victoria-de-marco-penge-en-el-danish-golf-championship-y-se-acerca-a-la-ryder-cup","status":"publish","type":"post","link":"https:\/\/www.europesays.com\/es\/54462\/","title":{"rendered":"Victoria de Marco Penge en el Danish Golf Championship y se acerca a la Ryder Cup"},"content":{"rendered":"<p>&#13;<br \/>\n        &#13;<br \/>\n&#13;<br \/>\n        &#13;<\/p>\n<p>            <a href=\"https:\/\/ten-golf.com\/wp-content\/uploads\/2025\/08\/pengetrofeodanish25.jpeg\" data-caption=\"Marco Penge posa con el trofeo de campe\u00f3n del Danish Golf Championship.\" rel=\"nofollow noopener\" target=\"_blank\"><img decoding=\"async\" loading=\"lazy\" width=\"664\" height=\"444\" class=\"entry-thumb td-modal-image\" src=\"https:\/\/www.europesays.com\/es\/wp-content\/uploads\/2025\/08\/pengetrofeodanish25-664x444.jpeg\"   alt=\"Marco Penge posa con el trofeo de campe\u00f3n del Danish Golf Championship.\" title=\"Marco Penge posa con el trofeo de campe\u00f3n del Danish Golf Championship.\"\/><\/a>Marco Penge posa con el trofeo de campe\u00f3n del Danish Golf Championship.<\/p>\n<p>            El duelo entre Rasmus Hojgaard (-15) y Marco Penge (-16) por la victoria este domingo en el Danish Golf Championship no defraud\u00f3. Fue el ingl\u00e9s quien se llev\u00f3 finalmente el gato al agua tras m\u00e1s de cuatro horas de magn\u00edfica batalla, pero los dos ofrecieron un brillante <\/p>\n<p>Para seguir leyendo, Suscr\u00edbete<\/p>\n<p>    Subscription OptionsMENSUAL<\/p>\n<p>Unlimited  Entradas<\/p>\n<p>Unlimited  Galer\u00edas<\/p>\n<p>Unlimited  \u00c1lbumes<\/p>\n<p>Unlimited  P\u00e1ginas<\/p>\n<p>ANUAL + LIBRO<\/p>\n<p>Unlimited  Entradas<\/p>\n<p>Unlimited  Galer\u00edas<\/p>\n<p>Unlimited  \u00c1lbumes<\/p>\n<p>Unlimited  P\u00e1ginas<\/p>\n<p>ANUAL<\/p>\n<p>Unlimited  Entradas<\/p>\n<p>Unlimited  Galer\u00edas<\/p>\n<p>Unlimited  \u00c1lbumes<\/p>\n<p>Unlimited  P\u00e1ginas<\/p>\n<p>    Recibe 30 mulligans para gastar en <a href=\"https:\/\/thegame.ten-golf.com\" target=\"_blank\" rel=\"nofollow noopener\">TheGame<\/a> junto a tu suscripci\u00f3n anual (al final de la temporada se quitar\u00e1n los mulligans no gastados)<\/p>\n<p>    Pincha <a href=\"https:\/\/ten-golf.com\/tengolf-pone-en-marcha-el-muro-de-pago-y-crea-el-club-tengolf\" target=\"_blank\" rel=\"nofollow noopener\">aqu\u00ed<\/a> para saber m\u00e1s sobre las distintas suscripciones<\/p>\n<p>        &#13;<br \/>\n&#13;<br \/>\n        &#13;<br \/>\n            &#13;<br \/>\n            &#13;<br \/>\n&#13;<\/p>\n<p class=\"join-telegram\"><img decoding=\"async\" class=\"loading\" src=\"https:\/\/www.europesays.com\/es\/wp-content\/uploads\/2025\/07\/1753654448_267_telegram-icon.png\" alt=\"\"\/> S\u00edguenos tambi\u00e9n en <a href=\"https:\/\/telegram.org\/\" target=\"_blank\" style=\"font-weight: normal;\" rel=\"nofollow noopener\">Telegram<\/a> en el canal <a href=\"https:\/\/t.me\/tengolf\" target=\"_blank\" rel=\"nofollow\">@tengolf<\/a><\/p>\n<p>        &#13;<br \/>\n        <a class=\"will-load\" name=\"end-article\" data-id=\"post-208113\"\/>&#13;<\/p>\n","protected":false},"excerpt":{"rendered":"&#13; &#13; &#13; &#13; Marco Penge posa con el trofeo de campe\u00f3n del Danish Golf Championship. El duelo&hellip;\n","protected":false},"author":2,"featured_media":54463,"comment_status":"","ping_status":"","sticky":false,"template":"","format":"standard","meta":{"footnotes":""},"categories":[275],"tags":[23069,168,7316,25,24,23070,329,23073,336,339,340,1909,1910,12477,23,167],"class_list":{"0":"post-54462","1":"post","2":"type-post","3":"status-publish","4":"format-standard","5":"has-post-thumbnail","7":"category-golf","8":"tag-danish-golf-championship","9":"tag-deportes","10":"tag-dp-world-tour","11":"tag-es","12":"tag-espana","13":"tag-fureso-golf-klub","14":"tag-golf","15":"tag-marco-penge","16":"tag-notificacion","17":"tag-portada-america","18":"tag-portada-global","19":"tag-portada-top","20":"tag-portada-top-america","21":"tag-rasmus-hojgaard","22":"tag-spain","23":"tag-sports"},"share_on_mastodon":{"url":"","error":""},"_links":{"self":[{"href":"https:\/\/www.europesays.com\/es\/wp-json\/wp\/v2\/posts\/54462","targetHints":{"allow":["GET"]}}],"collection":[{"href":"https:\/\/www.europesays.com\/es\/wp-json\/wp\/v2\/posts"}],"about":[{"href":"https:\/\/www.europesays.com\/es\/wp-json\/wp\/v2\/types\/post"}],"author":[{"embeddable":true,"href":"https:\/\/www.europesays.com\/es\/wp-json\/wp\/v2\/users\/2"}],"replies":[{"embeddable":true,"href":"https:\/\/www.europesays.com\/es\/wp-json\/wp\/v2\/comments?post=54462"}],"version-history":[{"count":0,"href":"https:\/\/www.europesays.com\/es\/wp-json\/wp\/v2\/posts\/54462\/revisions"}],"wp:featuredmedia":[{"embeddable":true,"href":"https:\/\/www.europesays.com\/es\/wp-json\/wp\/v2\/media\/54463"}],"wp:attachment":[{"href":"https:\/\/www.europesays.com\/es\/wp-json\/wp\/v2\/media?parent=54462"}],"wp:term":[{"taxonomy":"category","embeddable":true,"href":"https:\/\/www.europesays.com\/es\/wp-json\/wp\/v2\/categories?post=54462"},{"taxonomy":"post_tag","embeddable":true,"href":"https:\/\/www.europesays.com\/es\/wp-json\/wp\/v2\/tags?post=54462"}],"curies":[{"name":"wp","href":"https:\/\/api.w.org\/{rel}","templated":true}]}}