{"id":54478,"date":"2025-08-17T22:29:11","date_gmt":"2025-08-17T22:29:11","guid":{"rendered":"https:\/\/www.europesays.com\/es\/54478\/"},"modified":"2025-08-17T22:29:11","modified_gmt":"2025-08-17T22:29:11","slug":"mediterraneo-afinando-al-alba-desde-el-deia-de-los-graves","status":"publish","type":"post","link":"https:\/\/www.europesays.com\/es\/54478\/","title":{"rendered":"Mediterr\u00e1neo &#8211; Afinando al Alba, desde el Dei\u00e0 de los Graves"},"content":{"rendered":"<p>Tom\u00e1s Graves, impresor y m\u00fasico, hijo del escritor brit\u00e1nico Robert Graves, publica su visi\u00f3n del Mediterr\u00e1neo ochentero peninsular y isle\u00f1o. El libro \u00abAfinando al Alba. Viaje musical al coraz\u00f3n de un pa\u00eds\u00bb (Libros del Kultrum) narra la influencia de esos artistas brit\u00e1nicos que se instalaron en el peque\u00f1o pueblo de Dei\u00e0 y que han reforzado el mito de un lugar de peregrinaje para seguidores del rock en todos los sentidos. Hablamos con \u00e9l de figuras como Robert Wyatt, Kevin Ayers, Daevid Allen, Ollie Halsall y sus grupos Gong, The Offbeats, Boxer, Pa amb Oli&#8230; Luego localizamos a Ni\u00f1o de Elche para que nos cuente su experiencia en el trabajo junto al poeta egipcio Abdullah Miniawy. Escuchamos a muchos: TONI MORL\u00c0- Cala Dei\u00e0;  ISLA CAMERON- Thought Brushes and Briars;  ROBERT WYATT- At last I Am Free; PEP LAGUARDA + TAPINERIA- La Caseta del Plater; KEVIN AYERS- Stranger in Blue Suede;PA AMB OLI- Get Off My Cloud; NI\u00d1O DE ELCHE + ABDULLAH MINIAWY- Moon of Ghazals;  47 SOUL- Into to Sham Steep.<\/p>\n","protected":false},"excerpt":{"rendered":"Tom\u00e1s Graves, impresor y m\u00fasico, hijo del escritor brit\u00e1nico Robert Graves, publica su visi\u00f3n del Mediterr\u00e1neo ochentero peninsular&hellip;\n","protected":false},"author":2,"featured_media":54479,"comment_status":"","ping_status":"","sticky":false,"template":"","format":"standard","meta":{"footnotes":""},"categories":[170],"tags":[23700,23701,146,147,25,24,23319,184,185,133,1448,1986,1987,23],"class_list":{"0":"post-54478","1":"post","2":"type-post","3":"status-publish","4":"format-standard","5":"has-post-thumbnail","7":"category-musica","8":"tag-afinando-al-alba","9":"tag-desde-el-deia-de-los-graves","10":"tag-entertainment","11":"tag-entretenimiento","12":"tag-es","13":"tag-espana","14":"tag-mediterraneo","15":"tag-music","16":"tag-musica","17":"tag-online","18":"tag-radio","19":"tag-rne","20":"tag-rtve-play","21":"tag-spain"},"share_on_mastodon":{"url":"","error":""},"_links":{"self":[{"href":"https:\/\/www.europesays.com\/es\/wp-json\/wp\/v2\/posts\/54478","targetHints":{"allow":["GET"]}}],"collection":[{"href":"https:\/\/www.europesays.com\/es\/wp-json\/wp\/v2\/posts"}],"about":[{"href":"https:\/\/www.europesays.com\/es\/wp-json\/wp\/v2\/types\/post"}],"author":[{"embeddable":true,"href":"https:\/\/www.europesays.com\/es\/wp-json\/wp\/v2\/users\/2"}],"replies":[{"embeddable":true,"href":"https:\/\/www.europesays.com\/es\/wp-json\/wp\/v2\/comments?post=54478"}],"version-history":[{"count":0,"href":"https:\/\/www.europesays.com\/es\/wp-json\/wp\/v2\/posts\/54478\/revisions"}],"wp:featuredmedia":[{"embeddable":true,"href":"https:\/\/www.europesays.com\/es\/wp-json\/wp\/v2\/media\/54479"}],"wp:attachment":[{"href":"https:\/\/www.europesays.com\/es\/wp-json\/wp\/v2\/media?parent=54478"}],"wp:term":[{"taxonomy":"category","embeddable":true,"href":"https:\/\/www.europesays.com\/es\/wp-json\/wp\/v2\/categories?post=54478"},{"taxonomy":"post_tag","embeddable":true,"href":"https:\/\/www.europesays.com\/es\/wp-json\/wp\/v2\/tags?post=54478"}],"curies":[{"name":"wp","href":"https:\/\/api.w.org\/{rel}","templated":true}]}}