{"id":54482,"date":"2025-08-17T22:31:14","date_gmt":"2025-08-17T22:31:14","guid":{"rendered":"https:\/\/www.europesays.com\/es\/54482\/"},"modified":"2025-08-17T22:31:14","modified_gmt":"2025-08-17T22:31:14","slug":"el-espanol-rahm-gana-su-segundo-titulo-de-liv-golf-por-delante-de-niemann","status":"publish","type":"post","link":"https:\/\/www.europesays.com\/es\/54482\/","title":{"rendered":"El Espa\u00f1ol Rahm Gana Su Segundo T\u00edtulo De LIV Golf Por Delante De Niemann"},"content":{"rendered":"<p data-type=\"paragraph\" data=\"[object Object]\">El espa\u00f1ol Jon Rahm se proclam\u00f3 campe\u00f3n por segunda temporada seguida del circuito LIV Golf con un segundo lugar este domingo en el \u00faltimo torneo en Indian\u00e1polis, con el que adelant\u00f3 en la clasificaci\u00f3n general al chileno Joaqu\u00edn Niemann.<\/p>\n<p data-type=\"paragraph\" data=\"[object Object]\" class=\"emotion-1akm6h5-Paragraph e1e4oisd0\">Rahm se embols\u00f3 otra vez el gran cheque de 18 millones de d\u00f3lares que este circuito de financiaci\u00f3n saudita ofrece al mejor jugador del a\u00f1o.<\/p>\n<p data-type=\"paragraph\" data=\"[object Object]\" class=\"emotion-1akm6h5-Paragraph e1e4oisd0\">El espa\u00f1ol, ganador del Masters de Augusta en 2023, finaliz\u00f3 en lo m\u00e1s alto de la tabla individual, con 226,16 puntos, por delante de Niemann, que concluy\u00f3 con 223,68.<\/p>\n<p data-type=\"paragraph\" data=\"[object Object]\" class=\"emotion-1akm6h5-Paragraph e1e4oisd0\">El ex n\u00famero uno mundial desbanc\u00f3 a Niemann gracias a una espectacular \u00faltima ronda en Indian\u00e1polis, torneo en el que se impuso el colombiano Sebasti\u00e1n Mu\u00f1oz.<\/p>\n<p data-type=\"paragraph\" data=\"[object Object]\" class=\"emotion-1akm6h5-Paragraph e1e4oisd0\">Rahm firm\u00f3 una \u00faltima vuelta de 11 bajo par que, con el t\u00edtulo general ya en el bolsillo, le permiti\u00f3 tambi\u00e9n jugar un playoff de desempate con Mu\u00f1oz por el trofeo de Indian\u00e1polis.<\/p>\n<p data-type=\"paragraph\" data=\"[object Object]\" class=\"emotion-1akm6h5-Paragraph e1e4oisd0\">El jugador de Bogot\u00e1 logr\u00f3 un birdie en el primer hoyo y celebr\u00f3 su primera victoria individual en el circuito.<\/p>\n<p data-type=\"paragraph\" data=\"[object Object]\" class=\"emotion-1akm6h5-Paragraph e1e4oisd0\">Niemann, por su parte, termin\u00f3 en el cuarto lugar compartido en Indian\u00e1polis y recibir\u00e1 ocho millones de d\u00f3lares por su segundo lugar general.<\/p>\n<p data-type=\"paragraph\" data=\"[object Object]\" class=\"emotion-1akm6h5-Paragraph e1e4oisd0\">Un a\u00f1o atr\u00e1s el jugador de Santiago ya cedi\u00f3 el t\u00edtulo de temporada ante Rahm en el \u00faltimo evento del calendario.<\/p>\n","protected":false},"excerpt":{"rendered":"El espa\u00f1ol Jon Rahm se proclam\u00f3 campe\u00f3n por segunda temporada seguida del circuito LIV Golf con un segundo&hellip;\n","protected":false},"author":2,"featured_media":54483,"comment_status":"","ping_status":"","sticky":false,"template":"","format":"standard","meta":{"footnotes":""},"categories":[93],"tags":[23702,168,25,14196,24,329,334,23,167,116,4450],"class_list":{"0":"post-54482","1":"post","2":"type-post","3":"status-publish","4":"format-standard","5":"has-post-thumbnail","7":"category-deportes","8":"tag-chi","9":"tag-deportes","10":"tag-es","11":"tag-esp","12":"tag-espana","13":"tag-golf","14":"tag-liv","15":"tag-spain","16":"tag-sports","17":"tag-synd","18":"tag-usa"},"share_on_mastodon":{"url":"","error":""},"_links":{"self":[{"href":"https:\/\/www.europesays.com\/es\/wp-json\/wp\/v2\/posts\/54482","targetHints":{"allow":["GET"]}}],"collection":[{"href":"https:\/\/www.europesays.com\/es\/wp-json\/wp\/v2\/posts"}],"about":[{"href":"https:\/\/www.europesays.com\/es\/wp-json\/wp\/v2\/types\/post"}],"author":[{"embeddable":true,"href":"https:\/\/www.europesays.com\/es\/wp-json\/wp\/v2\/users\/2"}],"replies":[{"embeddable":true,"href":"https:\/\/www.europesays.com\/es\/wp-json\/wp\/v2\/comments?post=54482"}],"version-history":[{"count":0,"href":"https:\/\/www.europesays.com\/es\/wp-json\/wp\/v2\/posts\/54482\/revisions"}],"wp:featuredmedia":[{"embeddable":true,"href":"https:\/\/www.europesays.com\/es\/wp-json\/wp\/v2\/media\/54483"}],"wp:attachment":[{"href":"https:\/\/www.europesays.com\/es\/wp-json\/wp\/v2\/media?parent=54482"}],"wp:term":[{"taxonomy":"category","embeddable":true,"href":"https:\/\/www.europesays.com\/es\/wp-json\/wp\/v2\/categories?post=54482"},{"taxonomy":"post_tag","embeddable":true,"href":"https:\/\/www.europesays.com\/es\/wp-json\/wp\/v2\/tags?post=54482"}],"curies":[{"name":"wp","href":"https:\/\/api.w.org\/{rel}","templated":true}]}}