{"id":54492,"date":"2025-08-17T22:36:16","date_gmt":"2025-08-17T22:36:16","guid":{"rendered":"https:\/\/www.europesays.com\/es\/54492\/"},"modified":"2025-08-17T22:36:16","modified_gmt":"2025-08-17T22:36:16","slug":"lula-da-silva-invita-a-trump-a-conocer-el-brasil-verdadero-en-un-video-estoy-plantando-comida-y-no-odio","status":"publish","type":"post","link":"https:\/\/www.europesays.com\/es\/54492\/","title":{"rendered":"Lula da Silva invita a Trump a conocer \u00abel Brasil verdadero\u00bb en un video: \u00abEstoy plantando comida y no odio\u00bb"},"content":{"rendered":"<p>      CNN Espa\u00f1ol<br \/>\n        \u00a0\u2014\u00a0<\/p>\n<p class=\"paragraph inline-placeholder vossi-paragraph\" data-uri=\"es.cms.cnn.com\/_components\/paragraph\/instances\/cmefqrwzw002p25qp2cvd4u4s@published\" data-editable=\"text\" data-component-name=\"paragraph\" data-article-gutter=\"true\">\n            El presidente de Brasil, Luiz In\u00e1cio Lula da Silva, envi\u00f3 un mensaje al mandatario de Estados Unidos, Donald Trump, en un video en el que lo invit\u00f3 a visitar su pa\u00eds, en medio de las disputas comerciales de ambos pa\u00edses por los aranceles que Washington impuso a la naci\u00f3n sudamericana.\n    <\/p>\n<p class=\"paragraph inline-placeholder vossi-paragraph\" data-uri=\"es.cms.cnn.com\/_components\/paragraph\/instances\/cmefr87w50004356nhuos8flk@published\" data-editable=\"text\" data-component-name=\"paragraph\" data-article-gutter=\"true\">\n            \u201cEstoy plantando comida, y no violencia ni odio. Espero presidente Trump que un d\u00eda podamos conversar para que conozca la calidad del pueblo brasile\u00f1o\u201d, dijo Lula en un video <a href=\"https:\/\/x.com\/LulaOficial\/status\/1956878784482672891\" target=\"_blank\" rel=\"nofollow\">publicado<\/a> la noche del s\u00e1bado, en el que parece cultivando uva en los jardines del Palacio de la Alvorada, la residencia presidencial.\n    <\/p>\n<p class=\"paragraph inline-placeholder vossi-paragraph\" data-uri=\"es.cms.cnn.com\/_components\/paragraph\/instances\/cmefr87w50005356n5v2ia1tq@published\" data-editable=\"text\" data-component-name=\"paragraph\" data-article-gutter=\"true\">\n            El Gobierno de Brasil ha expresado su disposici\u00f3n al di\u00e1logo luego de la imposici\u00f3n de un <a href=\"https:\/\/cnnespanol.cnn.com\/2025\/08\/06\/economia\/aranceles-trump-brasil-china-cafe-orix\" rel=\"nofollow noopener\" target=\"_blank\">arancel adicional del 50 %<\/a> sobre la importaci\u00f3n de productos brasile\u00f1os, pero ha enfatizado que no acepta negociar su soberan\u00eda y que las negociaciones deben ser entre iguales. La Casa Blanca ha acusado a Brasil de realizar \u201cuna persecuci\u00f3n pol\u00edtica\u201d contra el expresidente Jair Bolsonaro, investigado por la justicia brasile\u00f1a por la supuesta participaci\u00f3n en un intento de golpe de estado en 2022.\n    <\/p>\n<p class=\"paragraph inline-placeholder vossi-paragraph\" data-uri=\"es.cms.cnn.com\/_components\/paragraph\/instances\/cmefr87w50006356npq0uykko@published\" data-editable=\"text\" data-component-name=\"paragraph\" data-article-gutter=\"true\">\n            \u201cPor eso, Trump, quer\u00eda aprovechar este s\u00e1bado, en el que estoy plantando la vid Vit\u00f3ria aqu\u00ed en el Palacio de la Alvorada, un lugar que espero que alg\u00fan d\u00eda puedas visitar y en el que podamos conversar, para que conozcas el verdadero Brasil\u201d, a\u00f1adi\u00f3 Lula en la publicaci\u00f3n.\n    <\/p>\n<p>       <img decoding=\"async\" src=\"https:\/\/www.europesays.com\/es\/wp-content\/uploads\/2025\/08\/uva-lula.jpg\" alt=\"Capturas del video compartido el s\u00e1bado 16 de agosto por el presidente de Brasil, Lula da Silva.\" class=\"image__dam-img image__dam-img--loading\" onload=\"this.classList.remove('image__dam-img--loading')\" onerror=\"imageLoadError(this)\" height=\"784\" width=\"1217\" loading=\"lazy\"\/><\/p>\n<p class=\"paragraph inline-placeholder vossi-paragraph\" data-uri=\"es.cms.cnn.com\/_components\/paragraph\/instances\/cmefrefmo000l356ngmiwq8qw@published\" data-editable=\"text\" data-component-name=\"paragraph\" data-article-gutter=\"true\">\n            El mandatario asegur\u00f3 que \u201cno sirve de nada\u201d que Trump grave las frutas con aranceles \u201cporque, si es necesario, se destinar\u00e1n a los comedores escolares\u201d.\n    <\/p>\n<p class=\"paragraph inline-placeholder vossi-paragraph\" data-uri=\"es.cms.cnn.com\/_components\/paragraph\/instances\/cmefr87w50007356nj910h1gc@published\" data-editable=\"text\" data-component-name=\"paragraph\" data-article-gutter=\"true\">\n            El presidente agreg\u00f3 que Brasil busca conversar con todos los pa\u00edses. \u201cEl Brasil de la gente que le gusta el samba, que le gusta el Carnaval, que le gusta el f\u00fatbol, que le gusta Estados Unidos, que le gusta China, que le gusta Rusia, que le gusta Uruguay, que le gusta Venezuela. Nos gusta todo el mundo\u201d, expres\u00f3.\n    <\/p>\n<p class=\"paragraph inline-placeholder vossi-paragraph\" data-uri=\"es.cms.cnn.com\/_components\/paragraph\/instances\/cmefr87w50008356nfum5jbsp@published\" data-editable=\"text\" data-component-name=\"paragraph\" data-article-gutter=\"true\">\n            Esta semana, Lula <a href=\"https:\/\/cnnespanol.cnn.com\/2025\/08\/13\/latinoamerica\/brasil-lula-aranceles-trump-redes-sociales-orix\" rel=\"nofollow noopener\" target=\"_blank\">present\u00f3 un plan<\/a> para contrarrestar los aranceles de Trump y, adem\u00e1s, dijo que enviar\u00e1 al Congreso una iniciativa para regular las redes sociales. El programa econ\u00f3mico tiene como objetivo poner a disposici\u00f3n 30.000 millones de reales (m\u00e1s de US$ 5.500 millones) para l\u00edneas de cr\u00e9dito que puedan ser utilizadas por las empresas brasile\u00f1as afectadas por los aranceles estadounidenses, e incluir\u00e1 ayudas para que las empresas puedan buscar mercados alternativos a Estados Unidos.\n    <\/p>\n<p class=\"paragraph inline-placeholder vossi-paragraph\" data-uri=\"es.cms.cnn.com\/_components\/paragraph\/instances\/cmefr87w50009356n8e38nvry@published\" data-editable=\"text\" data-component-name=\"paragraph\" data-article-gutter=\"true\">\n            El presidente tambi\u00e9n dijo en la presentaci\u00f3n que est\u00e1n ante un debate que no es econ\u00f3mico, sino pol\u00edtico, y que el mundo \u201cest\u00e1 ansioso por negociar con Brasil\u201d.\n    <\/p>\n<p class=\"paragraph inline-placeholder vossi-paragraph\" data-uri=\"es.cms.cnn.com\/_components\/paragraph\/instances\/cmefrbwib000d356nz2tqb3ib@published\" data-editable=\"text\" data-component-name=\"paragraph\" data-article-gutter=\"true\">\n            El decreto que Trump firm\u00f3 a fines de julio con el nuevo esquema arancelario acusa al Gobierno brasile\u00f1o de \u201cgraves violaciones de derechos humanos que han socavado el Estado de derecho en Brasil\u201d, d\u00edas despu\u00e9s de exigir en una carta que termine el proceso contra el expresidente Bolsonaro.\n    <\/p>\n<p class=\"paragraph inline-placeholder vossi-paragraph\" data-uri=\"es.cms.cnn.com\/_components\/paragraph\/instances\/cmefqs3mn0000356ngje02mnz@published\" data-editable=\"text\" data-component-name=\"paragraph\" data-article-gutter=\"true\">\n            A inicios de agosto, Lula da Silva hab\u00eda declarado en entrevista con Reuters que no ve\u00eda espacio para conversaciones directas con el presidente Trump. \u201cEl d\u00eda que mi intuici\u00f3n me diga que Trump est\u00e1 listo para hablar, no dudar\u00e9 en llamarlo\u201d, explic\u00f3. \u201cPero hoy mi intuici\u00f3n dice que no quiere hablar. Y no voy a humillarme\u201d.\n    <\/p>\n","protected":false},"excerpt":{"rendered":"CNN Espa\u00f1ol \u00a0\u2014\u00a0 El presidente de Brasil, Luiz In\u00e1cio Lula da Silva, envi\u00f3 un mensaje al mandatario de&hellip;\n","protected":false},"author":2,"featured_media":54493,"comment_status":"","ping_status":"","sticky":false,"template":"","format":"standard","meta":{"footnotes":""},"categories":[42],"tags":[4135,3216,17,18,352,13,14,11,61,62,63,64,19,20,3219,9,10,15,16,12,21,22,65,66,67],"class_list":{"0":"post-54492","1":"post","2":"type-post","3":"status-publish","4":"format-standard","5":"has-post-thumbnail","7":"category-internacional","8":"tag-aranceles","9":"tag-brasil","10":"tag-breaking-news","11":"tag-breakingnews","12":"tag-donald-trump","13":"tag-featured-news","14":"tag-featurednews","15":"tag-headlines","16":"tag-internacional","17":"tag-international","18":"tag-international-news","19":"tag-internationalnews","20":"tag-latest-news","21":"tag-latestnews","22":"tag-lula-da-silva","23":"tag-news","24":"tag-noticias","25":"tag-noticias-destacadas","26":"tag-noticiasdestacadas","27":"tag-titulares","28":"tag-ultimas-noticias","29":"tag-ultimasnoticias","30":"tag-world","31":"tag-world-news","32":"tag-worldnews"},"share_on_mastodon":{"url":"","error":""},"_links":{"self":[{"href":"https:\/\/www.europesays.com\/es\/wp-json\/wp\/v2\/posts\/54492","targetHints":{"allow":["GET"]}}],"collection":[{"href":"https:\/\/www.europesays.com\/es\/wp-json\/wp\/v2\/posts"}],"about":[{"href":"https:\/\/www.europesays.com\/es\/wp-json\/wp\/v2\/types\/post"}],"author":[{"embeddable":true,"href":"https:\/\/www.europesays.com\/es\/wp-json\/wp\/v2\/users\/2"}],"replies":[{"embeddable":true,"href":"https:\/\/www.europesays.com\/es\/wp-json\/wp\/v2\/comments?post=54492"}],"version-history":[{"count":0,"href":"https:\/\/www.europesays.com\/es\/wp-json\/wp\/v2\/posts\/54492\/revisions"}],"wp:featuredmedia":[{"embeddable":true,"href":"https:\/\/www.europesays.com\/es\/wp-json\/wp\/v2\/media\/54493"}],"wp:attachment":[{"href":"https:\/\/www.europesays.com\/es\/wp-json\/wp\/v2\/media?parent=54492"}],"wp:term":[{"taxonomy":"category","embeddable":true,"href":"https:\/\/www.europesays.com\/es\/wp-json\/wp\/v2\/categories?post=54492"},{"taxonomy":"post_tag","embeddable":true,"href":"https:\/\/www.europesays.com\/es\/wp-json\/wp\/v2\/tags?post=54492"}],"curies":[{"name":"wp","href":"https:\/\/api.w.org\/{rel}","templated":true}]}}