{"id":54618,"date":"2025-08-17T23:49:07","date_gmt":"2025-08-17T23:49:07","guid":{"rendered":"https:\/\/www.europesays.com\/es\/54618\/"},"modified":"2025-08-17T23:49:07","modified_gmt":"2025-08-17T23:49:07","slug":"de-chico-en-vez-de-jugar-al-futbol-con-el-primo-me-imaginaba-vestido-de-luces","status":"publish","type":"post","link":"https:\/\/www.europesays.com\/es\/54618\/","title":{"rendered":"\u00abDe chico, en vez de jugar al f\u00fatbol con el primo, me imaginaba vestido de luces\u00bb"},"content":{"rendered":"<p>Zulueta pisa hoy Vista Alegre. Tiene 20 a\u00f1os que no aparenta, muchas ganas de comerse el mundo y las cosas muy claro: \u00abEl torero que  &#8230; dice que no tiene miedo, miente\u00bb.<\/p>\n<p class=\"v-p\"><strong>&#8211; Hijo y sobrino de los alguacilillos de la plaza de toros de la Real Maestranza de Sevilla y, adem\u00e1s, sobrino del ganadero de reses bravas, Gabriel Rojas. \u00bfSu destino estaba marcado?<\/strong><\/p>\n<p class=\"v-p\">&#8211; Bueno, la verdad es que s\u00ed, \u00bfno? Toda mi familia ha estado muy ligada al toro, tanto por parte de madre como por parte de padre. No me quedaba otra que, por lo menos, ser aficionado a los toros. <\/p>\n<p class=\"v-p\"><strong>&#8211; \u00bfCu\u00e1ndo supo que se la jugar\u00eda?<\/strong><\/p>\n<p class=\"v-p\">&#8211; No hubo un momento exacto. Yo siempre, desde chico, jugaba con mis primos a los toros. En vez de jugar al f\u00fatbol, me imaginaba mis corridas de toros, vestido de luces y cortando las orejas. Ese era mi entretenimiento. Hasta que, poquito a poco, mi abuelo nos apunt\u00f3 a la escuela taurina sevillana. Entramos los dos, mi primo y yo, pero realmente segu\u00edamos jugando. Ya, poquito a poco, aquello se fue haciendo serio. <\/p>\n<p class=\"v-p\"><strong>&#8211; \u00bfFue un proceso natural?<\/strong><\/p>\n<p class=\"v-p\">&#8211; No hubo un momento exacto en el que yo dijera &#8216;quiero ser torero&#8217;, sino que desde siempre he so\u00f1ado con ser torero.<\/p>\n<p class=\"v-p\"><strong>&#8211; \u00bfNo le da miedo, Javier?<\/strong><\/p>\n<p class=\"v-p\">&#8211; Hombre, claro que da miedo, Creo que todos los toreros tenemos miedo. Quien diga que no, pues miente. Adem\u00e1s, existen muchos miedos, no solamente al toro.<\/p>\n<p><a href=\"http:\/\/www.elcorreo.com\/aste-nagusia-bilbao\/barquerito-novillero-angel-20250818000332-nt.html#vtm_modulosEngag=mod-rel:aste-nagusia-bilbao:noticia:2:cmp:2-not\" class=\"v-a-link\" title=\"Un novillero con \u00e1ngel\" rel=\"nofollow noopener\" target=\"_blank\"><br \/>\n<img decoding=\"async\" loading=\"lazy\" class=\"v-a-img\" src=\"https:\/\/www.europesays.com\/es\/wp-content\/uploads\/2025\/08\/autor-5107-foto-1.jpeg\" alt=\"Un novillero con \u00e1ngel\"\/><br \/>\n<\/a><\/p>\n<p class=\"v-p\"><strong>&#8211; \u00bfDe qu\u00e9 m\u00e1s tipos?<\/strong><\/p>\n<p class=\"v-p\">&#8211; Ese miedo siempre est\u00e1. Es un miedo pr\u00e1cticamente asumido. Est\u00e1 y lo sabemos sobrellevar. Pero tambi\u00e9n est\u00e1 el miedo a la responsabilidad, al fracaso, al escenario\u2026 Las expectativas que hay que cumplir&#8230; Siempre estamos rodeados de presi\u00f3n, pero al final, lo supera nuestro amor por el toro y por torear.<\/p>\n<p class=\"v-p\"><strong>&#8211; \u00bfEstudia?<\/strong><\/p>\n<p class=\"v-p\">&#8211; S\u00ed, estoy haciendo Ingenier\u00eda Agr\u00edcola en Sevilla.<\/p>\n<p class=\"v-p\"><strong>&#8211; \u00bfQu\u00e9 tal le ha ido el curso?<\/strong><\/p>\n<p class=\"v-p\">&#8211; Bueno, este a\u00f1o m\u00e1s paradito, porque, gracias a Dios, he podido torear mucho. Tuve ya un principio de temporada muy fuerte. Ha sido complicado compaginar las dos cosas y, adem\u00e1s, con el toreo\u2026 <\/p>\n<p class=\"v-p\"><strong>&#8211; \u00bfQu\u00e9 sucede?<\/strong><\/p>\n<p class=\"v-p\">&#8211; Tiene un momento y hay que aprovecharlo. Los estudios siempre est\u00e1n ah\u00ed. Los voy llevando poquito a poco. Sin dejarlos, poquito a poco los ir\u00e9 cogiendo.<\/p>\n<p class=\"v-p\"><strong>&#8211; \u00bfAhora se la juega a una sola carta?<\/strong><\/p>\n<p class=\"v-p\">&#8211; S\u00ed. Al final, tenemos un &#8216;plan A&#8217;, que es el toreo. Es lo que realmente quiero ser en mi vida. <\/p>\n<p class=\"v-p\"><strong>&#8211; \u00bfHa calculado los riesgos?<\/strong><\/p>\n<p class=\"v-p\">&#8211; Con el toreo, no s\u00e9 si por desgracia o porque es as\u00ed, hay que aprovechar el momento. Ahora o despu\u00e9s no vuelve. Con ambici\u00f3n y ganas, los estudios siempre se pueden retomar.<\/p>\n<p class=\"v-p\"><strong>&#8211; El p\u00fablico bilba\u00edno le tiene en alta estima al ganar el Memorial Iv\u00e1n Fandi\u00f1o, \u00bfno?<\/strong><\/p>\n<p class=\"v-p\">&#8211; Bueno, llegu\u00e9 a la final, pero no la pude ganar. Conoc\u00ed a una afici\u00f3n que no ten\u00eda conciencia de lo buena que era y del cari\u00f1o que les tengo y ellos me tienen a m\u00ed.<\/p>\n<p class=\"v-p\"><strong>&#8211; \u00bfSue\u00f1a con volver a Vista Alegre, pero ya en plan torero?<\/strong><\/p>\n<p class=\"v-p\">&#8211; Claro que s\u00ed, hombre. Es lo que todos queremos, \u00bfno? Bilbao es una feria de m\u00e1xima categor\u00eda. He visto a tantas figuras pasar por aqu\u00ed que ser\u00eda un sue\u00f1o como matador de toros poder pisar esa plaza y, sobre todo, triunfar.<\/p>\n<p class=\"v-p\"><strong>&#8211; Su toreo es muy puro y bueno.<\/strong><\/p>\n<p class=\"v-p\">&#8211; S\u00ed, bueno, lo trato de buscar. Es un toreo que a m\u00ed me llena. Es el toreo que intento expresar y, sobre todo, ser yo. Quiero expresar delante de los toros lo que llevo dentro y no dejarme influir por nada externo, ni por querer cortar las orejas, ni por querer impresionar a nadie. Simplemente revelar mi personalidad.<\/p>\n<p class=\"v-p\"><strong>&#8211; Es una de las grandes esperanzas sevillanas. Le ven como el relevo de grandes figuras.<\/strong><\/p>\n<p class=\"v-p\">&#8211; S\u00ed que lo dicen. Es una responsabilidad y un motivo de alegr\u00eda. Es el sue\u00f1o de todo torero y m\u00e1s siendo sevillano.<\/p>\n<p>\u00abMorante es el mejor\u00bb<\/p>\n<p class=\"v-p\"><strong>&#8211; \u00bfCon qu\u00e9 torero se compara?<\/strong><\/p>\n<p class=\"v-p\">&#8211; Es dif\u00edcil, porque los que est\u00e1n arriba son m\u00e1ximas figuras y yo todav\u00eda estoy empezando. Tengo corte de toreo de artista. Siempre he tenido como referente a Morante de la Puebla. Desde chico, no ahora, que todo el mundo es de Morante. <\/p>\n<p class=\"v-p\"><strong>&#8211; Vaya temporad\u00f3n que se est\u00e1 marcando.<\/strong><\/p>\n<p class=\"v-p\">&#8211; Me parece el torero m\u00e1s completo de la historia. Lo tiene todo, tiene el toreo de artista, toreo de t\u00e9cnica, de valor&#8230; \u00a1Lo tiene todo! Es el toreo que me llena.<\/p>\n<p class=\"v-p\"><strong>&#8211; \u00bfLe parece el mejor torero de la historia?<\/strong><\/p>\n<p class=\"v-p\">&#8211; Hombre, se podr\u00eda decir que s\u00ed. A las figuras antiguas no las he podido ver, pero de lo que he visto, Morante, para m\u00ed, es el mejor.<\/p>\n<p class=\"v-p\"><strong>&#8211; Dice que quiere ser figura para dejar el toreo mejor de lo que est\u00e1. <\/strong><\/p>\n<p class=\"v-p\">&#8211; Las figuras siempre han llevado la tauromaquia a lo m\u00e1s alto, han hecho casi una revoluci\u00f3n. Ayudan a que los toros cada vez est\u00e9n mejor, y la fiesta m\u00e1s sana. La tauromaquia est\u00e1 en un momento de salud impresionante, est\u00e1n todas las plazas llenas&#8230;.<\/p>\n<p class=\"v-p\"><strong>&#8211; Las vascas no tanto.<\/strong><\/p>\n<p class=\"v-p\">&#8211; Yo, por supuesto, quiero ser figura para seguir haciendo afici\u00f3n y para que la tauromaquia sea normal entre la sociedad. Para eso es necesario que nos dejemos de tantas historias pol\u00edticas que en nada&#8230;<\/p>\n<p class=\"v-p\"><strong>&#8211; \u00bfAyudan a los festejos?<\/strong><\/p>\n<p class=\"v-p\">&#8211; A veces los partidos pol\u00edticos intentan marcar y comprar votos para intentar ir en contra de los toros. Al final, la juventud se ha revelado. Ning\u00fan partido pol\u00edtico deber\u00eda prohibir e imponer algo al pueblo. Representan a &#8216;to-do&#8217; el pueblo. Si la tauromaquia tiene que desaparecer, desaparecer\u00e1 por el pueblo, pero al final el pueblo siempre llega al mundo del toro y lo reclama. La juventud est\u00e1 m\u00e1s apasionada que nunca por el toreo.<\/p>\n","protected":false},"excerpt":{"rendered":"Zulueta pisa hoy Vista Alegre. Tiene 20 a\u00f1os que no aparenta, muchas ganas de comerse el mundo y&hellip;\n","protected":false},"author":2,"featured_media":54619,"comment_status":"","ping_status":"","sticky":false,"template":"","format":"standard","meta":{"footnotes":""},"categories":[277],"tags":[373,14404,168,25,24,282,23766,7532,10539,5000,23,167,374,13011,1079],"class_list":{"0":"post-54618","1":"post","2":"type-post","3":"status-publish","4":"format-standard","5":"has-post-thumbnail","7":"category-toreo","8":"tag-bullfighting","9":"tag-chico","10":"tag-deportes","11":"tag-es","12":"tag-espana","13":"tag-futbol","14":"tag-imaginaba","15":"tag-jugar","16":"tag-luces","17":"tag-primo","18":"tag-spain","19":"tag-sports","20":"tag-toreo","21":"tag-vestido","22":"tag-vez"},"share_on_mastodon":{"url":"","error":""},"_links":{"self":[{"href":"https:\/\/www.europesays.com\/es\/wp-json\/wp\/v2\/posts\/54618","targetHints":{"allow":["GET"]}}],"collection":[{"href":"https:\/\/www.europesays.com\/es\/wp-json\/wp\/v2\/posts"}],"about":[{"href":"https:\/\/www.europesays.com\/es\/wp-json\/wp\/v2\/types\/post"}],"author":[{"embeddable":true,"href":"https:\/\/www.europesays.com\/es\/wp-json\/wp\/v2\/users\/2"}],"replies":[{"embeddable":true,"href":"https:\/\/www.europesays.com\/es\/wp-json\/wp\/v2\/comments?post=54618"}],"version-history":[{"count":0,"href":"https:\/\/www.europesays.com\/es\/wp-json\/wp\/v2\/posts\/54618\/revisions"}],"wp:featuredmedia":[{"embeddable":true,"href":"https:\/\/www.europesays.com\/es\/wp-json\/wp\/v2\/media\/54619"}],"wp:attachment":[{"href":"https:\/\/www.europesays.com\/es\/wp-json\/wp\/v2\/media?parent=54618"}],"wp:term":[{"taxonomy":"category","embeddable":true,"href":"https:\/\/www.europesays.com\/es\/wp-json\/wp\/v2\/categories?post=54618"},{"taxonomy":"post_tag","embeddable":true,"href":"https:\/\/www.europesays.com\/es\/wp-json\/wp\/v2\/tags?post=54618"}],"curies":[{"name":"wp","href":"https:\/\/api.w.org\/{rel}","templated":true}]}}