{"id":54620,"date":"2025-08-17T23:52:05","date_gmt":"2025-08-17T23:52:05","guid":{"rendered":"https:\/\/www.europesays.com\/es\/54620\/"},"modified":"2025-08-17T23:52:05","modified_gmt":"2025-08-17T23:52:05","slug":"la-nueva-estrella-del-tenis-espanol-afronta-una-exotico-reto","status":"publish","type":"post","link":"https:\/\/www.europesays.com\/es\/54620\/","title":{"rendered":"La nueva estrella del tenis espa\u00f1ol afronta una ex\u00f3tico reto"},"content":{"rendered":"<p class=\"parrafo\"><strong>El tenis espa\u00f1ol est\u00e1 en este momento viviendo una etapa muy dulce<\/strong>, en la que hay muchos nombres en los que fijarse de cara al presente y sobre todo, al futuro. En categor\u00eda masculina, m\u00e1s all\u00e1 de Alcaraz o Davidovich, <a href=\"https:\/\/www.estadiodeportivo.com\/tenis\/tenis-espanol-presenta-sociedad-nueva-joya-20250816-508089.html\" target=\"_blank\" class=\"intext-link\" rel=\"nofollow noopener\">hay muchos que vienen pisando fuerte<\/a>. Pero esto no se limita a ellos, pues entre las f\u00e9minas tambi\u00e9n pinta bien lo que viene. Ahora que <strong>Paula Badosa sigue con su calvario de lesiones<\/strong>, aparece en el horizonte alguien de quien vamos a hablar y mucho, y que est\u00e1 <a href=\"https:\/\/www.estadiodeportivo.com\/tenis\/sabalenka-peor-final-sueno-bouzas-20250814-507786.html\" target=\"_blank\" class=\"intext-link\" rel=\"nofollow noopener\">dejando de ser una promesa para convertirse en una realidad, Jessica Bouzas<\/a>.<\/p>\n<p class=\"parrafo\">La de Pontevedra <strong>lleva unas semanas de mucho nivel en Montreal y Cincinnati<\/strong>, pero ahora va afrontar, en quiz\u00e1 el mejor momento de su carrera profesional, un reto muy llamativo, el del WTA 500 de Monterrey, en M\u00e9xico. La espa\u00f1ola, jugadora <strong>42 del r\u00e1nking mundial<\/strong>, debutar\u00e1 contra la rusa <strong>Kamilla Rakhimova<\/strong> en el evento mexicano que arranca este lunes. Despu\u00e9s de perder con Aryna Sabalenka en octavos de final del M\u00e1ster 1.000 de Cincinnati, Bouzas tiene una nueva parada previa a su participaci\u00f3n en el US Open, \u00faltimo Grand Slam de la temporada.<\/p>\n<p><img decoding=\"async\" src=\"https:\/\/www.europesays.com\/es\/wp-content\/uploads\/2025\/08\/f9e6bad9-42fa-4a01-a9c0-807f3fff8551_800x450.jpeg\" loading=\"lazy\"\/><\/p>\n<p class=\"parrafo\">De ganar su primer partido, la espa\u00f1ola de 22 a\u00f1os se enfrentar\u00e1 en segunda ronda a la rusa Diana Schnaider, tercera favorita. Adem\u00e1s de esta \u00faltima, las grandes favoritas son la estadounidense <strong>Emma Navarro, raqueta 11 del mundo, la rusa Ekaterina Alexandrova (16), y la brasile\u00f1a Beatriz Hadda Maia (21)<\/strong>, cuatro primeras cabezas de serie, que pasar\u00e1n de forma directa a la segunda ronda.<\/p>\n<p><a class=\"elementos-rel-t2\" href=\"https:\/\/www.estadiodeportivo.com\/tenis\/alcaraz-destapa-sinner-20250817-508129.html\" title=\"Alcaraz destapa lo de Sinner\" rel=\"nofollow noopener\" target=\"_blank\">Alcaraz destapa lo de Sinner<img decoding=\"async\" src=\"https:\/\/www.europesays.com\/es\/wp-content\/uploads\/2025\/08\/f5270c09-5f16-4034-95e1-08b7e5cdc7c2_320x180.jpeg\" alt=\"Alcaraz destapa lo de Sinner\"\/><\/a><a class=\"elementos-rel-t2\" href=\"https:\/\/www.estadiodeportivo.com\/tenis\/jannik-sinner-inmune-matagigantes-del-masters-cincinnati-20250816-508121.html\" title=\"Jannik Sinner es inmune al matagigantes del Masters de Cincinnati \" rel=\"nofollow noopener\" target=\"_blank\">Jannik Sinner es inmune al matagigantes del Masters de Cincinnati <img decoding=\"async\" src=\"https:\/\/www.europesays.com\/es\/wp-content\/uploads\/2025\/08\/194481c5-a803-47ea-b1b0-3e312b4b1940_320x180.jpeg\" alt=\"Jannik Sinner es inmune al matagigantes del Masters de Cincinnati \"\/><\/a><a class=\"elementos-rel-t2\" href=\"https:\/\/www.estadiodeportivo.com\/tenis\/carlos-alcaraz-gana-revancha-que-necesitaba-20250817-508123.html\" title=\"Carlos Alcaraz se gana la revancha que necesitaba\" rel=\"nofollow noopener\" target=\"_blank\">Carlos Alcaraz se gana la revancha que necesitaba<img decoding=\"async\" src=\"https:\/\/www.europesays.com\/es\/wp-content\/uploads\/2025\/08\/434fb921-71b5-41fb-8ac6-a49629baa4d1_320x180.jpeg\" alt=\"Carlos Alcaraz se gana la revancha que necesitaba\"\/><\/a>Un cartel de lujo<\/p>\n<p class=\"parrafo\">Hay muchos nombres que le pueden complicar las cosas a Bouzas, como la belga Elise Martes, vig\u00e9sima segunda jugadora del circuito, se enfrentar\u00e1 a una rival llegada del torneo de clasificaci\u00f3n, al igual que la checa <strong>Linda Noskova, vig\u00e9simo tercera del r\u00e1nking, campeona del 2024<\/strong>. Otras monarcas en Monterrey que regresan son la rusa Anastasia Pavlyuchenkova, quien rein\u00f3 en 2010, 2011, 2013 y 2017;<strong> la canadiense Leylah Fern\u00e1ndez, ganadora en 2021 y 2022<\/strong>, y la croata Dona Vekic, due\u00f1a del t\u00edtulo en el 2023. Destaca el caso de Fern\u00e1ndez, 26 mundial, quien apuesta a repetir la mejor actuaci\u00f3n de su carrera profesional, lograda en 2021, <strong>al ganar la final en Monterrey y clasificarse a la final en el US Open<\/strong>. Por lo pronto debutar\u00e1 contra la rumana Jacqueline Cristian, 49 del r\u00e1nking, en uno de los duelos m\u00e1s esperados de primera ronda.<\/p>\n","protected":false},"excerpt":{"rendered":"El tenis espa\u00f1ol est\u00e1 en este momento viviendo una etapa muy dulce, en la que hay muchos nombres&hellip;\n","protected":false},"author":2,"featured_media":54621,"comment_status":"","ping_status":"","sticky":false,"template":"","format":"standard","meta":{"footnotes":""},"categories":[274],"tags":[23767,168,25,24,284,23,167,327,326,3123],"class_list":{"0":"post-54620","1":"post","2":"type-post","3":"status-publish","4":"format-standard","5":"has-post-thumbnail","7":"category-tenis","8":"tag-abierto-monterrey","9":"tag-deportes","10":"tag-es","11":"tag-espana","12":"tag-estadio-deportivo","13":"tag-spain","14":"tag-sports","15":"tag-tenis","16":"tag-tennis","17":"tag-wta"},"share_on_mastodon":{"url":"","error":""},"_links":{"self":[{"href":"https:\/\/www.europesays.com\/es\/wp-json\/wp\/v2\/posts\/54620","targetHints":{"allow":["GET"]}}],"collection":[{"href":"https:\/\/www.europesays.com\/es\/wp-json\/wp\/v2\/posts"}],"about":[{"href":"https:\/\/www.europesays.com\/es\/wp-json\/wp\/v2\/types\/post"}],"author":[{"embeddable":true,"href":"https:\/\/www.europesays.com\/es\/wp-json\/wp\/v2\/users\/2"}],"replies":[{"embeddable":true,"href":"https:\/\/www.europesays.com\/es\/wp-json\/wp\/v2\/comments?post=54620"}],"version-history":[{"count":0,"href":"https:\/\/www.europesays.com\/es\/wp-json\/wp\/v2\/posts\/54620\/revisions"}],"wp:featuredmedia":[{"embeddable":true,"href":"https:\/\/www.europesays.com\/es\/wp-json\/wp\/v2\/media\/54621"}],"wp:attachment":[{"href":"https:\/\/www.europesays.com\/es\/wp-json\/wp\/v2\/media?parent=54620"}],"wp:term":[{"taxonomy":"category","embeddable":true,"href":"https:\/\/www.europesays.com\/es\/wp-json\/wp\/v2\/categories?post=54620"},{"taxonomy":"post_tag","embeddable":true,"href":"https:\/\/www.europesays.com\/es\/wp-json\/wp\/v2\/tags?post=54620"}],"curies":[{"name":"wp","href":"https:\/\/api.w.org\/{rel}","templated":true}]}}