{"id":54635,"date":"2025-08-18T00:05:08","date_gmt":"2025-08-18T00:05:08","guid":{"rendered":"https:\/\/www.europesays.com\/es\/54635\/"},"modified":"2025-08-18T00:05:08","modified_gmt":"2025-08-18T00:05:08","slug":"naty-abascal-absolutamente-impresionante-a-los-82-anos-con-el-banador-negro-elegante-rebajado-a-25-euros-en-calzedonia","status":"publish","type":"post","link":"https:\/\/www.europesays.com\/es\/54635\/","title":{"rendered":"Naty Abascal, absolutamente impresionante a los 82 a\u00f1os con el ba\u00f1ador negro elegante rebajado a 25 euros en Calzedonia"},"content":{"rendered":"<p data-journey-content=\"true\" data-node-id=\"0\" class=\"css-i9p093 emevuu60\">Con ba\u00f1ador negro y haciendo gala de un f\u00edsico privilegiado a sus 82 a\u00f1os de edad, <strong data-node-id=\"0.1\"><a href=\"https:\/\/www.harpersbazaar.com\/es\/famosas\/el-estilo-de\/a64308600\/naty-abascal-vaqueros-americana-look-80-anos-estilo\/\" target=\"_blank\" data-vars-ga-outbound-link=\"https:\/\/www.harpersbazaar.com\/es\/famosas\/el-estilo-de\/a64308600\/naty-abascal-vaqueros-americana-look-80-anos-estilo\/\" data-vars-ga-ux-element=\"Hyperlink\" data-vars-ga-call-to-action=\"Naty Abascal \" data-node-id=\"0.1.0\" class=\"body-link css-156jt4g emevuu60\" rel=\"nofollow noopener\">Naty Abascal <\/a><\/strong>compart\u00eda en Instagram varias instant\u00e1neas disfrutando de unos \u201cperfectos d\u00edas de verano\u201d, como ella misma los ha definido, en el yate de sus amigos, el dise\u00f1ador Valentino Garavani y el cofundador de la marca, Giancarlo Giammetti. La exmodelo y consultora de moda ha mostrado ante sus casi 300.000 seguidores en Instagram unas vacaciones de ensue\u00f1o en Italia \u2013aguas cristalinas y comidas en buena compa\u00f1\u00eda\u2013 y un par de looks que las mujeres m\u00e1s elegantes querr\u00e1n copiarle: el perfecto vestido blanco y, sobre todo, el <strong data-node-id=\"0.3\"><a href=\"https:\/\/www.harpersbazaar.com\/es\/moda\/tendencias\/a64848621\/banadores-mujer-bonitos-moda-verano-zara\/\" target=\"_blank\" data-vars-ga-outbound-link=\"https:\/\/www.harpersbazaar.com\/es\/moda\/tendencias\/a64848621\/banadores-mujer-bonitos-moda-verano-zara\/\" data-vars-ga-ux-element=\"Hyperlink\" data-vars-ga-call-to-action=\"ba\u00f1ador negro\" data-node-id=\"0.3.0\" class=\"body-link css-156jt4g emevuu60\" rel=\"nofollow noopener\">ba\u00f1ador negro<\/a><\/strong> con ribete en blanco m\u00e1s atemporal y vers\u00e1til de todos. <\/p>\n<p data-journey-content=\"true\" data-node-id=\"2\" class=\"css-i9p093 emevuu60\">La sevillana ha escogido un ba\u00f1ador negro con ribete blanco de <strong data-node-id=\"2.1\">Calzedonia<\/strong> que est\u00e1 <strong data-node-id=\"2.3\">rebajado al 50%<\/strong> (costaba 49,95 euros y ahora puede comprarse por 24,50) y que resulta una de<a href=\"https:\/\/www.harpersbazaar.com\/es\/moda\/compras\/g65560335\/compras-rebajas-muy-barato-chollos-verano-todas-tallas\/\" target=\"_blank\" data-vars-ga-outbound-link=\"https:\/\/www.harpersbazaar.com\/es\/moda\/compras\/g65560335\/compras-rebajas-muy-barato-chollos-verano-todas-tallas\/\" data-vars-ga-ux-element=\"Hyperlink\" data-vars-ga-call-to-action=\" mejores compras de rebajas\" data-node-id=\"2.5\" class=\"body-link css-156jt4g emevuu60\" rel=\"nofollow noopener\"> mejores compras de rebajas<\/a> de cara a este verano y a los pr\u00f3ximos: no pasa de moda, estiliza, funciona a cualquier edad como ella misma demuestra e incluso puede combinarse con pantal\u00f3n o falda a modo de body. Adem\u00e1s, se anuda en el cuello aportando un toque de originalidad a la espalda y gracias a su <strong data-node-id=\"2.7\">aire deportivo<\/strong> resulta f\u00e1cil de llevar y c\u00f3modo para nadar. <\/p>\n<p>Calzedonia  : Ba\u00f1ador Black&amp;White<\/p>\n<p><a target=\"_blank\" rel=\"nofollow noopener\" data-theme-key=\"product-image-wrapper\" href=\"https:\/\/clk.tradedoubler.com\/click?p=375780&amp;a=3281857&amp;epi=hares|xid:{xid}&amp;url=https%3A%2F%2Fwww.calzedonia.com%2Fes%2Fproduct%2Fba%25C3%25B1ador_blackywhite-0IS1852.html\" aria-label=\"50\u00a0\u20ac en Calzedonia for : Ba\u00f1ador Black&amp;White\" data-href=\"https:\/\/www.calzedonia.com\/es\/product\/ba%C3%B1ador_blackywhite-0IS1852.html\" data-product-url=\"https:\/\/www.calzedonia.com\/es\/product\/ba%C3%B1ador_blackywhite-0IS1852.html\" data-affiliate=\"true\" data-affiliate-url=\"https:\/\/clk.tradedoubler.com\/click?p=375780&amp;a=3281857&amp;epi=hares|xid:{xid}&amp;url=https%3A%2F%2Fwww.calzedonia.com%2Fes%2Fproduct%2Fba%25C3%25B1ador_blackywhite-0IS1852.html\" data-affiliate-network=\"{&quot;site_id&quot;:&quot;e8a478fc-b4ae-4cf4-a737-8475b33e3b34&quot;,&quot;metadata&quot;:{&quot;trackonomics&quot;:{&quot;network_name&quot;:&quot;td&quot;}},&quot;network&quot;:{&quot;name&quot;:&quot;Trackonomics&quot;},&quot;product_metadata&quot;:{&quot;e8a478fc-b4ae-4cf4-a737-8475b33e3b34&quot;:{&quot;network_name&quot;:&quot;td&quot;,&quot;link&quot;:&quot;https:\/\/clk.tradedoubler.com\/click?p=375780&amp;a=3281857&amp;epi={subid}&amp;url=https%3A%2F%2Fwww.calzedonia.com%2Fes%2Fproduct%2Fba%25C3%25B1ador_blackywhite-0IS1852.html&quot;}},&quot;afflink_redirect&quot;:&quot;\/_p\/afflink\/xJb0\/calzedonia-banador-black-white&quot;}\" data-vars-ga-call-to-action=\"50\u00a0\u20ac en Calzedonia\" data-vars-ga-media-role=\"\" data-vars-ga-media-type=\"Single Product Embed\" data-vars-ga-outbound-link=\"https:\/\/www.calzedonia.com\/es\/product\/ba%C3%B1ador_blackywhite-0IS1852.html\" data-vars-ga-product-brand=\"Calzedonia \" data-vars-ga-product-id=\"44127666-2ad1-465b-b48c-0a59df77f3eb\" data-vars-ga-product-price=\"49,95\u00a0\u20ac\" data-vars-ga-product-retailer-id=\"38330a0b-d60d-40d6-a563-ed4ff9f32ed0\" data-vars-ga-product-sem3-brand=\"Calzedonia \" data-vars-ga-link-treatment=\"(not set) | (not set)\" class=\"product-image-link ebgq4gw2 e1b8bpvs0 css-g6od0w e1c1bym14\"><img  alt=\": Ba\u00f1ador Black&amp;White\" title=\": Ba\u00f1ador Black&amp;White\" src=\"https:\/\/www.europesays.com\/es\/wp-content\/uploads\/2025\/08\/1755452325-0is1852072e-fi-68a21351b7038.jpg\" width=\"2880\" height=\"4032\" decoding=\"async\" loading=\"lazy\"\/><\/a><\/p>\n<p data-journey-content=\"true\" data-node-id=\"4\" class=\"css-i9p093 emevuu60\">Luciendo la piel bien bronceada, gafas de sol de Missoni y pelo mojado y peinado hacia atr\u00e1s, Naty Abascal ha protagonizado uno de los <strong data-node-id=\"4.1\">mejores posados en ba\u00f1ador de este verano<\/strong> volviendo a demostrar que menos es m\u00e1s cuando se quiere lograr un look todoterreno que a\u00fana comodidad y elegancia. <\/p>\n<p data-journey-content=\"true\" data-node-id=\"6\" class=\"css-i9p093 emevuu60\">Tanto es as\u00ed que los comentarios que acompa\u00f1an a la publicaci\u00f3n aplauden el <strong data-node-id=\"6.1\">estilo innato<\/strong> de Naty y su \u201cescultural\u201d figura. Su estilismo en alta mar resulta, desde luego, f\u00e1cil de copiar por cualquiera que quiera emular su discreta forma de entender lo que significa encontrar un <strong data-node-id=\"6.3\">traje de ba\u00f1o perfecto<\/strong> y c\u00f3mo lucirlo. Otra historia ser\u00e1 conseguir su envidiable f\u00edsico a los 82 a\u00f1os.<\/p>\n<p>Contenidos relacionados<\/p>\n","protected":false},"excerpt":{"rendered":"Con ba\u00f1ador negro y haciendo gala de un f\u00edsico privilegiado a sus 82 a\u00f1os de edad, Naty Abascal&hellip;\n","protected":false},"author":2,"featured_media":54636,"comment_status":"","ping_status":"","sticky":false,"template":"","format":"standard","meta":{"footnotes":""},"categories":[91],"tags":[253,146,147,25,24,23],"class_list":{"0":"post-54635","1":"post","2":"type-post","3":"status-publish","4":"format-standard","5":"has-post-thumbnail","7":"category-entretenimiento","8":"tag-discover","9":"tag-entertainment","10":"tag-entretenimiento","11":"tag-es","12":"tag-espana","13":"tag-spain"},"share_on_mastodon":{"url":"","error":""},"_links":{"self":[{"href":"https:\/\/www.europesays.com\/es\/wp-json\/wp\/v2\/posts\/54635","targetHints":{"allow":["GET"]}}],"collection":[{"href":"https:\/\/www.europesays.com\/es\/wp-json\/wp\/v2\/posts"}],"about":[{"href":"https:\/\/www.europesays.com\/es\/wp-json\/wp\/v2\/types\/post"}],"author":[{"embeddable":true,"href":"https:\/\/www.europesays.com\/es\/wp-json\/wp\/v2\/users\/2"}],"replies":[{"embeddable":true,"href":"https:\/\/www.europesays.com\/es\/wp-json\/wp\/v2\/comments?post=54635"}],"version-history":[{"count":0,"href":"https:\/\/www.europesays.com\/es\/wp-json\/wp\/v2\/posts\/54635\/revisions"}],"wp:featuredmedia":[{"embeddable":true,"href":"https:\/\/www.europesays.com\/es\/wp-json\/wp\/v2\/media\/54636"}],"wp:attachment":[{"href":"https:\/\/www.europesays.com\/es\/wp-json\/wp\/v2\/media?parent=54635"}],"wp:term":[{"taxonomy":"category","embeddable":true,"href":"https:\/\/www.europesays.com\/es\/wp-json\/wp\/v2\/categories?post=54635"},{"taxonomy":"post_tag","embeddable":true,"href":"https:\/\/www.europesays.com\/es\/wp-json\/wp\/v2\/tags?post=54635"}],"curies":[{"name":"wp","href":"https:\/\/api.w.org\/{rel}","templated":true}]}}