{"id":547454,"date":"2026-05-12T17:59:16","date_gmt":"2026-05-12T17:59:16","guid":{"rendered":"https:\/\/www.europesays.com\/es\/547454\/"},"modified":"2026-05-12T17:59:16","modified_gmt":"2026-05-12T17:59:16","slug":"el-motivo-de-la-ultima-dimision-de-florentino-perez-como-presidente-del-real-madrid","status":"publish","type":"post","link":"https:\/\/www.europesays.com\/es\/547454\/","title":{"rendered":"El motivo de la \u00faltima dimisi\u00f3n de Florentino P\u00e9rez como presidente del Real Madrid"},"content":{"rendered":"<p class=\"ft-text\"><strong>Florentino P\u00e9rez<\/strong> est\u00e1 entre la espada y la pared como presidente del <strong>Real Madrid<\/strong>. El mandatario vive uno de los momentos m\u00e1s complicados al frente de la entidad madridista, aunque no es una situaci\u00f3n nueva en su larga trayectoria como dirigente.<\/p>\n<p class=\"ft-text\">El club blanco est\u00e1 en una situaci\u00f3n de crisis absoluta. Una segunda temporada sin t\u00edtulos ha colmado la paciencia de la parroquia madridista, que se ha hartado de la actitud contemplativa de sus estrellas, principalmente de <strong>Kylian Mbapp\u00e9<\/strong>.<\/p>\n<p class=\"ft-text\">El incidente reciente entre <strong>\u00c1lvaro Carreras<\/strong> y <strong>R\u00fcdiger<\/strong>, sumado a la pelea entre <strong>Tchouameni<\/strong> y <strong>Valverde<\/strong> en el vestuario blanco ha puesto en estado de alarma a Valdebebas. <strong>Arbeloa<\/strong> tiene los d\u00edas contados como entrenador del Madrid y la situaci\u00f3n es tan tensa que es Mourinho quien tiene los n\u00fameros de volver al banquillo en las pr\u00f3ximas semanas.<\/p>\n<p><img decoding=\"async\" src=\"https:\/\/www.europesays.com\/es\/wp-content\/uploads\/2026\/05\/24b7c5c3-fa8a-48e8-8efc-c452a81938fb_alta-libre-aspect-ratio_default_0_x600y225.jpg\" width=\"1200\" height=\"675\" alt=\"Florentino P\u00e9rez ofrecer\u00e1 una rueda de prensa hoy martes 12 de mayo\" class=\"ft-helper-img-rd\" loading=\"lazy\" fetchpriority=\"auto\"\/><\/p>\n<p class=\"ft-helper-fontColor-quaternary ft-helper-fontSize-body-S ft-helper-spacer-t-xxs\">Florentino P\u00e9rez ofrecer\u00e1 una rueda de prensa hoy martes 12 de mayo  \/ EFE<\/p>\n<p class=\"ft-text\">Es una situaci\u00f3n parecida a la que vivi\u00f3 el club y <strong>Florentino P\u00e9rez<\/strong> principalmente en 2006. Lleg\u00f3 a la presidencia de la entidad en el 2000, pero esa temporada era la tercera consecutiva sin grandes t\u00edtulos, algo que se asemeja a la realidad actual del club blanco. La gesti\u00f3n de &#8216;Los Gal\u00e1cticos&#8217;, estrellas como <strong>Figo, Zidane, Ronaldo o Beckham, <\/strong>llev\u00f3 a Florentino a tomar la decisi\u00f3n de renunciar a su cargo el 27 de febrero de hace dos d\u00e9cadas.<\/p>\n<p class=\"ft-text\">Ese verano, Ram\u00f3n Calder\u00f3n gan\u00f3 las elecciones y se convirti\u00f3 en nuevo presidente del <strong>Real Madrid<\/strong>, pero la llegada del Bar\u00e7a de Guardiola y las irregularidades en la presidencia del entonces mandatario acabaron con la vuelta de <strong>Florentino P\u00e9rez<\/strong> el mismo d\u00eda que terminaba la temporada 2008\/09.<\/p>\n<p class=\"ft-text\">\u201c<strong>Los jugadores est\u00e1n confundidos y quiz\u00e1 demasiado consentidos. He cometido un error. He maleducado a los jugadores<\/strong>\u201d, dec\u00eda Florentino P\u00e9rez entonces. Una situaci\u00f3n parecida a la actual, que podr\u00eda llevarse al presidente de su cargo dos d\u00e9cadas despu\u00e9s.<\/p>\n","protected":false},"excerpt":{"rendered":"Florentino P\u00e9rez est\u00e1 entre la espada y la pared como presidente del Real Madrid. El mandatario vive uno&hellip;\n","protected":false},"author":2,"featured_media":547455,"comment_status":"","ping_status":"","sticky":false,"template":"","format":"standard","meta":{"footnotes":""},"categories":[268],"tags":[168,11723,25,24,15510,280,282,205,281,23,167],"class_list":["post-547454","post","type-post","status-publish","format-standard","has-post-thumbnail","category-futbol","tag-deportes","tag-dimision","tag-es","tag-espana","tag-florentino-perez","tag-football","tag-futbol","tag-madrid","tag-soccer","tag-spain","tag-sports"],"share_on_mastodon":{"url":"https:\/\/pubeurope.com\/@es\/116562910852372763","error":""},"_links":{"self":[{"href":"https:\/\/www.europesays.com\/es\/wp-json\/wp\/v2\/posts\/547454","targetHints":{"allow":["GET"]}}],"collection":[{"href":"https:\/\/www.europesays.com\/es\/wp-json\/wp\/v2\/posts"}],"about":[{"href":"https:\/\/www.europesays.com\/es\/wp-json\/wp\/v2\/types\/post"}],"author":[{"embeddable":true,"href":"https:\/\/www.europesays.com\/es\/wp-json\/wp\/v2\/users\/2"}],"replies":[{"embeddable":true,"href":"https:\/\/www.europesays.com\/es\/wp-json\/wp\/v2\/comments?post=547454"}],"version-history":[{"count":0,"href":"https:\/\/www.europesays.com\/es\/wp-json\/wp\/v2\/posts\/547454\/revisions"}],"wp:featuredmedia":[{"embeddable":true,"href":"https:\/\/www.europesays.com\/es\/wp-json\/wp\/v2\/media\/547455"}],"wp:attachment":[{"href":"https:\/\/www.europesays.com\/es\/wp-json\/wp\/v2\/media?parent=547454"}],"wp:term":[{"taxonomy":"category","embeddable":true,"href":"https:\/\/www.europesays.com\/es\/wp-json\/wp\/v2\/categories?post=547454"},{"taxonomy":"post_tag","embeddable":true,"href":"https:\/\/www.europesays.com\/es\/wp-json\/wp\/v2\/tags?post=547454"}],"curies":[{"name":"wp","href":"https:\/\/api.w.org\/{rel}","templated":true}]}}