{"id":547978,"date":"2026-05-13T00:19:26","date_gmt":"2026-05-13T00:19:26","guid":{"rendered":"https:\/\/www.europesays.com\/es\/547978\/"},"modified":"2026-05-13T00:19:26","modified_gmt":"2026-05-13T00:19:26","slug":"man-of-tomorrow-secuela-de-superman-sigue-ampliando-su-reparto-con-el-fichaje-de-sinqua-walls","status":"publish","type":"post","link":"https:\/\/www.europesays.com\/es\/547978\/","title":{"rendered":"Man of Tomorrow, secuela de Superman, sigue ampliando su reparto con el fichaje de Sinqua Walls"},"content":{"rendered":"<p class=\"c-paragraph\">Poco a poco va tomando forma el nuevo <a href=\"https:\/\/www.hobbyconsolas.com\/listas\/peliculas-superheroes-cuyo-rodaje-fue-infierno-pero-salieron-adelante-bien-mal-1428668\" title=\"Pel\u00edculas de superh\u00e9roes cuyo rodaje fue un infierno, pero salieron adelante, para bien o para mal\" rel=\"nofollow noopener\" target=\"_blank\">Universo DC<\/a> elaborado por Peter Safran y <b>James Gunn<\/b> para la gran y peque\u00f1a pantalla. Dentro de sus pr\u00f3ximos proyectos destaca <a href=\"https:\/\/www.hobbyconsolas.com\/hobbycine\/secuela-superman-man-of-tomorrow-comparte-un-primer-adelanto-desde-set-rodaje_6960575_0.html\" title=\"La secuela de Superman, Man of Tomorrow, comparte un primer adelanto desde el set de rodaje\" rel=\"nofollow noopener\" target=\"_blank\">Man of Tomorrow<\/a>, <b>pel\u00edcula<\/b> que supone una secuela de <a href=\"https:\/\/www.hobbyconsolas.com\/reviews\/critica-superman-pelicula-james-gunn-propone-edificar-nuevo-universo-dc-1472018\" title=\"Cr\u00edtica de Superman, la pel\u00edcula sobre la que James Gunn se propone edificar su nuevo Universo DC\" rel=\"nofollow noopener\" target=\"_blank\">Superman<\/a>, el primer largometraje de esta saga.<\/p>\n<p class=\"c-paragraph\">De nuevo con Gunn en la direcci\u00f3n, la cinta trae de regreso al elenco encabezado por <b>David Corenswet<\/b>, Rachel Brosnahan y Nicholas Hoult, quienes vuelven a encarnar respectivamente a Clark Kent \/ Superman, Lois Lane y Lex Luthor.<\/p>\n<p class=\"c-paragraph\">En esta ocasi\u00f3n, nuestro protagonista deber\u00e1 unir fuerzas con su archienemigo para hacer frente a una amenaza a\u00fan mayor, <b>Brainiac,\u00a0un androide extraterrestre que recopila todo el conocimiento que puede del cosmos, destruyendo los lugares de donde proviene para hacerlo m\u00e1s valioso<\/b>.<\/p>\n<p>Sinqua Walls se une al elenco de Man of Tomorrow<\/p>\n<p class=\"c-paragraph\">Con su rodaje en pleno proceso, la secuela de <b>Superman<\/b> contin\u00faa anunciando nuevos nombres que se unen al cada vez m\u00e1s extenso elenco dirigido por <a href=\"https:\/\/www.hobbyconsolas.com\/listas\/5-comics-ha-basado-james-gunn-hacer-nuevo-dcu-1193556\" title=\"Los 5 c\u00f3mics en los que se ha basado James Gunn para hacer su nuevo DCU\" rel=\"nofollow noopener\" target=\"_blank\">James Gunn<\/a>.<\/p>\n<p class=\"c-paragraph\">Tal como indica <a href=\"https:\/\/www.hollywoodreporter.com\/movies\/movie-news\/man-of-tomorrow-enlists-sinqua-walls-1236588558\/\" rel=\"nofollow noreferrer noopener\" title=\"The Hollywood Reporter\" target=\"_blank\">The Hollywood Reporter<\/a>, el \u00faltimo miembro en sumarse a la lista es <a href=\"https:\/\/www.hobbyconsolas.com\/hobbycine\/actores-que-hicieron-poner-cara-loco-todo-un-arte-jack-nicholson-maestro-nicolas-cage_6917516_0.html\" title=\"Actores que hicieron de poner &quot;cara de loco&quot; todo un arte: de Jack Nicholson al maestro Nicolas Cage\" rel=\"nofollow noopener\" target=\"_blank\">Sinqua Walls<\/a>, actor conocido por sus papeles en producciones como Mending the Line, The Blackening o el reboot de Los blancos no la saben meter.<\/p>\n<p class=\"c-paragraph\">Como de costumbre, <b>por el momento no se han hecho p\u00fablicos los detalles acerca de qu\u00e9 personaje encarnar\u00e1 el int\u00e9rprete en la pel\u00edcula<\/b>, por lo que toca esperar a que DC Studios realice alg\u00fan comunicado al respecto.<\/p>\n<p class=\"c-paragraph\">Walls se une a otros nuevos rostros en la franquicia como <b>Adria Arjona<\/b> o <b>Matthew Lillard<\/b>, regresando <b>Skyler Gisondo<\/b> como Jimmy Olsen, <b>Sara Sampaio<\/b> como Eve Teschmacher, <b>Isabela Merced<\/b> como Hawkgirl, <b>Nathan Fillion<\/b> como Guy Gardner y <b>Edi Gathegi<\/b> como Mister Terrific.<\/p>\n<p class=\"c-paragraph\">Man of Tomorrow se estrena en las salas de cine el <b>9 de julio de 2027<\/b>. \u00bfQu\u00e9 te parece todo lo que se sabe de la <a href=\"https:\/\/www.hobbyconsolas.com\/listas\/spielberg-nolan-tarantino-cameron-peores-peliculas-mejores-directores-historia-1282996\" title=\"Spielberg, Nolan, Tarantino, Cameron... las peores pel\u00edculas de los mejores directores de la historia\" rel=\"nofollow noopener\" target=\"_blank\">pel\u00edcula<\/a> hasta el momento?<\/p>\n","protected":false},"excerpt":{"rendered":"Poco a poco va tomando forma el nuevo Universo DC elaborado por Peter Safran y James Gunn para&hellip;\n","protected":false},"author":2,"featured_media":547979,"comment_status":"","ping_status":"","sticky":false,"template":"","format":"standard","meta":{"footnotes":""},"categories":[169],"tags":[177,146,147,25,24,176,3773,175,31998,157,23,834,90974],"class_list":["post-547978","post","type-post","status-publish","format-standard","has-post-thumbnail","category-cine","tag-cine","tag-entertainment","tag-entretenimiento","tag-es","tag-espana","tag-film","tag-man","tag-movies","tag-of","tag-secuela","tag-spain","tag-superman","tag-tomorrow"],"share_on_mastodon":{"url":"https:\/\/pubeurope.com\/@es\/116564404860910986","error":""},"_links":{"self":[{"href":"https:\/\/www.europesays.com\/es\/wp-json\/wp\/v2\/posts\/547978","targetHints":{"allow":["GET"]}}],"collection":[{"href":"https:\/\/www.europesays.com\/es\/wp-json\/wp\/v2\/posts"}],"about":[{"href":"https:\/\/www.europesays.com\/es\/wp-json\/wp\/v2\/types\/post"}],"author":[{"embeddable":true,"href":"https:\/\/www.europesays.com\/es\/wp-json\/wp\/v2\/users\/2"}],"replies":[{"embeddable":true,"href":"https:\/\/www.europesays.com\/es\/wp-json\/wp\/v2\/comments?post=547978"}],"version-history":[{"count":0,"href":"https:\/\/www.europesays.com\/es\/wp-json\/wp\/v2\/posts\/547978\/revisions"}],"wp:featuredmedia":[{"embeddable":true,"href":"https:\/\/www.europesays.com\/es\/wp-json\/wp\/v2\/media\/547979"}],"wp:attachment":[{"href":"https:\/\/www.europesays.com\/es\/wp-json\/wp\/v2\/media?parent=547978"}],"wp:term":[{"taxonomy":"category","embeddable":true,"href":"https:\/\/www.europesays.com\/es\/wp-json\/wp\/v2\/categories?post=547978"},{"taxonomy":"post_tag","embeddable":true,"href":"https:\/\/www.europesays.com\/es\/wp-json\/wp\/v2\/tags?post=547978"}],"curies":[{"name":"wp","href":"https:\/\/api.w.org\/{rel}","templated":true}]}}