{"id":549209,"date":"2026-05-13T16:57:13","date_gmt":"2026-05-13T16:57:13","guid":{"rendered":"https:\/\/www.europesays.com\/es\/549209\/"},"modified":"2026-05-13T16:57:13","modified_gmt":"2026-05-13T16:57:13","slug":"es-a-la-vez-lo-que-mas-me-esta-gustando","status":"publish","type":"post","link":"https:\/\/www.europesays.com\/es\/549209\/","title":{"rendered":"Es, a la vez, lo que m\u00e1s me est\u00e1 gustando"},"content":{"rendered":"<p id=\"ezBa1SOd7K\" data-wc=\"130\">Simona, la segunda hija de Isabelle Junot y \u00c1lvaro Falc\u00f3,<a class=\"hm-link ho-link\" href=\"https:\/\/www.hola.com\/actualidad\/20260421897030\/isabelle-junot-primeras-imagenes-segunda-hija-nombre\/\" data-mrf-recirculation=\"article-body-link\" rel=\"nofollow noopener\" target=\"_blank\"> est\u00e1 a punto de cumplir un mes de vida<\/a>. La ni\u00f1a vino al mundo el pasado 15 de abril, y desde entonces la coach nutricional ha estado volcada en el cuidado de su peque\u00f1a. Ahora, Isabelle ha revelado las cosas que m\u00e1s le cuestan de su postparto. \u00abEs, a la vez, lo que m\u00e1s me est\u00e1 gustando\u00bb, ha confesado. Detalles que tienen que ver con bajar el ritmo o ver crecer a su beb\u00e9, pero tambi\u00e9n con algunos detalles f\u00edsicos. Con todo, la marquesa de Cubas, que tambi\u00e9n es mam\u00e1 de otra ni\u00f1a llamada Philippa y nacida en 2023, tiene claro que, en esta ocasi\u00f3n, est\u00e1 siendo un poco m\u00e1s sencillo para ella. No te lo pierdas en este v\u00eddeo.<\/p>\n","protected":false},"excerpt":{"rendered":"Simona, la segunda hija de Isabelle Junot y \u00c1lvaro Falc\u00f3, est\u00e1 a punto de cumplir un mes de&hellip;\n","protected":false},"author":2,"featured_media":549210,"comment_status":"","ping_status":"","sticky":false,"template":"","format":"standard","meta":{"footnotes":""},"categories":[174],"tags":[517,255,146,147,25,24,256,39747,23],"class_list":["post-549209","post","type-post","status-publish","format-standard","has-post-thumbnail","category-famosos","tag-actualidad","tag-celebrities","tag-entertainment","tag-entretenimiento","tag-es","tag-espana","tag-famosos","tag-isabelle-junot","tag-spain"],"share_on_mastodon":{"url":"https:\/\/pubeurope.com\/@es\/116568329030786758","error":""},"_links":{"self":[{"href":"https:\/\/www.europesays.com\/es\/wp-json\/wp\/v2\/posts\/549209","targetHints":{"allow":["GET"]}}],"collection":[{"href":"https:\/\/www.europesays.com\/es\/wp-json\/wp\/v2\/posts"}],"about":[{"href":"https:\/\/www.europesays.com\/es\/wp-json\/wp\/v2\/types\/post"}],"author":[{"embeddable":true,"href":"https:\/\/www.europesays.com\/es\/wp-json\/wp\/v2\/users\/2"}],"replies":[{"embeddable":true,"href":"https:\/\/www.europesays.com\/es\/wp-json\/wp\/v2\/comments?post=549209"}],"version-history":[{"count":0,"href":"https:\/\/www.europesays.com\/es\/wp-json\/wp\/v2\/posts\/549209\/revisions"}],"wp:featuredmedia":[{"embeddable":true,"href":"https:\/\/www.europesays.com\/es\/wp-json\/wp\/v2\/media\/549210"}],"wp:attachment":[{"href":"https:\/\/www.europesays.com\/es\/wp-json\/wp\/v2\/media?parent=549209"}],"wp:term":[{"taxonomy":"category","embeddable":true,"href":"https:\/\/www.europesays.com\/es\/wp-json\/wp\/v2\/categories?post=549209"},{"taxonomy":"post_tag","embeddable":true,"href":"https:\/\/www.europesays.com\/es\/wp-json\/wp\/v2\/tags?post=549209"}],"curies":[{"name":"wp","href":"https:\/\/api.w.org\/{rel}","templated":true}]}}