{"id":549569,"date":"2026-05-13T21:11:10","date_gmt":"2026-05-13T21:11:10","guid":{"rendered":"https:\/\/www.europesays.com\/es\/549569\/"},"modified":"2026-05-13T21:11:10","modified_gmt":"2026-05-13T21:11:10","slug":"getafe-mallorca-en-directo","status":"publish","type":"post","link":"https:\/\/www.europesays.com\/es\/549569\/","title":{"rendered":"Getafe &#8211; Mallorca en directo"},"content":{"rendered":"<p>                    \u00daltima hora y resultado del Getafe vs Mallorca<\/p>\n<p class=\"ue-c-article__paragraph \">\u00a1\u00a1\u00a1MUYYYY BUENAS NOCHES A TOD@SS FAMILIAAA Y BIENVENIDOSSSS A ESTE PARTIDAZO DE LALIGA EA SPORTS!!!! <strong>Getafe y Mallorca<\/strong> se enfrentar\u00e1n en un partido en el que hay mucho en juego. Por aqu\u00ed nos encargaremos de lo que compete en este duelo de la<strong> jornada 36<\/strong> de Primera divisi\u00f3n&#8230; Ya en la recta final.<\/p>\n<p class=\"ue-c-article__paragraph \">El Coliseum apretar\u00e1 para cumplir con el hito europeo. <strong>Los del sur de Madrid tienen ante s\u00ed una gran oportunidad de meterse por cuarta temporada en Europa<\/strong>, algo que no consiguen desde hace seis campa\u00f1as. El alicantino podr\u00e1 contar con todos sus hombres, a excepci\u00f3n de<strong> Abqar, sancionado, y Juanmi, lesionado, <\/strong>en una lista en la que adem\u00e1s Dami\u00e1n C\u00e1ceres, del filial, estar\u00e1 presente.<\/p>\n<p class=\"ue-c-article__paragraph \">El <strong>Mallorca<\/strong> se juega la vida, y trae a un delantero, <strong>Muriqi, que tiene una buena ocasi\u00f3n de cazar a Mbapp\u00e9<\/strong> en la lucha por el Pichichi. Buscar\u00e1 en el Coliseum sumar para dejar los<strong> 39 puntos que marcan ahora el descenso<\/strong> tras vencer ayer el Levante en Vigo. Para ello, el t\u00e9cnico argentino Mart\u00edn Demichelis sigue acumulando bajas, esta vez en forma de sanci\u00f3n, de uno de los hombres mas destacados en clave bermellona. <strong>Samu Costa <\/strong>se pierde la \u00abbatalla\u00bb.<\/p>\n<p class=\"ue-c-article__paragraph \">Desde ya mismo<strong> les iremos contando todas las novedades que rodean al choque que decidir\u00e1 Europa u el abismo: <\/strong>alineaciones probables, ambiente previo, datos y estad\u00edsticas&#8230;. No olviden seguir conectados en <strong>MARCA.com <\/strong>o si lo prefieren en<strong> Radio MARCA <\/strong>para no perderos nada \u00bfEst\u00e1n preparados para este gran enfrentamiento? \u00a1Venga que eeeeeeeeeeeeeeeeempezamos!<\/p>\n","protected":false},"excerpt":{"rendered":"\u00daltima hora y resultado del Getafe vs Mallorca \u00a1\u00a1\u00a1MUYYYY BUENAS NOCHES A TOD@SS FAMILIAAA Y BIENVENIDOSSSS A ESTE&hellip;\n","protected":false},"author":2,"featured_media":549570,"comment_status":"","ping_status":"","sticky":false,"template":"","format":"standard","meta":{"footnotes":""},"categories":[268],"tags":[168,25,24,280,282,3303,1945,13752,281,23,167],"class_list":["post-549569","post","type-post","status-publish","format-standard","has-post-thumbnail","category-futbol","tag-deportes","tag-es","tag-espana","tag-football","tag-futbol","tag-getafe-cf","tag-primera-division","tag-rcd-mallorca","tag-soccer","tag-spain","tag-sports"],"share_on_mastodon":{"url":"https:\/\/pubeurope.com\/@es\/116569328023802146","error":""},"_links":{"self":[{"href":"https:\/\/www.europesays.com\/es\/wp-json\/wp\/v2\/posts\/549569","targetHints":{"allow":["GET"]}}],"collection":[{"href":"https:\/\/www.europesays.com\/es\/wp-json\/wp\/v2\/posts"}],"about":[{"href":"https:\/\/www.europesays.com\/es\/wp-json\/wp\/v2\/types\/post"}],"author":[{"embeddable":true,"href":"https:\/\/www.europesays.com\/es\/wp-json\/wp\/v2\/users\/2"}],"replies":[{"embeddable":true,"href":"https:\/\/www.europesays.com\/es\/wp-json\/wp\/v2\/comments?post=549569"}],"version-history":[{"count":0,"href":"https:\/\/www.europesays.com\/es\/wp-json\/wp\/v2\/posts\/549569\/revisions"}],"wp:featuredmedia":[{"embeddable":true,"href":"https:\/\/www.europesays.com\/es\/wp-json\/wp\/v2\/media\/549570"}],"wp:attachment":[{"href":"https:\/\/www.europesays.com\/es\/wp-json\/wp\/v2\/media?parent=549569"}],"wp:term":[{"taxonomy":"category","embeddable":true,"href":"https:\/\/www.europesays.com\/es\/wp-json\/wp\/v2\/categories?post=549569"},{"taxonomy":"post_tag","embeddable":true,"href":"https:\/\/www.europesays.com\/es\/wp-json\/wp\/v2\/tags?post=549569"}],"curies":[{"name":"wp","href":"https:\/\/api.w.org\/{rel}","templated":true}]}}