{"id":549692,"date":"2026-05-13T22:53:23","date_gmt":"2026-05-13T22:53:23","guid":{"rendered":"https:\/\/www.europesays.com\/es\/549692\/"},"modified":"2026-05-13T22:53:23","modified_gmt":"2026-05-13T22:53:23","slug":"charli-xcx-nos-ensena-su-lado-mas-vulnerable-en-un-adelanto-de-la-cara-b-de-su-inminente-album","status":"publish","type":"post","link":"https:\/\/www.europesays.com\/es\/549692\/","title":{"rendered":"Charli XCX nos ense\u00f1a su lado m\u00e1s vulnerable en un adelanto de la cara b de su inminente \u00e1lbum"},"content":{"rendered":"<p><a href=\"https:\/\/los40.com\/2026\/05\/08\/rock-music-charli-xcx-redefine-el-genero-a-su-manera-e-introduce-su-nueva-era-pos-brat\/\" target=\"_blank\" rel=\"nofollow noopener\" title=\"https:\/\/los40.com\/2026\/05\/08\/rock-music-charli-xcx-redefine-el-genero-a-su-manera-e-introduce-su-nueva-era-pos-brat\/\"><b>Charli XCX<\/b><\/a><b> <\/b>no piensa bajar el ritmo nunca. Y nos encanta. Apenas unos d\u00edas despu\u00e9s de lanzar su explosiva canci\u00f3n <a href=\"https:\/\/los40.com\/2026\/05\/04\/charli-xcx-dice-no-al-rock-pero-adelanta-rock-music\/\" target=\"_blank\" rel=\"nofollow noopener\" title=\"https:\/\/los40.com\/2026\/05\/04\/charli-xcx-dice-no-al-rock-pero-adelanta-rock-music\/\"><b>Rock Music<\/b><\/a>, la cantante ahora ha sorprendido a sus seguidores con un nuevo tema mucho m\u00e1s introspectivo: <b>I Keep On Thinking Bout You Every Single Day and Night<\/b>. Una canci\u00f3n publicada de forma exclusiva en su cuenta alternativa de Instagram \u00ab@b.sides\u00bb, y acompa\u00f1ada por un videoclip en blanco y negro grabado en Kyoto. De hecho, ha advertido a sus seguidores a guardarse el audio si quieren conservarlo, ya que por ahora, no planea lanzarlo de forma digital. <\/p>\n<p><b>Un tema m\u00e1s \u00edntimo y emocional<\/b><\/p>\n<p>Si <b>Rock Music<\/b> estaba protagonizada por guitarras bastante agresivas y una energ\u00eda bien ca\u00f3tica, esta nueva canci\u00f3n muestra una cara completamente distinta de Charli. La producci\u00f3n, producida por A.G. Cook y Finn Keane, apuesta por una atm\u00f3sfera mucho m\u00e1s suave y melanc\u00f3lica donde la artista reflexiona sobre sentimientos confusos hacia una amistad que podr\u00eda convertirse en algo m\u00e1s. <\/p>\n<p><b>I Keep On Thinking Bout You Every Single Day and Night <\/b>ha llamado especialmente la atenci\u00f3n por algunas de sus letras, donde Charli juega con la posibilidad de sentirse atra\u00edda por una mujer y cuestiona su propia identidad. Las referencias a la sexualidad y a las relaciones ambiguas han provocado una aut\u00e9ntica avalancha de teor\u00edas en redes sociales. <\/p>\n<p><img decoding=\"async\" src=\"https:\/\/los40.com\/pf\/resources\/img\/logo-40-v-c.svg?d=981\" alt=\"LOS40\" class=\"i-pro\" width=\"68\" height=\"68\" loading=\"lazy\"\/><b>Una era m\u00e1s rockera y cinematogr\u00e1fica<\/b><\/p>\n<p>Todo apunta a que <a href=\"https:\/\/los40.com\/2026\/04\/30\/quieres-componer-con-charli-xcx-la-artista-invita-a-sus-fans-a-una-masterclass\/\" target=\"_blank\" rel=\"nofollow noopener\" title=\"https:\/\/los40.com\/2026\/04\/30\/quieres-componer-con-charli-xcx-la-artista-invita-a-sus-fans-a-una-masterclass\/\"><b>Charli XCX <\/b><\/a>est\u00e1 construyendo una nueva era musical mucho m\u00e1s rockera y guitarrera tras el impacto global que tuvo con<b> <\/b><a href=\"https:\/\/los40.com\/2025\/06\/07\/un-ano-de-brat-el-disco-que-elevo-a-charli-xcx-hasta-el-mainstream-a-ritmo-de-rave-beefs-y-crisis-existenciales\/\" target=\"_blank\" rel=\"nofollow noopener\" title=\"https:\/\/los40.com\/2025\/06\/07\/un-ano-de-brat-el-disco-que-elevo-a-charli-xcx-hasta-el-mainstream-a-ritmo-de-rave-beefs-y-crisis-existenciales\/\"><b>Brat<\/b><\/a>. Adem\u00e1s, la artista brit\u00e1nica contin\u00faa expandiendo su carrera en el cine. La cantante ha participado recientemente en varios proyectos audiovisuales y prepara nuevas pel\u00edculas mientras desarrolla su pr\u00f3ximo disco, que debe estar al caer. <\/p>\n<p><b>Letra de <\/b><b>I Keep On Thinking Bout You Every Single Day and Night<\/b><\/p>\n<p>Maybe we could become each other<\/p>\n<p>Like somethin&#8217; out of a Jacques Rivette movie or somethin&#8217;<\/p>\n<p>I wonder if I just want you as my best friend<\/p>\n<p>Or maybe if I&#8217;m a really late bloomer<\/p>\n<p>I keep thinkin&#8217; &#8216;bout you, every single day<\/p>\n<p>I keep thinkin&#8217; &#8216;bout you, every single night<\/p>\n<p>Thinkin&#8217; &#8216;bout you for every single day<\/p>\n<p>I keep thinkin&#8217; &#8216;bout you, every single night<\/p>\n<p>Now I&#8217;m wondering if I maybe could be gay<\/p>\n<p>But come on, look at me, I&#8217;m probably not<\/p>\n<p>I&#8217;ve always wondered if you were actually gay<\/p>\n<p>Or if that&#8217;s som\u0435thing you just say for your career<\/p>\n<p>I keep thinkin&#8217; &#8216;bout you, every single day<\/p>\n<p>I keep thinkin&#8217; &#8216;bout you, \u0435very single night<\/p>\n<p>Thinkin&#8217; &#8216;bout you for every single day<\/p>\n<p>I keep thinkin&#8217; &#8216;bout you, every single night<\/p>\n","protected":false},"excerpt":{"rendered":"Charli XCX no piensa bajar el ritmo nunca. Y nos encanta. Apenas unos d\u00edas despu\u00e9s de lanzar su&hellip;\n","protected":false},"author":2,"featured_media":549693,"comment_status":"","ping_status":"","sticky":false,"template":"","format":"standard","meta":{"footnotes":""},"categories":[170],"tags":[146,147,25,24,184,185,96386,23],"class_list":["post-549692","post","type-post","status-publish","format-standard","has-post-thumbnail","category-musica","tag-entertainment","tag-entretenimiento","tag-es","tag-espana","tag-music","tag-musica","tag-pmarc","tag-spain"],"share_on_mastodon":{"url":"https:\/\/pubeurope.com\/@es\/116569729905741724","error":""},"_links":{"self":[{"href":"https:\/\/www.europesays.com\/es\/wp-json\/wp\/v2\/posts\/549692","targetHints":{"allow":["GET"]}}],"collection":[{"href":"https:\/\/www.europesays.com\/es\/wp-json\/wp\/v2\/posts"}],"about":[{"href":"https:\/\/www.europesays.com\/es\/wp-json\/wp\/v2\/types\/post"}],"author":[{"embeddable":true,"href":"https:\/\/www.europesays.com\/es\/wp-json\/wp\/v2\/users\/2"}],"replies":[{"embeddable":true,"href":"https:\/\/www.europesays.com\/es\/wp-json\/wp\/v2\/comments?post=549692"}],"version-history":[{"count":0,"href":"https:\/\/www.europesays.com\/es\/wp-json\/wp\/v2\/posts\/549692\/revisions"}],"wp:featuredmedia":[{"embeddable":true,"href":"https:\/\/www.europesays.com\/es\/wp-json\/wp\/v2\/media\/549693"}],"wp:attachment":[{"href":"https:\/\/www.europesays.com\/es\/wp-json\/wp\/v2\/media?parent=549692"}],"wp:term":[{"taxonomy":"category","embeddable":true,"href":"https:\/\/www.europesays.com\/es\/wp-json\/wp\/v2\/categories?post=549692"},{"taxonomy":"post_tag","embeddable":true,"href":"https:\/\/www.europesays.com\/es\/wp-json\/wp\/v2\/tags?post=549692"}],"curies":[{"name":"wp","href":"https:\/\/api.w.org\/{rel}","templated":true}]}}